{"id":130755,"date":"2025-09-22T01:35:12","date_gmt":"2025-09-22T01:35:12","guid":{"rendered":"https:\/\/www.europesays.com\/es\/130755\/"},"modified":"2025-09-22T01:35:12","modified_gmt":"2025-09-22T01:35:12","slug":"semana-europea-de-la-movilidad","status":"publish","type":"post","link":"https:\/\/www.europesays.com\/es\/130755\/","title":{"rendered":"SEMANA EUROPEA DE LA MOVILIDAD"},"content":{"rendered":"<p class=\"ft-text\">La<strong> marcha ciclista nocturna volvi\u00f3 a ser, un a\u00f1o m\u00e1s, la actividad estrella <\/strong>de la<a class=\"ft-link ft-link--decoration\" href=\"https:\/\/www.transportes.gob.es\/movilidad-sostenible\/semana-europea-movilidad\" target=\"_blank\" rel=\"nofollow noopener\"> Semana Europea da Mobilidade<\/a> que convoca el <a class=\"ft-link ft-link--decoration\" href=\"https:\/\/www.concellodeames.gal\/\" target=\"_blank\" rel=\"nofollow noopener\">Concello de Ames<\/a>, batiendo el r\u00e9cord de anotaciones con 340 participantes.<\/p>\n<p class=\"ft-text\">As\u00ed, y tras la jornada de juegos programada en Agri\u00f1os este s\u00e1bado, con un circuito de educaci\u00f3n viaria,<strong> el domingo llegar\u00e1 la primera edici\u00f3n del Ames Gravel Social Ride <\/strong>que organiza el<a class=\"ft-link ft-link--decoration\" href=\"https:\/\/www.ccames.com\/\" target=\"_blank\" rel=\"nofollow noopener\"> Club Ciclista Ames <\/a>en colaboraci\u00f3n con la concejal\u00eda de Deportes (salida a las 09.30 horas desde el Pazo da Peregrina para recorrer 43 km con un desnivel de 700 metros).<\/p>\n<p class=\"ft-text\">El edil de Mobilidade, V\u00edctor Fern\u00e1ndez, destacaba que \u00aba participaci\u00f3n na marcha ciclista nocturna non deixa de medrar, o que significa que \u00e9 unha actividade que gusta \u00e1 veci\u00f1anza, que cada vez est\u00e1 m\u00e1is concienciada da <strong>necesidade do uso de modos de transporte sostibles, especialmente o transporte p\u00fablico, a bici ou a p\u00e9<\/strong>\u00bb.<\/p>\n","protected":false},"excerpt":{"rendered":"La marcha ciclista nocturna volvi\u00f3 a ser, un a\u00f1o m\u00e1s, la actividad estrella de la Semana Europea da&hellip;\n","protected":false},"author":2,"featured_media":130756,"comment_status":"","ping_status":"","sticky":false,"template":"","format":"standard","meta":{"footnotes":""},"categories":[273],"tags":[4721,313,1757,312,168,25,24,1767,3402,11028,4722,23,167,5535],"class_list":{"0":"post-130755","1":"post","2":"type-post","3":"status-publish","4":"format-standard","5":"has-post-thumbnail","7":"category-ciclismo","8":"tag-bate","9":"tag-ciclismo","10":"tag-ciclista","11":"tag-cycling","12":"tag-deportes","13":"tag-es","14":"tag-espana","15":"tag-juegos","16":"tag-marcha","17":"tag-nocturna","18":"tag-record","19":"tag-spain","20":"tag-sports","21":"tag-transporte"},"share_on_mastodon":{"url":"","error":""},"_links":{"self":[{"href":"https:\/\/www.europesays.com\/es\/wp-json\/wp\/v2\/posts\/130755","targetHints":{"allow":["GET"]}}],"collection":[{"href":"https:\/\/www.europesays.com\/es\/wp-json\/wp\/v2\/posts"}],"about":[{"href":"https:\/\/www.europesays.com\/es\/wp-json\/wp\/v2\/types\/post"}],"author":[{"embeddable":true,"href":"https:\/\/www.europesays.com\/es\/wp-json\/wp\/v2\/users\/2"}],"replies":[{"embeddable":true,"href":"https:\/\/www.europesays.com\/es\/wp-json\/wp\/v2\/comments?post=130755"}],"version-history":[{"count":0,"href":"https:\/\/www.europesays.com\/es\/wp-json\/wp\/v2\/posts\/130755\/revisions"}],"wp:featuredmedia":[{"embeddable":true,"href":"https:\/\/www.europesays.com\/es\/wp-json\/wp\/v2\/media\/130756"}],"wp:attachment":[{"href":"https:\/\/www.europesays.com\/es\/wp-json\/wp\/v2\/media?parent=130755"}],"wp:term":[{"taxonomy":"category","embeddable":true,"href":"https:\/\/www.europesays.com\/es\/wp-json\/wp\/v2\/categories?post=130755"},{"taxonomy":"post_tag","embeddable":true,"href":"https:\/\/www.europesays.com\/es\/wp-json\/wp\/v2\/tags?post=130755"}],"curies":[{"name":"wp","href":"https:\/\/api.w.org\/{rel}","templated":true}]}}