{"id":130759,"date":"2025-09-22T01:38:10","date_gmt":"2025-09-22T01:38:10","guid":{"rendered":"https:\/\/www.europesays.com\/es\/130759\/"},"modified":"2025-09-22T01:38:10","modified_gmt":"2025-09-22T01:38:10","slug":"espana-en-el-mundial-ocho-nombres-a-seguir-en-el-campeonato-en-ruanda-marca","status":"publish","type":"post","link":"https:\/\/www.europesays.com\/es\/130759\/","title":{"rendered":"Espa\u00f1a en el Mundial: ocho nombres a seguir en el campeonato en Ruanda &#8211; MARCA"},"content":{"rendered":"<ol>\n<li><a href=\"https:\/\/news.google.com\/rss\/articles\/CBMioAFBVV95cUxOWjhmOHlONi1LeEdjRGdSYXppUlZockoxYlVFRXdmakxLZmpTNW9OcmJ6OVhVNExPZW5SMTJmc1BNNlBEZU1IVnBzaVY1WjhnQ0lrTnl3QXQxaWY2YXk1YjZQRGJoc2wzYXEwMmJMc2lFaU9fZDVWR05kVFFZejVXOUdUeElzaGN2azh1aDJfTm1CZWFrdEtHa1JhTkJTdXFx0gGgAUFVX3lxTE1NYzVscnlya2k1dHNISi1ETDc0aHhIZ1BEM1Q5RGZYa0RKdjg3ZTFnTGNiMEROb01OMGdsUFRuSEZnU09ZMTN5LTFiU3c3eHBHbjVTNnBjZWlWekRyNlNKbkllSTNkZm1Xd1NJdzlaYkhnTUVHNWZpQTE5d1JsSWxGdXlQSUlKN0FLdXVHWlhTSldLVDRxZk1wNG1lQUxULV8?oc=5\" target=\"_blank\" rel=\"nofollow noopener\">Espa\u00f1a en el Mundial: ocho nombres a seguir en el campeonato en Ruanda<\/a>&nbsp;&nbsp;MARCA<\/li>\n<li><a href=\"https:\/\/news.google.com\/rss\/articles\/CBMiyAFBVV95cUxPTkgwTjhBXzYzZWxjbVd5MWtwRk4zVEVQZTJQQ3NtWWdsOEwtRklrRk81VnExTlNuSGxoamU1cG9WTzhUcFJfRXNLSDVKa2dFaXZWeWd1OUZFRk1OTFI0M0czMDY4bjFFdGZWZ3N2TVpGbmNiSGlIZVU0bnVCNVBIaC13MXdTYzNYa3NzcFJ2cjgzVGdVZEtGdTNMMndveC05THE1NTRmdGQySjlMejkxZXo0eHJCeUhqWlJCc3pqM1pfeThfSWotVA?oc=5\" target=\"_blank\" rel=\"nofollow noopener\">Iv\u00e1n Romeo inaugura para Espa\u00f1a el cuestionado Mundial de ciclismo de Ruanda<\/a>&nbsp;&nbsp;EL PA\u00cdS<\/li>\n<li><a href=\"https:\/\/news.google.com\/rss\/articles\/CBMiyAFBVV95cUxOT0tSbEgxOVE2ZjBvYUhWVzgzZkE0cjNYcUpYN0d4TDVILXRGV0FsM0Fxd0VDSzZ6ek5zQ0NCdFFwYVFRdE9BSXBTMGUwWUpHSXk1X2N1aWNtMlpsQldGa0s0b3Q4SXdmMkNRZFRITGloNFVuQWtDUEtCN1g5UnliODVlTTZMUzFfaTRQblFuRkRKS1JxVWZYdmRNc0RfOFJQLXpzY1dDTEJDVW4tNXE0dkJEcEVsdUJJaEFRclZqeEJxUFpNTTJMTQ?oc=5\" target=\"_blank\" rel=\"nofollow noopener\">No fue la crono de Romeo, fue la de Remco<\/a>&nbsp;&nbsp;El Norte de Castilla<\/li>\n<li><a href=\"https:\/\/news.google.com\/rss\/articles\/CBMixAFBVV95cUxNLTVFbHRkYjJzQlVmVFBseUJQQVpmNWRxeXVVSngySUhyWjMzdDJLTnZLM1lRRUdxMGNuNVhaQ090R2J4VTNKa2VwU1E2Zlh6X3N4NXdrUV8tX3RDYWpQYkxpZFRZUmRYbzhmdS1mWjN4dGdqWmVQcjBfWW5BdlY1Wno2QmhsRFdoQ1JYamUxY2c1STNCckdoNnFKRng4WnJJbjc5LXNZM3QwdlZpWUtDMlg2c0pYTGNBbjVMaWxGaF9jaEtp0gHEAUFVX3lxTFBHUHBlUUZIckxUNF9tR2xrTkhMVDhLRmMtMWg2eUZJdjBTWjdydVpNMmdyYXFXNEI3UEhyd2wwR3lfUVZ0dHZocS1BbE4yVTloNERqWVdtNXBFMFZ0RVRacnN0NDh0eXU5cEMwVGlUNkt4OFFqSlFOb09ab0VDOEMyeG9jcGFVdzJ5b2ZhUlF0Z1B4TmotYWFadkFSZkZWYURvd3paTjJjSDVZeGctU1VVZVQyYXpSYmJ5NlB3dU05UmtNQzc?oc=5\" target=\"_blank\" rel=\"nofollow noopener\">Juan Ayuso y Mavi Garc\u00eda lideran a Espa\u00f1a en los Mundiales de ciclismo de Ruanda<\/a>&nbsp;&nbsp;RTVE.es<\/li>\n<li><a href=\"https:\/\/news.google.com\/rss\/articles\/CBMiakFVX3lxTE9jdkxob2hvTDB3bzY4MTNVTW1ZN1E5THVveV9YOFFfbFBhLUVpdkl3WmEyN3pSUThTM1pXaEVORGxNVEN1NEhUendzSWJVSlE5UjFPaHFsRXFjTTBKUmdVVzJmWE1RUW8wQlE?oc=5\" target=\"_blank\" rel=\"nofollow noopener\">Mundial de ciclismo: Ra\u00fal Garc\u00eda Pierna: \u00abVa a ser un esfuerzo largo y duro de cabeza\u00bb<\/a>&nbsp;&nbsp;Ciclismo<\/li>\n<\/ol>\n","protected":false},"excerpt":{"rendered":"Espa\u00f1a en el Mundial: ocho nombres a seguir en el campeonato en Ruanda&nbsp;&nbsp;MARCA Iv\u00e1n Romeo inaugura para Espa\u00f1a&hellip;\n","protected":false},"author":2,"featured_media":130760,"comment_status":"","ping_status":"","sticky":false,"template":"","format":"standard","meta":{"footnotes":""},"categories":[268],"tags":[168,25,24,280,282,281,23,167],"class_list":{"0":"post-130759","1":"post","2":"type-post","3":"status-publish","4":"format-standard","5":"has-post-thumbnail","7":"category-futbol","8":"tag-deportes","9":"tag-es","10":"tag-espana","11":"tag-football","12":"tag-futbol","13":"tag-soccer","14":"tag-spain","15":"tag-sports"},"share_on_mastodon":{"url":"","error":""},"_links":{"self":[{"href":"https:\/\/www.europesays.com\/es\/wp-json\/wp\/v2\/posts\/130759","targetHints":{"allow":["GET"]}}],"collection":[{"href":"https:\/\/www.europesays.com\/es\/wp-json\/wp\/v2\/posts"}],"about":[{"href":"https:\/\/www.europesays.com\/es\/wp-json\/wp\/v2\/types\/post"}],"author":[{"embeddable":true,"href":"https:\/\/www.europesays.com\/es\/wp-json\/wp\/v2\/users\/2"}],"replies":[{"embeddable":true,"href":"https:\/\/www.europesays.com\/es\/wp-json\/wp\/v2\/comments?post=130759"}],"version-history":[{"count":0,"href":"https:\/\/www.europesays.com\/es\/wp-json\/wp\/v2\/posts\/130759\/revisions"}],"wp:featuredmedia":[{"embeddable":true,"href":"https:\/\/www.europesays.com\/es\/wp-json\/wp\/v2\/media\/130760"}],"wp:attachment":[{"href":"https:\/\/www.europesays.com\/es\/wp-json\/wp\/v2\/media?parent=130759"}],"wp:term":[{"taxonomy":"category","embeddable":true,"href":"https:\/\/www.europesays.com\/es\/wp-json\/wp\/v2\/categories?post=130759"},{"taxonomy":"post_tag","embeddable":true,"href":"https:\/\/www.europesays.com\/es\/wp-json\/wp\/v2\/tags?post=130759"}],"curies":[{"name":"wp","href":"https:\/\/api.w.org\/{rel}","templated":true}]}}