{"id":130761,"date":"2025-09-22T01:39:10","date_gmt":"2025-09-22T01:39:10","guid":{"rendered":"https:\/\/www.europesays.com\/es\/130761\/"},"modified":"2025-09-22T01:39:10","modified_gmt":"2025-09-22T01:39:10","slug":"estamos-todos-juntos-viviendo-momentos-muy-dificiles","status":"publish","type":"post","link":"https:\/\/www.europesays.com\/es\/130761\/","title":{"rendered":"\u201cEstamos todos juntos viviendo momentos muy dif\u00edciles\u201d"},"content":{"rendered":"<p data-gtm-element-container=\"modulo-texto-link\" class=\"paragraph\">A principios de septiembre, Angelina Jolie rompi\u00f3 a llorar durante la presentaci\u00f3n de Couture en el festival de Toronto. Y es que la pel\u00edcula dirigida por la francesa Alice Winocour, guarda una conexi\u00f3n especial con la actriz estadounidense, ya que su personaje es diagnosticada de c\u00e1ncer de mama, una enfermedad de la que murieron muy j\u00f3venes su  madre y abuela. Este domingo, durante su visita rel\u00e1mpago al festival de San Sebasti\u00e1n, donde este filme ambientado en la Semana de la Moda de Par\u00eds compite por la Concha de Oro, Jolie no ha derramado ninguna l\u00e1grima porque ha dicho que no quer\u00eda, pero poco le ha faltado porque estaba \u201cmuy emocionada\u201d.<\/p>\n<p>                <img loading=\"lazy\" decoding=\"async\" data-full-src=\"https:\/\/www.lavanguardia.com\/uploads\/2025\/09\/21\/68d05766f0520.jpeg\" alt=\"Horizontal\" width=\"449\" height=\"294\" src=\"https:\/\/www.europesays.com\/es\/wp-content\/uploads\/2025\/09\/68d05766f0520.jpeg\" class=\"lazy\"\/><\/p>\n<p class=\"caption-title \">Angelina Jolie, posa a su llegada a la 73 edici\u00f3n del Festival Internacional de cine de San Sebasti\u00e1n donde presenta su pel\u00edcula \u201cCouture\u201d.\u00a0<\/p>\n<p>                    Juan Herrero \/ EFE<\/p>\n<p data-gtm-element-container=\"modulo-texto-link\" class=\"paragraph\">Ella misma decidi\u00f3 someterse en el 2013 a una doble mastectom\u00eda preventiva tras descubrir que portaba el gen BRCA1, lo que la pon\u00eda en alto riesgo de desarrollar c\u00e1ncer de mama.  \u201cMe hice la doble mastectom\u00eda y tambi\u00e9n me quit\u00e9 los ovarios porque tengo el gen y fue mi elecci\u00f3n personal\u201d. De hecho, tal y como le record\u00f3 una periodista, en la pel\u00edcula Jolie lleva un collar de su madre, la actriz francesa Marcheline Bertrand, en quien pens\u00f3 durante el rodaje \u201cen todos los momentos que ella hab\u00eda atravesado\u201d.\u00a0Y ha a\u00f1adido: \u201cLos c\u00e1nceres de mujeres afectan a c\u00f3mo nos sentimos como mujeres, por tanto es un mensaje muy importante entender c\u00f3mo muestra el viaje esta pel\u00edcula\u201d, ha manifestado en una abarrotada rueda de prensa que comenz\u00f3 con cerca de media hora de retraso.<\/p>\n<p>    Lee tambi\u00e9n<\/p>\n<p data-gtm-element-container=\"modulo-texto-link\" class=\"paragraph\">La intensa lluvia que ha ca\u00eddo por la tarde ha hecho que su paso por la alfombra roja del Kursaal fuera breve, aunque Jolie desafi\u00f3 el tiempo adverso con un vestido de tirantes negro y desplegando la mejor de sus sonrisas mientras se hac\u00eda algunas fotos con sus admiradores, que llevaban hasta dos horas esper\u00e1ndola.<\/p>\n<p>                <img loading=\"lazy\" decoding=\"async\" data-full-src=\"https:\/\/www.lavanguardia.com\/uploads\/2025\/09\/21\/68d057ff3849a.jpeg\" alt=\"Horizontal\" width=\"449\" height=\"324\" src=\"https:\/\/www.europesays.com\/es\/wp-content\/uploads\/2025\/09\/68d057ff3849a.jpeg\" class=\"lazy\"\/><\/p>\n<p class=\"caption-title \">Es la primera vez que Angelina Jolie acude al festival donostiarra\u00a0<\/p>\n<p>                    ANDER GILLENEA \/ AFP<\/p>\n<p data-gtm-element-container=\"modulo-texto-link\" class=\"paragraph\">En la pel\u00edcula, que tambi\u00e9n produce, la actriz interpreta a Maxine, una directora de cine de terror que es invitada a participar en el desfile de moda con uno de sus proyectos vamp\u00edricos. Durante su estancia en la capital francesa recibe un inesperado diagn\u00f3stico de c\u00e1ncer de mama. En pleno proceso de separaci\u00f3n de su marido y con una hija adolescente, le toca afrontar lejos de casa desaf\u00edos familiares, art\u00edsticos y personales.<\/p>\n<p data-gtm-element-container=\"modulo-texto-link\" class=\"paragraph\">Adem\u00e1s de su personaje, la cinta aborda las historias de Ada (Anyer Anei), una joven modelo de Sud\u00e1n del Sur, y Ang\u00e8le (Ella Rumpf), maquilladora francesa que trabaja entre bambalinas en los desfiles y sue\u00f1a con ser escritora. Las tres actrices estuvieron en la rueda de prensa junto al actor Louis Garrel y Winocour, que ya compiti\u00f3 en el certamen donostiarra en el 2019 con Pr\u00f3xima. Con este relato de historias cruzadas en la superficialidad del mundo de la moda \u201cquer\u00eda hablar de mujeres conectadas entre s\u00ed y compartiendo puntadas\u201d, comenta la realizadora.<\/p>\n<blockquote>\n<p>        Amo mi pa\u00eds, pero no lo reconozco en este momento<\/p>\n<\/blockquote>\n<p data-gtm-element-container=\"modulo-texto-link\" class=\"paragraph\">Preguntada sobre a qu\u00e9 le tiene miedo como artista y como ciudadana estadounidense, la protagonista de Mal\u00e9fica se ha tomado su tiempo para responder: \u201cAmo mi pa\u00eds, pero no lo reconozco en este momento\u201d. \u201cSiempre he vivido a nivel internacional, mi familia, mis amigos, mi vida y visi\u00f3n es internacional. Cualquier cosa en cualquier parte que divide o limita las expresiones personales y las libertades de cualquier persona es algo muy peligroso y son tiempos tan serios que hay que tener cuidado con lo que se dice. Estamos todos juntos viviendo momentos muy dif\u00edciles\u201d.<\/p>\n<p>                <img loading=\"lazy\" decoding=\"async\" data-full-src=\"https:\/\/www.lavanguardia.com\/uploads\/2025\/09\/21\/68d05dba4ef67.jpeg\" alt=\"Angelina Jolie y Louis Garrel en la pel\u00edcula\" width=\"449\" height=\"301\" src=\"https:\/\/www.europesays.com\/es\/wp-content\/uploads\/2025\/09\/68d05dba4ef67.jpeg\" class=\"lazy\"\/><\/p>\n<p class=\"caption-title \">Angelina Jolie y Louis Garrel en la pel\u00edcula<\/p>\n<p data-gtm-element-container=\"modulo-texto-link\" class=\"paragraph\">En opini\u00f3n de la int\u00e9rprete, en el filme \u201cexiste una guerra y un deseo de vivir una vida libre sin sufrimiento. Yo creo que esto es un poco la condici\u00f3n y existencia humana para todos. Algunos se encuentran en los puntos extremos de un conflicto real y algunos de nosotros sabemos que alguien que queremos est\u00e1 sufriendo a t\u00edtulo personal. Siempre estamos unidos como seres humanos\u201d, ha concluido sin derramar ninguna l\u00e1grima.<\/p>\n","protected":false},"excerpt":{"rendered":"A principios de septiembre, Angelina Jolie rompi\u00f3 a llorar durante la presentaci\u00f3n de Couture en el festival de&hellip;\n","protected":false},"author":2,"featured_media":130762,"comment_status":"","ping_status":"","sticky":false,"template":"","format":"standard","meta":{"footnotes":""},"categories":[174],"tags":[255,146,147,25,24,256,23],"class_list":{"0":"post-130761","1":"post","2":"type-post","3":"status-publish","4":"format-standard","5":"has-post-thumbnail","7":"category-famosos","8":"tag-celebrities","9":"tag-entertainment","10":"tag-entretenimiento","11":"tag-es","12":"tag-espana","13":"tag-famosos","14":"tag-spain"},"share_on_mastodon":{"url":"","error":""},"_links":{"self":[{"href":"https:\/\/www.europesays.com\/es\/wp-json\/wp\/v2\/posts\/130761","targetHints":{"allow":["GET"]}}],"collection":[{"href":"https:\/\/www.europesays.com\/es\/wp-json\/wp\/v2\/posts"}],"about":[{"href":"https:\/\/www.europesays.com\/es\/wp-json\/wp\/v2\/types\/post"}],"author":[{"embeddable":true,"href":"https:\/\/www.europesays.com\/es\/wp-json\/wp\/v2\/users\/2"}],"replies":[{"embeddable":true,"href":"https:\/\/www.europesays.com\/es\/wp-json\/wp\/v2\/comments?post=130761"}],"version-history":[{"count":0,"href":"https:\/\/www.europesays.com\/es\/wp-json\/wp\/v2\/posts\/130761\/revisions"}],"wp:featuredmedia":[{"embeddable":true,"href":"https:\/\/www.europesays.com\/es\/wp-json\/wp\/v2\/media\/130762"}],"wp:attachment":[{"href":"https:\/\/www.europesays.com\/es\/wp-json\/wp\/v2\/media?parent=130761"}],"wp:term":[{"taxonomy":"category","embeddable":true,"href":"https:\/\/www.europesays.com\/es\/wp-json\/wp\/v2\/categories?post=130761"},{"taxonomy":"post_tag","embeddable":true,"href":"https:\/\/www.europesays.com\/es\/wp-json\/wp\/v2\/tags?post=130761"}],"curies":[{"name":"wp","href":"https:\/\/api.w.org\/{rel}","templated":true}]}}