{"id":130763,"date":"2025-09-22T01:40:12","date_gmt":"2025-09-22T01:40:12","guid":{"rendered":"https:\/\/www.europesays.com\/es\/130763\/"},"modified":"2025-09-22T01:40:12","modified_gmt":"2025-09-22T01:40:12","slug":"tuesday-to-friday-reune-a-sus-artistas-para-celebrar-su-5o-aniversario","status":"publish","type":"post","link":"https:\/\/www.europesays.com\/es\/130763\/","title":{"rendered":"Tuesday to Friday re\u00fane a sus artistas para celebrar su 5\u00ba aniversario"},"content":{"rendered":"<p>VAL\u00c8NCIA.\u00a0Hace cinco veranos, en septiembre del a\u00f1o 2020, la galer\u00eda valenciana Tuesday to Friday abr\u00eda sus puertas en el barrio de Ruzafa, para mudarse dos a\u00f1os m\u00e1s tarde <a href=\"https:\/\/valenciaplaza.com\/arte-museos-fotografia-valencia-comunitat-valenciana\/el-mapa-galeristico-de-valencia-sigue-mutando-tuesday-to-friday-cambia-de-sede\" rel=\"nofollow noopener\" target=\"_blank\">a la zona de Extramurs<\/a>. En sus maletas llevaron, como no puede ser de otra manera, sus ganas de seguir exhibiendo arte de todas las partes del globo, su intenci\u00f3n de ofrecer una visi\u00f3n libre de complejos del arte y las ganas de evolucionar. Para transportarlas no dudaron en contar con sus fieles compa\u00f1eros de viaje: los artistas, que este a\u00f1o reciben un reconocimiento especial con motivo del 5\u00ba aniversario de la galer\u00eda, a trav\u00e9s de la muestra Nice to see you \/ Hope to see you again, que formar\u00e1 parte <a href=\"https:\/\/valenciaplaza.com\/arte-museos-fotografia-valencia-comunitat-valenciana\/el-abc-de-las-galerias-de-arte-de-valencia-para-el-nuevo-curso\" rel=\"nofollow noopener\" target=\"_blank\">del recorrido de Abierto Val\u00e8ncia 2025<\/a>.<\/p>\n<p>Un homenaje a todo el arte que ha llenado las paredes de la galer\u00eda desde hace cinco a\u00f1os y que se celebra junto a 15 artistas:<strong> Fernando Tinoco, Gema Quiles, Javier Ruiz, Julio Anaya Cabanding, Liam Fallon, Lola Zoido, Mar\u00eda Tinaut, Martin Ka\u010dmarek, Ricardo Passaporte,\u00a0Michael Gao, Nico Munuera, Nieves Gonz\u00e1lez, OK Seungcheol, Tang Shuo<\/strong> y <strong>Thomas Trum<\/strong>, quienes dan sentido al espacio. Ofreciendo una mirada hacia el futuro y contando con nombres que han colaborado en el pasado con la galer\u00eda esta se presta a hacer un barrido que es capaz de \u201cabarcar desde lenguajes contempor\u00e1neos nacidos en la era digital hasta otros que se nutren de la tradici\u00f3n de la pintura\u201d, tal y como reza el texto de sala.<\/p>\n<p>En palabras <a href=\"https:\/\/valenciaplaza.com\/gema-quiles-monta-su-picnic-artistico-con-el-cesto-la-fruta-y-la-mano\" rel=\"nofollow noopener\" target=\"_blank\">de <strong>Gema Quiles<\/strong><\/a>, una de las valencianas que forma parte de esta colectiva, la exposici\u00f3n es una excelente manera de exhibir el talento que se abre hueco entre los muros de la galer\u00eda, y es un magn\u00edfico reconocimiento por parte del galerista <strong>Vicente Torres. <\/strong>Para ella el concepto Nice to see you \/ Hope to see you again (Encantados de veros \/ Nos gustar\u00eda veros otra vez) engloba una idea \u201ccontinuista\u201d que invita a que los artistas sigan trabajando: \u201cMe hace pensar en un cumplea\u00f1os, en la promesa de continuidad del proyecto por muchos a\u00f1os m\u00e1s. Formar parte de la exposici\u00f3n es participar en un trabajo en el que se celebra la galer\u00eda y a los artistas que exponen tambi\u00e9n\u201d. Un cumplea\u00f1os colectivo que se celebra con los amigos que no se han perdido ning\u00fan a\u00f1o.<\/p>\n<p>&#13;<br \/>\n<img decoding=\"async\" alt=\"Movere Fukai I, de Nico Munuera\" itemprop=\"url\" src=\"https:\/\/www.europesays.com\/es\/wp-content\/uploads\/2025\/09\/articulos-1671647.jpg\" title=\"Movere Fukai I, de Nico Munuera - \"\/>&#13;<br \/>\n&#13;<br \/>\n&#13;<\/p>\n<ul itemprop=\"caption\">&#13;<\/p>\n<li class=\"media-pie\">Movere Fukai I, de Nico Munuera &#8211;<\/li>\n<p>&#13;<\/p>\n<li class=\"media-autor\" itemprop=\"author\">\u00a0<\/li>\n<p>&#13;\n<\/ul>\n<p>&#13;<br \/>\n&#13;<\/p>\n<p>Entre los colores diluidos y las pinturas que parecen un atardecer, <a href=\"https:\/\/valenciaplaza.com\/arte-museos-fotografia-valencia-comunitat-valenciana\/nico-munuera-el-arte-no-funciona-por-pulsion-sino-por-disciplina\" rel=\"nofollow noopener\" target=\"_blank\">el artista murciano <strong>Nico Munuera<\/strong><\/a><strong> <\/strong>participa en esta particular fiesta de cumplea\u00f1os con su pieza Movere Fukai I, que le sirve como regalo de agradecimiento a la galer\u00eda por estos cinco a\u00f1os trabajando juntos. \u201cEs un ejercicio en el que hablamos del reencuentro, que es muy necesario. El arte es una pr\u00e1ctica muy compleja en la que los artistas tendemos a perdernos por el camino, junto a los coleccionistas y los visitantes a las muestras. El t\u00edtulo emana un agradecimiento a ese lugar de encuentro en el que seguimos haciendo cosas y nos mezclamos como parte de este mundillo\u201d. Para \u00e9l, esta invitaci\u00f3n a este mundillo, cobra especial significado con las piezas que se mezclan en la muestra.<\/p>\n<p>\u201cLa pintura que hay es muy heterog\u00e9nea, hay artistas j\u00f3venes, pinturas de artistas coreanos y neerlandeses que no conocemos tanto\u2026 Es maravilloso estar en un contexto tan ecl\u00e9ctico en el que el arte se convierte en un experimento que navega entre diferentes lugares\u201d. Junto a sus piezas se encuentran las del artista <strong>Fernando Tinoco, <\/strong>que participa con tres piezas: un lienzo Sin t\u00edtulo y dos papeles titulados Mira t\u00edo y Por el rabillo, una suerte de juego art\u00edstico en el que sus animales interaccionan entre ellos.<\/p>\n<p>&#13;<br \/>\n<img decoding=\"async\" alt=\"Sin t\u00edtulo, de Fernando Tinoco\" itemprop=\"url\" src=\"https:\/\/www.europesays.com\/es\/wp-content\/uploads\/2025\/09\/articulos-1671656.jpg\" title=\"Sin t\u00edtulo, de Fernando Tinoco - \"\/>&#13;<br \/>\n&#13;<br \/>\n&#13;<\/p>\n<ul itemprop=\"caption\">&#13;<\/p>\n<li class=\"media-pie\">Sin t\u00edtulo, de Fernando Tinoco &#8211;<\/li>\n<p>&#13;<\/p>\n<li class=\"media-autor\" itemprop=\"author\">\u00a0<\/li>\n<p>&#13;\n<\/ul>\n<p>&#13;<br \/>\n&#13;<\/p>\n<p>Al escuchar el t\u00edtulo de la muestra: Nice to see you \/ Hope to see you again, a Tinoco le vino a la cabeza la idea de \u201cun reencuentro entre colegas\u201d, convirtiendo Tuesday to Friday en un espacio en el que los amigos se pueden poner al d\u00eda con \u201cuna conversaci\u00f3n corta en la que te quedas con ganas de haber coincidido un ratito m\u00e1s y te vas con la cosa de ver a tus colegas pronto de nuevo\u201d. Esta reuni\u00f3n, en la que se muestra que lo bueno y breve es dos veces bueno, es tambi\u00e9n una oportunidad para los artistas se conozcan entre ellos y encuentren su lugar gracias a la colectiva: \u201cTuesday to Friday es una galer\u00eda que me ha descubierto artistas geniales, y sentir que puedo formar parte de este encuentro tan especial es un orgullo. El cartel est\u00e1 lleno de compa\u00f1eros y compa\u00f1eras que admiro. Espero ser un descubrimiento para alguien como lo fueron otras personas para m\u00ed\u201d, destaca el artista,<\/p>\n<p>Por su parte, <strong>Mar\u00eda Tinaut, <\/strong>ve en este reencuentro un espacio en el que pasado, presente y futuro se dan la mano a trav\u00e9s de una clara declaraci\u00f3n de intenciones, la del t\u00edtulo de la muestra: \u201cCreo que el t\u00edtulo de la exposici\u00f3n recoge bien el deseo del galerista de percibir este 5\u00ba aniversario de su proyecto como un puente entre el pasado (los cinco a\u00f1os de trayectoria hasta ahora) y el futuro (los a\u00f1os por venir), al decir \u201cme alegro de verte\u201d \/ \u201cespero verte de nuevo\u201d. Re\u00fane obras y lenguajes dispares y diversos, pero el denominador com\u00fan es el v\u00ednculo profesional y\/o pasado, futuro con la galer\u00eda y eso es destacable en s\u00ed mismo\u201d. Este encuentro le motiva en especial al coincidir con Abierto Val\u00e8ncia, un momento que genera mucha \u201ctracci\u00f3n y expectaci\u00f3n\u201d para los artistas, que de forma colectiva se agrupan en Tuesday to Friday contentos de volver a verse y de ponerse cara a cara con el arte que vendr\u00e1.<\/p>\n<p>&#13;<br \/>\n<img decoding=\"async\" alt=\"Becoming Tangible (after Derek Jarman), de Maria Tinaut\" itemprop=\"url\" src=\"https:\/\/www.europesays.com\/es\/wp-content\/uploads\/2025\/09\/articulos-1671649.jpg\" title=\"Becoming Tangible (after Derek Jarman), de Maria Tinaut - \"\/>&#13;<br \/>\n&#13;<br \/>\n&#13;<\/p>\n<ul itemprop=\"caption\">&#13;<\/p>\n<li class=\"media-pie\">Becoming Tangible (after Derek Jarman), de Maria Tinaut &#8211;<\/li>\n<p>&#13;<\/p>\n<li class=\"media-autor\" itemprop=\"author\">\u00a0<\/li>\n<p>&#13;\n<\/ul>\n<p>&#13;<br \/>\n&#13;<\/p>\n<p>\u00a0<\/p>\n","protected":false},"excerpt":{"rendered":"VAL\u00c8NCIA.\u00a0Hace cinco veranos, en septiembre del a\u00f1o 2020, la galer\u00eda valenciana Tuesday to Friday abr\u00eda sus puertas en&hellip;\n","protected":false},"author":2,"featured_media":130764,"comment_status":"","ping_status":"","sticky":false,"template":"","format":"standard","meta":{"footnotes":""},"categories":[173],"tags":[229,233,231,230,232,234,146,147,25,24,23],"class_list":{"0":"post-130763","1":"post","2":"type-post","3":"status-publish","4":"format-standard","5":"has-post-thumbnail","7":"category-arte-y-diseno","8":"tag-arte","9":"tag-arte-y-diseno","10":"tag-arts","11":"tag-arts-and-design","12":"tag-design","13":"tag-diseno","14":"tag-entertainment","15":"tag-entretenimiento","16":"tag-es","17":"tag-espana","18":"tag-spain"},"share_on_mastodon":{"url":"","error":""},"_links":{"self":[{"href":"https:\/\/www.europesays.com\/es\/wp-json\/wp\/v2\/posts\/130763","targetHints":{"allow":["GET"]}}],"collection":[{"href":"https:\/\/www.europesays.com\/es\/wp-json\/wp\/v2\/posts"}],"about":[{"href":"https:\/\/www.europesays.com\/es\/wp-json\/wp\/v2\/types\/post"}],"author":[{"embeddable":true,"href":"https:\/\/www.europesays.com\/es\/wp-json\/wp\/v2\/users\/2"}],"replies":[{"embeddable":true,"href":"https:\/\/www.europesays.com\/es\/wp-json\/wp\/v2\/comments?post=130763"}],"version-history":[{"count":0,"href":"https:\/\/www.europesays.com\/es\/wp-json\/wp\/v2\/posts\/130763\/revisions"}],"wp:featuredmedia":[{"embeddable":true,"href":"https:\/\/www.europesays.com\/es\/wp-json\/wp\/v2\/media\/130764"}],"wp:attachment":[{"href":"https:\/\/www.europesays.com\/es\/wp-json\/wp\/v2\/media?parent=130763"}],"wp:term":[{"taxonomy":"category","embeddable":true,"href":"https:\/\/www.europesays.com\/es\/wp-json\/wp\/v2\/categories?post=130763"},{"taxonomy":"post_tag","embeddable":true,"href":"https:\/\/www.europesays.com\/es\/wp-json\/wp\/v2\/tags?post=130763"}],"curies":[{"name":"wp","href":"https:\/\/api.w.org\/{rel}","templated":true}]}}