{"id":130767,"date":"2025-09-22T01:45:15","date_gmt":"2025-09-22T01:45:15","guid":{"rendered":"https:\/\/www.europesays.com\/es\/130767\/"},"modified":"2025-09-22T01:45:15","modified_gmt":"2025-09-22T01:45:15","slug":"espana-acaba-quinta-en-el-medallero-del-mundial-mundo-deportivo","status":"publish","type":"post","link":"https:\/\/www.europesays.com\/es\/130767\/","title":{"rendered":"Espa\u00f1a acaba quinta en el medallero del Mundial &#8211; Mundo Deportivo"},"content":{"rendered":"<ol>\n<li><a href=\"https:\/\/news.google.com\/rss\/articles\/CBMipgFBVV95cUxOSTZ6bS1hVjVvTkJab2Nld1hPVzJvWElzZXRTcWYzZWpGclJ6SklOdlB0c3NUbTdoUG8tZkdxNHU1bFJpZjNQMlhIMVRNY29NRVc2SjRqT2JLWE8wTFBQdzJ3anBIZnpJWXdZSWpsVUUwYXdsaW5rWE5ZbVlKSmlwanFSaTBfc2hWYlNoWTBtTzItaTVzLUkzcXhsalBnVE1QZmFhbDdn0gGzAUFVX3lxTFBaRzMwUHRNSE83UEdlSy1XS0dac0ZXcU1Kc2tPRFZlb0M5M09rV0pJeS1nY2FwZHJDYlMtXzNCU2NrZHcyek9mZ3JvTjN5U3VBeGUzNk1xTmF2cmVnczUtOEEyREdnMEVuNUo4RmZreGFXZEVYOEUxR3VVc3E3ZldqRl9FMHlWVXc0dUt2SE45Q0dYRVVGSWtHTkJocGdKXzdFOGZiU0R3SDRROVV4MlhvV3lr?oc=5\" target=\"_blank\" rel=\"nofollow noopener\">Espa\u00f1a acaba quinta en el medallero del Mundial<\/a>&nbsp;&nbsp;Mundo Deportivo<\/li>\n<li><a href=\"https:\/\/news.google.com\/rss\/articles\/CBMiuAFBVV95cUxORHNQSEI2bk1mRTJLSVhzQ0FrQWxWVWUzYTl6WU5nNFlLQklIbWFHbjBHYTZDZm9JYnlnOHBKU0N1T1NvRmdqd3QxMU81NDZXQXNjZmM1cmRpMUY1N1hZZXdrd2ltaFdkSnZRcTN1cXBNV3h5cG01cXZla2VRTUhlSFZtbzRJejJGTXlwXzBmRXJ0NE5TVUhSS0Y1YkNBN0c5djFUR3lhUkV6WTFxSXNCMFpacFdBQXFx0gG4AUFVX3lxTE1MaTg4blBsbHVidVNPbTIzMEJVQy1PQWJRaTFVdFBLNDZoSFBqZkQzTDMwd29kZk1rZ1MyU1NwQWpwNHJORHJvM1NITy1vRnZSd29yd3hNSnhOUUREXzF0RGtJVnpMX1QycTBibUpQWGE5WHp1bDlIRUJ6V2w3UWEzOGhXNHJtV3lGeU95Y2h5VG1Temw2aG9uVUlrQ3V6NWM1bUFkaE40bl9jQUpzYzdUdGU4b1paRjc?oc=5\" target=\"_blank\" rel=\"nofollow noopener\">Del brillo de Mar\u00eda P\u00e9rez y Paul McGrath en la marcha de Tokio 2025 a la sequ\u00eda de medallas en la pista<\/a>&nbsp;&nbsp;RTVE.es<\/li>\n<li><a href=\"https:\/\/news.google.com\/rss\/articles\/CBMijAFBVV95cUxOMTE2Vjlfb00ycnNpSXVoNHpaLXlhbnZrR2xDOV95dWxMOF9ZamliUWhDMnYyVTk0RF8wU3pPT2h0QW85MmhWTHd0U2o5WkZCakNjR3FkbFVENEo0V0UyRm84MUdZTFF6dnVIZkNqU1l3U0V4SE1JclNUYXNZSXZIendnYUtESTRHUjJQbtIBjAFBVV95cUxNWi0zNURlWDlNX011Ykh5M3RER1RHRFdkdXR3dTA4dF9DTHpIQzIwQllQV0h3elZLeGVUamlreHhyRjZnalRuSjhuOE5MczE0V2FOdHFGNVZSZTRPdVd4V1N2RmEtaXdCOW1mQkVWaHZnU3ZjRUowVDdOQ3lhcnBhNXJsa19KcjNWb182Zw?oc=5\" target=\"_blank\" rel=\"nofollow noopener\">Mar\u00eda P\u00e9rez: \u00abCon mi sufrimiento hago feliz a mucha gente\u00bb<\/a>&nbsp;&nbsp;El Mundo<\/li>\n<li><a href=\"https:\/\/news.google.com\/rss\/articles\/CBMipgFBVV95cUxPQjN1c2JyZ0NOelFxeFlYdG1rUDFxR2NWUnVfcU1rMTBMSEVXQXBDak40MXdQcTdpS1BpdExyT09OYl81bzhDXzB3NXJYd21lZzVZWGJ3Z0FYRmlPOWd2azVQNnNPc3lCSU9kZlZkWDJNZEdmaFlzYTlOUXdNdGR2WndRaXlQdkRnNGlpRzNERGlQY1IzNHVqMnNPQnpPMi0yUTFaZkx3?oc=5\" target=\"_blank\" rel=\"nofollow noopener\">Llega a Barajas la atleta tetracampeona del mundo, Mar\u00eda P\u00e9rez<\/a>&nbsp;&nbsp;ABC<\/li>\n<li><a href=\"https:\/\/news.google.com\/rss\/articles\/CBMinwFBVV95cUxNUEwtSFI1LWdLSVZDMmp6a1kweGRSRENUN1hEaGZIOEsyNzRha185aFlkcmYtSTFTcXZLLWVMdkJfYmF0ZU9MSHpwanRRMXNpb091Qm92TjBRUTN0ZWwwbkFsOVNwM0hDMmVTZmRObGhwSmRxNUhGMVNyWFc0OHdaSmZ6djQ0ZC1EaS13aHBuV0hka3JBbEhtTUdKWUhya2s?oc=5\" target=\"_blank\" rel=\"nofollow noopener\">Mar\u00eda P\u00e9rez ya est\u00e1 en Espa\u00f1a con sus dos oros<\/a>&nbsp;&nbsp;La Verdad<\/li>\n<\/ol>\n","protected":false},"excerpt":{"rendered":"Espa\u00f1a acaba quinta en el medallero del Mundial&nbsp;&nbsp;Mundo Deportivo Del brillo de Mar\u00eda P\u00e9rez y Paul McGrath en&hellip;\n","protected":false},"author":2,"featured_media":128102,"comment_status":"","ping_status":"","sticky":false,"template":"","format":"standard","meta":{"footnotes":""},"categories":[93],"tags":[168,25,24,23,167],"class_list":{"0":"post-130767","1":"post","2":"type-post","3":"status-publish","4":"format-standard","5":"has-post-thumbnail","7":"category-deportes","8":"tag-deportes","9":"tag-es","10":"tag-espana","11":"tag-spain","12":"tag-sports"},"share_on_mastodon":{"url":"","error":""},"_links":{"self":[{"href":"https:\/\/www.europesays.com\/es\/wp-json\/wp\/v2\/posts\/130767","targetHints":{"allow":["GET"]}}],"collection":[{"href":"https:\/\/www.europesays.com\/es\/wp-json\/wp\/v2\/posts"}],"about":[{"href":"https:\/\/www.europesays.com\/es\/wp-json\/wp\/v2\/types\/post"}],"author":[{"embeddable":true,"href":"https:\/\/www.europesays.com\/es\/wp-json\/wp\/v2\/users\/2"}],"replies":[{"embeddable":true,"href":"https:\/\/www.europesays.com\/es\/wp-json\/wp\/v2\/comments?post=130767"}],"version-history":[{"count":0,"href":"https:\/\/www.europesays.com\/es\/wp-json\/wp\/v2\/posts\/130767\/revisions"}],"wp:featuredmedia":[{"embeddable":true,"href":"https:\/\/www.europesays.com\/es\/wp-json\/wp\/v2\/media\/128102"}],"wp:attachment":[{"href":"https:\/\/www.europesays.com\/es\/wp-json\/wp\/v2\/media?parent=130767"}],"wp:term":[{"taxonomy":"category","embeddable":true,"href":"https:\/\/www.europesays.com\/es\/wp-json\/wp\/v2\/categories?post=130767"},{"taxonomy":"post_tag","embeddable":true,"href":"https:\/\/www.europesays.com\/es\/wp-json\/wp\/v2\/tags?post=130767"}],"curies":[{"name":"wp","href":"https:\/\/api.w.org\/{rel}","templated":true}]}}