{"id":130776,"date":"2025-09-22T01:51:26","date_gmt":"2025-09-22T01:51:26","guid":{"rendered":"https:\/\/www.europesays.com\/es\/130776\/"},"modified":"2025-09-22T01:51:26","modified_gmt":"2025-09-22T01:51:26","slug":"educare-la-venta-del-gigante-de-la-educacion-concertada-de-madrid-por-200-millones-a-un-fondo-abre-el-debate-sobre-la-cesion-de-suelo-publico-noticias-de-madrid","status":"publish","type":"post","link":"https:\/\/www.europesays.com\/es\/130776\/","title":{"rendered":"Educare: La venta del gigante de la educaci\u00f3n concertada de Madrid por 200 millones a un fondo abre el debate sobre la cesi\u00f3n de suelo p\u00fablico | Noticias de Madrid"},"content":{"rendered":"<p class=\"\"><a href=\"https:\/\/www.swisslife.com\/en\/home\/about-us\/divisions\/asset-managers.html\" target=\"_self\" rel=\"nofollow noopener\" title=\"https:\/\/www.swisslife.com\/en\/home\/about-us\/divisions\/asset-managers.html\">Swiss Life Asset Managers<\/a> ha comprado la mayor\u00eda del capital de <a href=\"https:\/\/elpais.com\/ccaa\/2019\/12\/18\/madrid\/1576686300_171055.html\" target=\"_blank\" rel=\"noreferrer nofollow noopener\" title=\"https:\/\/elpais.com\/ccaa\/2019\/12\/18\/madrid\/1576686300_171055.html\">Educare<\/a>, la red de colegios concertados propiedad de la familia Abarca Cid\u00f3n, due\u00f1os a su vez de HM Hospitales, y de Carlos Madruga, presidente ejecutivo, seg\u00fan adelant\u00f3 El Confidencial y confirm\u00f3 este diario a trav\u00e9s de fuentes implicadas en la operaci\u00f3n, que se cifra en unos 200 millones de euros. De los ocho colegios concertados que el conglomerado posee en la regi\u00f3n, seis se levantan sobre parcelas p\u00fablicas cedidas hasta casi el siglo XXII a cambio de c\u00e1nones de <a href=\"https:\/\/elpais.com\/espana\/madrid\/2023-02-23\/el-chollo-de-los-colegios-concertados-con-ayuso-y-aguirre-madrid-cobra-un-442-menos-que-otros-ayuntamientos-por-ceder-parcelas-publicas.html\" target=\"_blank\" rel=\"noreferrer nofollow noopener\" title=\"https:\/\/elpais.com\/espana\/madrid\/2023-02-23\/el-chollo-de-los-colegios-concertados-con-ayuso-y-aguirre-madrid-cobra-un-442-menos-que-otros-ayuntamientos-por-ceder-parcelas-publicas.html\">unos pocos miles de euros al mes<\/a>, y ahora transmitidas al nuevo inversor. Una operaci\u00f3n que permitir\u00e1 a la compa\u00f1\u00eda tener m\u00fasculo para crear o adquirir nuevos colegios, y que muestra el apetito del mercado por explotar en esos terrenos las etapas educativas que no est\u00e1n concertadas y ni son gratuitas ni son obligatorias (Infantil o Bachillerato, que hay que pagar). La operaci\u00f3n ha provocado las cr\u00edticas de la oposici\u00f3n de izquierdas y de CICAE, una asociaci\u00f3n de colegios privados independientes. <\/p>\n<p>M\u00e1s informaci\u00f3n<\/p>\n<p class=\"\">\u201cOperaciones como esta evidencian una preocupante deriva hacia la mercantilizaci\u00f3n de un servicio p\u00fablico que deber\u00eda ser gratuito para las familias\u201d, dicen en esta asociaci\u00f3n. \u201cNing\u00fan fondo de inversi\u00f3n destina 200 millones de euros a un proyecto si no espera obtener grandes beneficios\u201d, siguen en CICAE, que tiene en la diana las cuotas complementarias y obligatorias que cada mes tienen que cubrir las familias de estos colegios \u201cvulnerando el derecho a la gratuidad\u201d; o la competencia que suponen sus etapas privadas puras de Infantil y Bachillerato. \u201cQue hoy esas concesiones hayan derivado en una operaci\u00f3n financiera millonaria supone una desvirtuaci\u00f3n muy grave del uso de recursos p\u00fablicos, que la Administraci\u00f3n deber\u00e1 justificar\u201d, argumentan. <\/p>\n<p class=\"\">La Comunidad de Madrid, que cedi\u00f3 estos suelos municipales, salvo en un caso, ha declinado contestar a este diario sobre una operaci\u00f3n que afecta a 10.000 alumnos, 975 empleados, 720 profesores y ocho colegios. Este diario contact\u00f3 con el departamento de prensa de Swiss Life, una gran aseguradora que tiene una rama dedicada a la inversi\u00f3n y gesti\u00f3n de activos, que declin\u00f3 tambi\u00e9n hacer comentarios. Fuentes del sector educativo afirman que esta es su primera gran operaci\u00f3n en Madrid. Por su parte, Educare se remiti\u00f3 a un futuro comunicado, aunque confirm\u00f3 la operaci\u00f3n a las familias de sus colegios a trav\u00e9s de una carta a la que accedi\u00f3 EL PA\u00cdS. <\/p>\n<p class=\"\">De los ocho colegios de Educare, seis son concertados levantados sobre parcelas p\u00fablicas distribuidas por toda la regi\u00f3n, y por los que la adjudicataria <a href=\"https:\/\/elpais.com\/espana\/madrid\/2023-02-23\/el-chollo-de-los-colegios-concertados-con-ayuso-y-aguirre-madrid-cobra-un-442-menos-que-otros-ayuntamientos-por-ceder-parcelas-publicas.html\" target=\"_blank\" rel=\"noreferrer nofollow noopener\" title=\"https:\/\/elpais.com\/espana\/madrid\/2023-02-23\/el-chollo-de-los-colegios-concertados-con-ayuso-y-aguirre-madrid-cobra-un-442-menos-que-otros-ayuntamientos-por-ceder-parcelas-publicas.html\">paga un canon que apenas alcanza unos miles de euros al mes:<\/a> son los colegios Antanes (en Legan\u00e9s, con el terreno cedido hasta 2088, seg\u00fan informaci\u00f3n publicada en aplicaci\u00f3n de la ley de transparencia); Antamira (en Paracuellos del Jarama, y hasta 2083); Torrevilano (en Madrid, y hasta 2081); Pe\u00f1alvento (Colmenar Viejo, y hasta 2056), Valdefuentes (en Madrid, y hasta 2055) y Pe\u00f1alar (en Torrelodones, y hasta alrededor de 2050). Al final de la concesi\u00f3n, el edificio y la parcela deben volver al patrimonio p\u00fablico. <\/p>\n<p><img decoding=\"auto\" class=\"_re lazyload a_m-v\" height=\"566\"  width=\"414\"  src=\"https:\/\/www.europesays.com\/es\/wp-content\/uploads\/2025\/09\/HJFUW6HAGBFQXDSPPPOJT7KJWA.jpg\" loading=\"lazy\"\/>Carta en la que Educare anuncia a las familias de sus colegios la entrada de Swiss Life en su accionariado.<\/p>\n<p class=\"\">\u201cLa operaci\u00f3n ya est\u00e1 firmada y no afecta en nada a los colegios\u201d, asegura una fuente conocedora de las negociaciones, en las que <a href=\"https:\/\/elpais.com\/noticias\/bnp-paribas\/\" target=\"_blank\" rel=\"noreferrer nofollow noopener\" title=\"https:\/\/elpais.com\/noticias\/bnp-paribas\/\">BNP Paribas<\/a> ha actuado como banco asesor para Educare. \u201cEl ideario, el modelo educativo, los equipos, la direcci\u00f3n y el d\u00eda a d\u00eda continuar\u00e1 igual\u201d, a\u00f1ade sobre una operaci\u00f3n que incluir\u00eda el compromiso de que Madruga contin\u00fae al frente del proyecto.<\/p>\n<p class=\"\">Educare naci\u00f3 en 2015 como fruto de la uni\u00f3n de Gecesa, una empresa especializada en colegios, y <a href=\"https:\/\/cincodias.elpais.com\/cincodias\/2022\/11\/14\/companias\/1668450947_378112.html\" target=\"_blank\" rel=\"noreferrer nofollow noopener\" title=\"https:\/\/cincodias.elpais.com\/cincodias\/2022\/11\/14\/companias\/1668450947_378112.html\">Alma Terra Mater<\/a>, un Family Office de los fundadores de la cadena de hospitales privados HM. Pero el uso de estos colegios como un negocio ha provocado numerosas cr\u00edticas en la oposici\u00f3n de izquierdas de la regi\u00f3n.<\/p>\n<p class=\"\">\u201cPrimero convirtieron en negocio la sanidad y ahora van a por la educaci\u00f3n\u201d, sostiene Mar\u00eda Pastor, diputada de Equo incluida en el grupo parlamentario de M\u00e1s Madrid en la Asamblea regional. \u201cEs muy grave que centros educativos que est\u00e1n sostenidos con fondos p\u00fablicos sean parte de fondos que solo buscan una rentabilidad econ\u00f3mica y no la calidad de la educaci\u00f3n\u201d, sigue. Y a\u00f1ade: \u201cLas principales perjudicadas en esta operaci\u00f3n ser\u00e1n las familias, que ver\u00e1n c\u00f3mo no solo la educaci\u00f3n de sus hijos deja de ser la prioridad, sino que, adem\u00e1s, tendr\u00e1n que pagar m\u00e1s para que la inversi\u00f3n sea rentable\u201d.<\/p>\n<p><img alt=\"Isabel D\u00edaz Ayuso\" decoding=\"auto\" class=\"_re lazyload a_m-h\" height=\"277\"  width=\"414\"  src=\"https:\/\/www.europesays.com\/es\/wp-content\/uploads\/2025\/09\/DDGOUSBMMBP4JHXZ5HCPU4PPU4.jpg\" loading=\"lazy\"\/>La presidenta del PP regional y de la Comunidad de Madrid, Isabel D\u00edaz Ayuso, interviene en el inicio del curso pol\u00edtico del PP de Madrid, a 5 de septiembre de 2025, en Arganda del Rey, Madrid (Espa\u00f1a).Alejandro Mart\u00ednez V\u00e9lez (Europa Press)<\/p>\n<p class=\"\">En la misma l\u00ednea se expresa <a href=\"https:\/\/elpais.com\/espana\/madrid\/2025-02-01\/oscar-lopez-abre-su-pulso-con-ayuso-con-sanchez-acera-como-numero-dos-y-nuevo-portavoz-en-la-asamblea.html\" target=\"_blank\" rel=\"noreferrer nofollow noopener\" title=\"https:\/\/elpais.com\/espana\/madrid\/2025-02-01\/oscar-lopez-abre-su-pulso-con-ayuso-con-sanchez-acera-como-numero-dos-y-nuevo-portavoz-en-la-asamblea.html\">Pilar S\u00e1nchez Acera, la n\u00famero dos del PSOE de \u00d3scar L\u00f3pez en la Comunidad de Madrid<\/a>. <\/p>\n<p class=\"\">\u201cEste es uno de los casos m\u00e1s claros de en qu\u00e9 consiste la educaci\u00f3n para el Partido Popular, en negocio\u201d, argumenta. \u201cLa perversi\u00f3n de los conciertos que el PP de Madrid lleva haciendo 30 a\u00f1os en la Comunidad genera este tipo de aberraciones\u201d, sigue. \u201c\u00bfCu\u00e1l es el proyecto educativo del fondo Swiss Life?\u201c, se pregunta. \u201dAyuso est\u00e1 vendiendo los servicios p\u00fablicos y los derechos de los madrile\u00f1os a precio de saldo a fondos de inversi\u00f3n\u00bb, denuncia. \u201cImagino que las familias afectadas estar\u00e1n ahora mismo pensando en qui\u00e9n dirige el colegio de sus hijos, y por qu\u00e9 no les protege la Comunidad de Madrid\u201d.<\/p>\n<p class=\"\">La educaci\u00f3n concertada vive un bum desde que Isabel D\u00edaz Ayuso gobierna la Comunidad de Madrid. Lejos quedan ya los tiempos de Cristina Cifuentes (2015-2018), que puso en pausa la expansi\u00f3n de estos centros que tanto hab\u00eda alentado Esperanza Aguirre (2003-2012). <\/p>\n<p>Cobrar a las concesionarias<\/p>\n<p class=\"\">As\u00ed, tras un decenio sin construir este tipo de centros privados en los que hay plazas financiadas con dinero p\u00fablico, son ya tres las cesiones de terrenos pactadas desde 2020 entre el Ayuntamiento y la Comunidad de Madrid para impulsar concertados. Los nuevos privados concertados se sit\u00faan en los distritos de Villa de Vallecas y Hortaleza, donde la explotaci\u00f3n de las parcelas p\u00fablicas fue cedida gratis a una empresa, el grupo GSD, y Vic\u00e1lvaro, donde gan\u00f3 la oferta de Humanitas Centros de Educaci\u00f3n.<\/p>\n<p class=\"\">El Ejecutivo regional no culminaba una concesi\u00f3n como estas desde 2013, cuando puso en marcha el colegio Pasteur Arroyomolinos para el curso 2013-2014, seg\u00fan informaci\u00f3n proporcionada por la Consejer\u00eda de Educaci\u00f3n. En 2018 se licit\u00f3 otro concertado, pero la tramitaci\u00f3n no lleg\u00f3 a cerrarse. Y en 2022, el actual Ejecutivo regional reactiv\u00f3 un concierto durmiente (concedido pero no ejecutado) de 2005 en Villalbilla.<\/p>\n<p class=\"\">Los nuevos concertados de Ayuso incluyen una novedad: recogen la opci\u00f3n de <a href=\"https:\/\/elpais.com\/espana\/madrid\/2024-08-19\/ayuso-se-abre-a-cobrar-a-los-colegios-concertados-que-engorden-su-negocio-en-parcelas-publicas-con-cursos-de-etapas-no-obligatorias.html\" target=\"_blank\" rel=\"noreferrer nofollow noopener\" title=\"https:\/\/elpais.com\/espana\/madrid\/2024-08-19\/ayuso-se-abre-a-cobrar-a-los-colegios-concertados-que-engorden-su-negocio-en-parcelas-publicas-con-cursos-de-etapas-no-obligatorias.html\">cobrar a las concesionarias<\/a> por permitir hacer crecer su negocio ofreciendo cursos de etapas no obligatorias (por ejemplo en Educaci\u00f3n Infantil o Bachillerato) que a su vez la Administraci\u00f3n regional hace m\u00e1s atractivos a trav\u00e9s de un pol\u00e9mico programa de becas al que pueden optar incluso familias que ingresen m\u00e1s de 100.000 euros. <\/p>\n","protected":false},"excerpt":{"rendered":"Swiss Life Asset Managers ha comprado la mayor\u00eda del capital de Educare, la red de colegios concertados propiedad&hellip;\n","protected":false},"author":2,"featured_media":130777,"comment_status":"","ping_status":"","sticky":false,"template":"","format":"standard","meta":{"footnotes":""},"categories":[8],"tags":[17,18,41935,20124,30361,1467,2026,41936,25,24,13,14,25746,11,3515,19,20,205,9,10,15,16,18514,23,12,21,22],"class_list":{"0":"post-130776","1":"post","2":"type-post","3":"status-publish","4":"format-standard","5":"has-post-thumbnail","7":"category-espana","8":"tag-breaking-news","9":"tag-breakingnews","10":"tag-centros-concertados","11":"tag-colegios-privados","12":"tag-colegios-publicos","13":"tag-comunidad-de-madrid","14":"tag-educacion","15":"tag-ensenanza-concertada","16":"tag-es","17":"tag-espana","18":"tag-featured-news","19":"tag-featurednews","20":"tag-gobierno-comunidad-madrid","21":"tag-headlines","22":"tag-isabel-diaz-ayuso","23":"tag-latest-news","24":"tag-latestnews","25":"tag-madrid","26":"tag-news","27":"tag-noticias","28":"tag-noticias-destacadas","29":"tag-noticiasdestacadas","30":"tag-pp-madrid","31":"tag-spain","32":"tag-titulares","33":"tag-ultimas-noticias","34":"tag-ultimasnoticias"},"share_on_mastodon":{"url":"","error":""},"_links":{"self":[{"href":"https:\/\/www.europesays.com\/es\/wp-json\/wp\/v2\/posts\/130776","targetHints":{"allow":["GET"]}}],"collection":[{"href":"https:\/\/www.europesays.com\/es\/wp-json\/wp\/v2\/posts"}],"about":[{"href":"https:\/\/www.europesays.com\/es\/wp-json\/wp\/v2\/types\/post"}],"author":[{"embeddable":true,"href":"https:\/\/www.europesays.com\/es\/wp-json\/wp\/v2\/users\/2"}],"replies":[{"embeddable":true,"href":"https:\/\/www.europesays.com\/es\/wp-json\/wp\/v2\/comments?post=130776"}],"version-history":[{"count":0,"href":"https:\/\/www.europesays.com\/es\/wp-json\/wp\/v2\/posts\/130776\/revisions"}],"wp:featuredmedia":[{"embeddable":true,"href":"https:\/\/www.europesays.com\/es\/wp-json\/wp\/v2\/media\/130777"}],"wp:attachment":[{"href":"https:\/\/www.europesays.com\/es\/wp-json\/wp\/v2\/media?parent=130776"}],"wp:term":[{"taxonomy":"category","embeddable":true,"href":"https:\/\/www.europesays.com\/es\/wp-json\/wp\/v2\/categories?post=130776"},{"taxonomy":"post_tag","embeddable":true,"href":"https:\/\/www.europesays.com\/es\/wp-json\/wp\/v2\/tags?post=130776"}],"curies":[{"name":"wp","href":"https:\/\/api.w.org\/{rel}","templated":true}]}}