{"id":130782,"date":"2025-09-22T01:54:12","date_gmt":"2025-09-22T01:54:12","guid":{"rendered":"https:\/\/www.europesays.com\/es\/130782\/"},"modified":"2025-09-22T01:54:12","modified_gmt":"2025-09-22T01:54:12","slug":"imagenes-de-la-matinal-en-nimes-con-marco-perez-y-olga-casado","status":"publish","type":"post","link":"https:\/\/www.europesays.com\/es\/130782\/","title":{"rendered":"Im\u00e1genes de la matinal en Nimes con Marco P\u00e9rez y Olga Casado"},"content":{"rendered":"<p>N\u00eemes (Gard, Francia). Domingo 21 de septiembre 2025, matinal. Coliseo romano. Cuarta y pen\u00faltima de la feria de la Vendimia. Corrida de la Juventud, festejo mixto. Se lidiaron cuatro toros de <strong>Juan Pedro Domecq<\/strong> (1\u00b0, 2\u00b0, 4\u00b0 y 6\u00b0) y dos novillos de <b>Fuente Ymbro<\/b>(3\u00b0 y 5\u00ba). Entrada: M\u00e1s de media plaza.<\/p>\n<p><strong>Marco P\u00e9rez:<\/strong> Oreja, dos orejas, palmas tras dos avisos y dos orejas y rabo.<\/p>\n<p>Y la novillera <strong>Olga Casado<\/strong> : Ovaci\u00f3n con saludos tras aviso y oreja tras aviso.<\/p>\n<p><strong>Detalles<\/strong>:<\/p>\n<p>Tras el pase\u00edllo sonaron los acordes del himno nacional franc\u00e9s \u00abLa Marseillaise\u00bb. A continuaci\u00f3n se rindi\u00f3 un homenaje con la entrega de la medalla de la ciudad a un miembro de los servicios m\u00e9dicos que se retira.<\/p>\n<p>Actuaron de sobresalientes \u00c1lvaro de la Calle para Marcos P\u00e9rez y Borja Ximelis para Olga Casado.<\/p>\n<p>Olga Casado fue obligada a recoger una ovaci\u00f3n antes de la salida del tercero.<\/p>\n<p>Tras la muerte del cuarto pas\u00f3 por la enfermer\u00eda Marco P\u00e9rez al habrise la mano izquierda entrando a matar y se corri\u00f3 turno.<\/p>\n<p>El sexto (\u00faltimo de Marco P\u00e9rez), de nombre Bogador, herrado con el n\u00famero 35, colorado bragado de capa, nacido en 02-2021 y de 507 kg fue premiado con la vuelta al ruedo en el arrastre.<\/p>\n<p><strong>FOTOS:<\/strong> Philippe Gil Mir<\/p>\n","protected":false},"excerpt":{"rendered":"N\u00eemes (Gard, Francia). Domingo 21 de septiembre 2025, matinal. Coliseo romano. Cuarta y pen\u00faltima de la feria de&hellip;\n","protected":false},"author":2,"featured_media":130783,"comment_status":"","ping_status":"","sticky":false,"template":"","format":"standard","meta":{"footnotes":""},"categories":[277],"tags":[373,168,25,24,23,167,374],"class_list":{"0":"post-130782","1":"post","2":"type-post","3":"status-publish","4":"format-standard","5":"has-post-thumbnail","7":"category-toreo","8":"tag-bullfighting","9":"tag-deportes","10":"tag-es","11":"tag-espana","12":"tag-spain","13":"tag-sports","14":"tag-toreo"},"share_on_mastodon":{"url":"","error":""},"_links":{"self":[{"href":"https:\/\/www.europesays.com\/es\/wp-json\/wp\/v2\/posts\/130782","targetHints":{"allow":["GET"]}}],"collection":[{"href":"https:\/\/www.europesays.com\/es\/wp-json\/wp\/v2\/posts"}],"about":[{"href":"https:\/\/www.europesays.com\/es\/wp-json\/wp\/v2\/types\/post"}],"author":[{"embeddable":true,"href":"https:\/\/www.europesays.com\/es\/wp-json\/wp\/v2\/users\/2"}],"replies":[{"embeddable":true,"href":"https:\/\/www.europesays.com\/es\/wp-json\/wp\/v2\/comments?post=130782"}],"version-history":[{"count":0,"href":"https:\/\/www.europesays.com\/es\/wp-json\/wp\/v2\/posts\/130782\/revisions"}],"wp:featuredmedia":[{"embeddable":true,"href":"https:\/\/www.europesays.com\/es\/wp-json\/wp\/v2\/media\/130783"}],"wp:attachment":[{"href":"https:\/\/www.europesays.com\/es\/wp-json\/wp\/v2\/media?parent=130782"}],"wp:term":[{"taxonomy":"category","embeddable":true,"href":"https:\/\/www.europesays.com\/es\/wp-json\/wp\/v2\/categories?post=130782"},{"taxonomy":"post_tag","embeddable":true,"href":"https:\/\/www.europesays.com\/es\/wp-json\/wp\/v2\/tags?post=130782"}],"curies":[{"name":"wp","href":"https:\/\/api.w.org\/{rel}","templated":true}]}}