{"id":130788,"date":"2025-09-22T02:01:10","date_gmt":"2025-09-22T02:01:10","guid":{"rendered":"https:\/\/www.europesays.com\/es\/130788\/"},"modified":"2025-09-22T02:01:10","modified_gmt":"2025-09-22T02:01:10","slug":"el-rayo-reubicara-a-una-parte-de-los-socios-de-tribuna-para-la-conference-league","status":"publish","type":"post","link":"https:\/\/www.europesays.com\/es\/130788\/","title":{"rendered":"El Rayo reubicar\u00e1 a una parte de los socios de Tribuna para la Conference League"},"content":{"rendered":"<p>El <a href=\"https:\/\/unionrayo.com\/\" rel=\"nofollow noopener\" target=\"_blank\">Rayo Vallecano<\/a> ha <strong>avisado a una parte de los socios de Tribuna Central para que contacten con el club debido a la reubicaci\u00f3n que tendr\u00e1n para los partidos de<a href=\"https:\/\/es.uefa.com\/uefaconferenceleague\/\" rel=\"nofollow noopener\" target=\"_blank\"> Conference League<\/a>.<\/strong> Seg\u00fan ha podido saber <a href=\"https:\/\/unionrayo.com\/\" rel=\"nofollow noopener\" target=\"_blank\">Uni\u00f3n Rayo,<\/a> estos aficionados ser\u00e1n trasladados a otra zona del estadio.<\/p>\n<p>Reubicaci\u00f3n de algunos socios del Rayo para la Conference League<\/p>\n<p>Algunos socios del Rayo Vallecano, concretamente algunos de Tribuna Central, han sido avisados por parte del club para que se pusieran en contacto con ellos. Seg\u00fan ha podido saber Uni\u00f3n Rayo<strong> el motivo se debe a la reubicaci\u00f3n que tendr\u00e1n estos debido a los sponsor de la UEFA y la prensa.<\/strong> Esto puede ser alguna de las medida que ha debido de adoptar para que los partidos como locales se jueguen en el Estadio de Vallecas.<\/p>\n<p><a href=\"https:\/\/unionrayo.com\/wp-content\/uploads\/2025\/09\/aficion-Vallecas.jpeg\" rel=\"nofollow noopener\" target=\"_blank\"><img loading=\"lazy\" decoding=\"async\" class=\"aligncenter size-large wp-image-375911\" src=\"https:\/\/www.europesays.com\/es\/wp-content\/uploads\/2025\/09\/aficion-Vallecas-1024x640.jpeg\" alt=\"afici\u00f3n Vallecas entradas Rayo\" width=\"1024\" height=\"640\" title=\"El Rayo reubicar\u00e1 a una parte de los socios de Tribuna para la Conference League 2\"  \/><\/a><\/p>\n<p>Estos aficionados <strong>ser\u00e1n recolocados en una zona muy similar a la que estaban<\/strong>, pero l\u00f3gicamente no ser\u00e1 su asiento donde tiene el abono. El aviso ha llegado en el <a href=\"https:\/\/unionrayo.com\/rayo-vallecano-1-1-celta-cronica-jornada-5-la-liga\/\" rel=\"nofollow noopener\" target=\"_blank\">duelo ante el Celta de Vigo<\/a> disputado este pasado domingo y <strong>con apenas 10 d\u00edas para que el Rayo dispute su primer partido de la Conference League<\/strong> en el Estadio de Vallecas.<\/p>\n<p>Asimismo, <a href=\"https:\/\/unionrayo.com\/\" rel=\"nofollow noopener\" target=\"_blank\">seg\u00fan ha podido saber Uni\u00f3n Rayo<\/a> el <strong>Euroabono se har\u00e1 oficial en los pr\u00f3ximos d\u00edas y el club rayista maneja la opci\u00f3n de que sea un paquete \u00fanico de precios<\/strong> para los tres partidos de la fase liga. El conjunto de \u00cd\u00f1igo P\u00e9rez\u00a0<strong>debutar\u00e1\u00a0<a href=\"https:\/\/unionrayo.com\/calendario-fechas-y-horarios-de-los-partidos-del-rayo-vallecano-en-conference-league\/\" rel=\"nofollow noopener\" target=\"_blank\">en la fase liga<\/a>\u00a0de esta competici\u00f3n el pr\u00f3ximo 2 de octubre a las 18:45 horas contra el KF Shk\u00ebndija<\/strong>. Y lo har\u00e1 como local, donde tambi\u00e9n deber\u00e1 enfrentarse el\u00a0<strong>6 de noviembre a las 21:00 horas contra el Lech Pozna\u0144<\/strong>\u00a0(tercera jornada) y el\u00a0<strong>18 de diciembre a las 21:00 horas frente al FC Drita<\/strong>\u00a0(sexta jornada).<\/p>\n<p><img decoding=\"async\" src=\"https:\/\/www.europesays.com\/es\/wp-content\/uploads\/2025\/09\/AP1GczM4FNE3tPmdhaBLOiny1okWuhTHa0Md6uGNh6w4wKuODIHpHKmY6OzK0RUtSsSW7N5qxRu88mgLTRgTDSPTBsjLT4Wv6o_Y.jpeg\" alt=\"AP1GczM4FNE3tPmdhaBLOiny1okWuhTHa0Md6uGNh6w4wKuODIHpHKmY6OzK0RUtSsSW7N5qxRu88mgLTRgTDSPTBsjLT4Wv6o YCXYpelNYU9jhy8ue542jv6XI 5zIMSDYrHwVNyFLsmZ0jVHjB4Eq ZZxXg=w1114 h696 s no?authuser=1\" title=\"El Rayo reubicar\u00e1 a una parte de los socios de Tribuna para la Conference League 3\"\/><\/p>\n","protected":false},"excerpt":{"rendered":"El Rayo Vallecano ha avisado a una parte de los socios de Tribuna Central para que contacten con&hellip;\n","protected":false},"author":2,"featured_media":130789,"comment_status":"","ping_status":"","sticky":false,"template":"","format":"standard","meta":{"footnotes":""},"categories":[268],"tags":[168,25,24,280,282,281,23,167],"class_list":{"0":"post-130788","1":"post","2":"type-post","3":"status-publish","4":"format-standard","5":"has-post-thumbnail","7":"category-futbol","8":"tag-deportes","9":"tag-es","10":"tag-espana","11":"tag-football","12":"tag-futbol","13":"tag-soccer","14":"tag-spain","15":"tag-sports"},"share_on_mastodon":{"url":"","error":""},"_links":{"self":[{"href":"https:\/\/www.europesays.com\/es\/wp-json\/wp\/v2\/posts\/130788","targetHints":{"allow":["GET"]}}],"collection":[{"href":"https:\/\/www.europesays.com\/es\/wp-json\/wp\/v2\/posts"}],"about":[{"href":"https:\/\/www.europesays.com\/es\/wp-json\/wp\/v2\/types\/post"}],"author":[{"embeddable":true,"href":"https:\/\/www.europesays.com\/es\/wp-json\/wp\/v2\/users\/2"}],"replies":[{"embeddable":true,"href":"https:\/\/www.europesays.com\/es\/wp-json\/wp\/v2\/comments?post=130788"}],"version-history":[{"count":0,"href":"https:\/\/www.europesays.com\/es\/wp-json\/wp\/v2\/posts\/130788\/revisions"}],"wp:featuredmedia":[{"embeddable":true,"href":"https:\/\/www.europesays.com\/es\/wp-json\/wp\/v2\/media\/130789"}],"wp:attachment":[{"href":"https:\/\/www.europesays.com\/es\/wp-json\/wp\/v2\/media?parent=130788"}],"wp:term":[{"taxonomy":"category","embeddable":true,"href":"https:\/\/www.europesays.com\/es\/wp-json\/wp\/v2\/categories?post=130788"},{"taxonomy":"post_tag","embeddable":true,"href":"https:\/\/www.europesays.com\/es\/wp-json\/wp\/v2\/tags?post=130788"}],"curies":[{"name":"wp","href":"https:\/\/api.w.org\/{rel}","templated":true}]}}