{"id":130790,"date":"2025-09-22T02:02:09","date_gmt":"2025-09-22T02:02:09","guid":{"rendered":"https:\/\/www.europesays.com\/es\/130790\/"},"modified":"2025-09-22T02:02:09","modified_gmt":"2025-09-22T02:02:09","slug":"amo-a-mi-pais-pero-no-lo-reconozco-en-estos-momentos-2","status":"publish","type":"post","link":"https:\/\/www.europesays.com\/es\/130790\/","title":{"rendered":"Amo a mi pa\u00eds, pero no lo reconozco en estos momentos"},"content":{"rendered":"<p>SAN SEBASTI\u00c1N, 21 (del enviado especial de Europa Press Francisco Serrano)<\/p>\n<p>\u00a0 \u00a0La actriz Angelina Jolie, que ha presentado este domingo por la tarde en San Sebasti\u00e1n la nueva pel\u00edcula que protagoniza &#8216;Couture&#8217;, ha asegurado que \u00abama\u00bb Estados Unidos, pero \u00abno lo reconoce en estos momentos\u00bb y ha advertido que \u00abhay que tener cuidado con lo que se dice\u00bb porque \u00abson momentos muy dif\u00edciles\u00bb.<\/p>\n<p>\u00a0 \u00a0\u00abAmo a mi pa\u00eds, pero no lo reconozco en este momento. Siempre he vivido a nivel internacional, mi familia, mis amigos, mi vida y visi\u00f3n es internacional, por lo que mi visi\u00f3n del mundo tambi\u00e9n lo es. Cualquier cosa en cualquier parte que divide o que limita las expresiones personales y las libertades personales de cualquier persona es algo muy peligroso. Creo que son tiempos tan serios que hay que tener cuidado de hacer cosas as\u00ed y con lo que se dice. Son momentos muy dif\u00edciles que estamos viviendo todos juntos\u00bb, ha afirmado la actriz al ser preguntada por sus miedos en una rueda de prensa con mucha expectaci\u00f3n.<\/p>\n<p>\u00a0 \u00a0Angelina Jolie ha afirmado que en &#8216;Couture&#8217; existe \u00abuna guerra y un deseo de vivir una vida libre sin sufrimiento\u00bb. \u00abYo creo que esto es un poco la condici\u00f3n y existencia humana para todos. Algunos se encuentran en los puntos extremos de un conflicto real y algunos de nosotros sabemos que alguien que queremos est\u00e1 sufriendo a t\u00edtulo personal. Siempre estamos unidos como seres humanos\u00bb, ha destacado.<\/p>\n<p>\u00a0 \u00a0La actriz estadounidense ha admitido que ha sido \u00absanador\u00bb trabajar en este proyecto, en el que interpreta a una cineasta que tiene c\u00e1ncer de mama y se ve envuelta en una relaci\u00f3n inesperada con un colaborador cercano, interpretado por Louis Garrel. Angelina Jolie ha compartido con los asistentes a la rueda de prensa que se siente cercana a este personaje, ya que en 2013 se someti\u00f3 a una doble mastectom\u00eda preventiva en 2013 debido a una alta probabilidad de desarrollar c\u00e1ncer de mama y ovario tras perder a su madre y a su abuela.<\/p>\n<p>\u00a0 \u00a0\u00abFue mi elecci\u00f3n, pero es importante tenerla para poder elegirlo. No todo el mundo tiene que hacerlo tal y como lo eleg\u00ed yo. No lo lamento. Los c\u00e1nceres de las mujeres nos afecta a c\u00f3mo nos sentimos como mujeres. La pel\u00edcula muestra el viaje y ofrece un mensaje interesante e importante para que cualquier persona entienda el proceso\u00bb, ha explicado.<\/p>\n<p>\u00a0 \u00a0Durante la rueda de prensa, Angelina Jolie se ha emocionado al hablar de su madre y recordar los momentos por lo que atraves\u00f3 ella. \u00abPara m\u00ed es muy dif\u00edcil hablar de ella. Pens\u00e9 mucho en ella y probablemente todos nos hemos encontrado en una situaci\u00f3n de estar en un hospital\u00bb, ha dicho la actriz que ha desvelado que lleva en la cinta un collar de su madre.<\/p>\n<p>\u00a0 \u00a0Adem\u00e1s, preguntada por qu\u00e9 le hubiese dicho su madre a su personaje, Jolie ha se\u00f1alado que le hubiera recomendado que \u00abviviera todos los d\u00edas\u00bb y que se centrase en la vida. \u00abNo puedes dar por sentado cualquier momento. Hay que intentar vivir al completo\u00bb, ha afirmado antes de decir que no pod\u00eda contestar m\u00e1s porque se estaba emocionando. \u00abNo quiero llorar\u00bb, ha manifestado.<\/p>\n<p>\u00a0 \u00a0Por su parte, el actor Louis Garrel ha ensalzado &#8216;Couture&#8217; por c\u00f3mo trata el tem\u00e1 del c\u00e1ncer y considera que el resto de cintan lo hacen desde un \u00abtono pat\u00e9tico\u00bb. \u00abNo hay que tener miedo a nada cuando hablas de mujeres en general, porque la mente de los hombre es bastante m\u00e1s simple de lo que realmente pens\u00e1is\u00bb, ha comentado.<\/p>\n<p>\u00abJUNTAS PODEMOS SER M\u00c1S FUERTES\u00bb<\/p>\n<p>\u00a0 \u00a0Junto a los actores protagonistas ha estado la cineasta Alice Winocour, que ha explicado que la pel\u00edcula \u00abtrata de mujeres\u00bb y que ha querido \u00abcoser parte de las vidas de las tres mujeres protagonistas\u00bb, al mismo tiempo que ha apelado a la uni\u00f3n entre mujeres.<\/p>\n<p>\u00a0 \u00a0 \u00abEspero que podamos conectar con otras mujeres en el mundo y decir que no estamos solas y que todas juntas podemos ser m\u00e1s fuertes\u00bb, ha proclamado Winocour, que ha provocado el aplauso del p\u00fablico.<\/p>\n<p>\u00a0 \u00a0 La cineasta ha asegurado que la moda tiene que ver \u00abcon el cuerpo de la mujer y la vulnerabilidad\u00bb en ese mundo. \u00abLos cuerpos se glorifican, pero a su vez hay una fecha de caducidad. Lo que quer\u00eda era hablar de c\u00f3mo es estar en el cuerpo de una mujer. Para mi la moda es una locura y una lucha contra el tiempo\u00bb, ha sentenciado Winocour.<\/p>\n<p>\u00a0 \u00a0<\/p>\n","protected":false},"excerpt":{"rendered":"SAN SEBASTI\u00c1N, 21 (del enviado especial de Europa Press Francisco Serrano) \u00a0 \u00a0La actriz Angelina Jolie, que ha&hellip;\n","protected":false},"author":2,"featured_media":130791,"comment_status":"","ping_status":"","sticky":false,"template":"","format":"standard","meta":{"footnotes":""},"categories":[174],"tags":[255,146,147,25,24,256,23],"class_list":{"0":"post-130790","1":"post","2":"type-post","3":"status-publish","4":"format-standard","5":"has-post-thumbnail","7":"category-famosos","8":"tag-celebrities","9":"tag-entertainment","10":"tag-entretenimiento","11":"tag-es","12":"tag-espana","13":"tag-famosos","14":"tag-spain"},"share_on_mastodon":{"url":"","error":""},"_links":{"self":[{"href":"https:\/\/www.europesays.com\/es\/wp-json\/wp\/v2\/posts\/130790","targetHints":{"allow":["GET"]}}],"collection":[{"href":"https:\/\/www.europesays.com\/es\/wp-json\/wp\/v2\/posts"}],"about":[{"href":"https:\/\/www.europesays.com\/es\/wp-json\/wp\/v2\/types\/post"}],"author":[{"embeddable":true,"href":"https:\/\/www.europesays.com\/es\/wp-json\/wp\/v2\/users\/2"}],"replies":[{"embeddable":true,"href":"https:\/\/www.europesays.com\/es\/wp-json\/wp\/v2\/comments?post=130790"}],"version-history":[{"count":0,"href":"https:\/\/www.europesays.com\/es\/wp-json\/wp\/v2\/posts\/130790\/revisions"}],"wp:featuredmedia":[{"embeddable":true,"href":"https:\/\/www.europesays.com\/es\/wp-json\/wp\/v2\/media\/130791"}],"wp:attachment":[{"href":"https:\/\/www.europesays.com\/es\/wp-json\/wp\/v2\/media?parent=130790"}],"wp:term":[{"taxonomy":"category","embeddable":true,"href":"https:\/\/www.europesays.com\/es\/wp-json\/wp\/v2\/categories?post=130790"},{"taxonomy":"post_tag","embeddable":true,"href":"https:\/\/www.europesays.com\/es\/wp-json\/wp\/v2\/tags?post=130790"}],"curies":[{"name":"wp","href":"https:\/\/api.w.org\/{rel}","templated":true}]}}