{"id":130794,"date":"2025-09-22T02:04:09","date_gmt":"2025-09-22T02:04:09","guid":{"rendered":"https:\/\/www.europesays.com\/es\/130794\/"},"modified":"2025-09-22T02:04:09","modified_gmt":"2025-09-22T02:04:09","slug":"no-hay-que-ocultarles-realidades-a-los-hijos-sino-ponerlas-encima-de-la-mesa","status":"publish","type":"post","link":"https:\/\/www.europesays.com\/es\/130794\/","title":{"rendered":"\u00abNo hay que ocultarles realidades a los hijos, sino ponerlas encima de la mesa\u00bb"},"content":{"rendered":"<p data-start=\"181\" data-end=\"607\">\u00ab<strong data-start=\"182\" data-end=\"274\">Cuando mi hijo nac\u00eda, al hijo de una compa\u00f1era le acababan de detectar un tumor cerebral<\/strong>\u00bb, narra con la voz entrecortada recordando aquel momento <strong data-start=\"332\" data-end=\"352\">Mar\u00eda Jos\u00e9 Guasp<\/strong>. \u00ab<strong data-start=\"355\" data-end=\"429\">Mientras yo daba vida, ella ve\u00eda c\u00f3mo la vida de su peque\u00f1o se apagaba<\/strong>\u00bb. Fruto de este contraste de <strong data-start=\"459\" data-end=\"486\">tristeza y luz a la vez<\/strong>, Guasp decidi\u00f3 escribir el <a href=\"https:\/\/www.ultimahora.es\/etiqueta\/libro.html?utm_source=Inline-tag&amp;utm_medium=internal\" rel=\"nofollow noopener\" target=\"_blank\">libro<\/a> <strong data-start=\"520\" data-end=\"545\">\u00bfQu\u00e9 hay en el cielo?<\/strong>, cuyo protagonista est\u00e1 inspirado en el hijo de su compa\u00f1era.<\/p>\n<p data-start=\"609\" data-end=\"1152\">Asimismo, le impuls\u00f3 su <strong data-start=\"633\" data-end=\"660\">instinto de solidaridad<\/strong> y quiere aportar un granito de arena en ayudar a <strong data-start=\"710\" data-end=\"778\"><a href=\"https:\/\/www.ultimahora.es\/etiqueta\/ni%C3%B1os.html?utm_source=Inline-tag&amp;utm_medium=internal\" rel=\"nofollow noopener\" target=\"_blank\">ni\u00f1os<\/a> y ni\u00f1as de la unidad de pediatr\u00eda del Hospital Son Espases<\/strong>. De tal manera que, con lo recaudado con la venta de los primeros ejemplares de la obra, <strong data-start=\"868\" data-end=\"893\">invertir\u00e1 2.500 euros<\/strong> en alegrar la unidad con actividades de meditaci\u00f3n, yoga y manualidades diversas, para que los menores que est\u00e9n ingresados <strong data-start=\"1022\" data-end=\"1057\">se sientan mejor consigo mismos<\/strong>. Todo esto es una <strong data-start=\"1076\" data-end=\"1151\">iniciativa que, como informa, est\u00e1 en proceso de poder ser una realidad<\/strong>.<\/p>\n<p data-start=\"1154\" data-end=\"1506\">Para hacer entretenida y comprensiva la <a href=\"https:\/\/www.ultimahora.es\/etiqueta\/lectura.html?utm_source=Inline-tag&amp;utm_medium=internal\" rel=\"nofollow noopener\" target=\"_blank\">lectura<\/a>, la historia versa sobre un ni\u00f1o, <strong data-start=\"1236\" data-end=\"1248\">Tonyette<\/strong>, que siente un dolor tan fuerte que <strong data-start=\"1285\" data-end=\"1313\">piensa que se va a morir<\/strong>. Es entonces, mientras mira el cielo, que le pregunta a su madre <strong data-start=\"1379\" data-end=\"1398\">qu\u00e9 hay tras \u00e9l<\/strong>, una pregunta que refleja la <strong data-start=\"1428\" data-end=\"1448\">angustia y miedo<\/strong> que siente el ni\u00f1o y lo fr\u00e1gil que se siente en el mundo.<\/p>\n<p data-start=\"1508\" data-end=\"1968\">Esta pregunta refleja la intenci\u00f3n del ni\u00f1o por conocer <strong data-start=\"1564\" data-end=\"1584\">si se va a morir<\/strong>, raz\u00f3n por la cual se inicia un <strong data-start=\"1617\" data-end=\"1662\">di\u00e1logo delicado entre la madre y el hijo<\/strong>, en el que se abre el <strong data-start=\"1685\" data-end=\"1714\">mundo imaginario del ni\u00f1o<\/strong> por conocer qu\u00e9 hay ah\u00ed arriba. As\u00ed, la historia se convierte en una <strong data-start=\"1784\" data-end=\"1809\">herramienta educativa<\/strong>, no solo para los ni\u00f1os, tambi\u00e9n para los padres, <strong data-start=\"1860\" data-end=\"1967\">para que aprendan a dialogar, escuchar y acompa\u00f1ar a sus hijos en realidades inevitables como la <a href=\"https:\/\/www.ultimahora.es\/etiqueta\/muerte.html?utm_source=Inline-tag&amp;utm_medium=internal\" rel=\"nofollow noopener\" target=\"_blank\">muerte<\/a><\/strong>.<\/p>\n<p><img loading=\"lazy\" decoding=\"async\" src=\"https:\/\/www.europesays.com\/es\/wp-content\/uploads\/2025\/09\/3472083.jpg\" border=\"0\" alt=\"\" width=\"720\" height=\"720\"\/>&#13;<br \/>\nPortada del libro de M\u00aa Jos\u00e9 Guasp.&#13;<\/p>\n<p data-start=\"1970\" data-end=\"2625\">En este sentido, desde su perspectiva como <strong data-start=\"2013\" data-end=\"2039\">madre y <\/strong><strong data-start=\"2013\" data-end=\"2039\">como educadora<\/strong>, Guasp aconseja que \u00ab<strong data-start=\"2061\" data-end=\"2204\">a los hijos no hay que ocultarles realidades, sino ponerlas encima de la mesa y tratarlas con delicadeza para no invalidar sus sentimientos<\/strong>\u00bb. Aun as\u00ed, reconoce que los temas que preocupan a los ni\u00f1os, ya sea la <strong data-start=\"2276\" data-end=\"2312\">muerte, la salud f\u00edsica o mental<\/strong>, es un tema a tratar en la <a href=\"https:\/\/www.ultimahora.es\/etiqueta\/familia.html?utm_source=Inline-tag&amp;utm_medium=internal\" rel=\"nofollow noopener\" target=\"_blank\">familia<\/a>, aunque dependiendo de la personalidad, <strong data-start=\"2388\" data-end=\"2435\">las palabras que se utilicen sean distintas<\/strong>. En su caso explica que \u00absoy madre de tres hijos y no hablar\u00eda de la muerte de la misma manera a los tres, pero s\u00ed les hablar\u00eda de ella\u00bb. \u00ab<strong data-start=\"2579\" data-end=\"2615\">No es tanto el qu\u00e9, sino el c\u00f3mo<\/strong>\u00bb, agrega.<\/p>\n<p data-start=\"2627\" data-end=\"2953\">Igualmente, subraya que est\u00e1 inspirado en <strong data-start=\"2669\" data-end=\"2739\">todas esas preguntas que surgen fruto de la inocencia de los ni\u00f1os<\/strong> y en todo lo que quieren decir y conocer y a veces no saben c\u00f3mo. Por ello, entre las p\u00e1ginas refleja la <strong data-start=\"2845\" data-end=\"2883\">empat\u00eda y la comunicaci\u00f3n familiar<\/strong>, la cual califica como una <strong data-start=\"2911\" data-end=\"2951\">\u00abmadurez y responsabilidad parental\u00bb<\/strong>.<\/p>\n<p data-start=\"2955\" data-end=\"3402\">El <strong data-start=\"2958\" data-end=\"2985\">entorno y la <a href=\"https:\/\/www.ultimahora.es\/etiqueta\/naturaleza.html?utm_source=Inline-tag&amp;utm_medium=internal\" rel=\"nofollow noopener\" target=\"_blank\">naturaleza<\/a><\/strong> son otros de los pilares de la narraci\u00f3n: \u00ab<strong data-start=\"3029\" data-end=\"3167\">La familia y el contacto con la naturaleza influyen en la capacidad del ni\u00f1o para afrontar las situaciones que siente de dolor y miedo<\/strong>\u00bb, informa la autora. A su vez, \u00abel contacto con la naturaleza ofrece espacios abiertos donde los ritmos y los tiempos son otros. La naturaleza indica cu\u00e1ndo empieza y termina algo, pues nos habla de los ciclos de la vida\u00bb, cuenta.<\/p>\n<p data-start=\"3404\" data-end=\"3736\">La <strong data-start=\"3407\" data-end=\"3466\">met\u00e1fora del principio y fin que todo tiene en el mundo<\/strong>, en la historia de Tonyette, se ve reflejada en <strong data-start=\"3515\" data-end=\"3528\">un huerto<\/strong>. Tambi\u00e9n, la autora y educadora Guasp trata la <strong data-start=\"3576\" data-end=\"3639\">vulnerabilidad de la madre frente a Tonyette y sus hermanas<\/strong>. Algo que se extrapola a la <strong data-start=\"3668\" data-end=\"3735\">realidad de muchos padres en la actualidad frente a la angustia<\/strong>.<\/p>\n<p data-start=\"3738\" data-end=\"4050\">Para la autora, \u00ab<strong data-start=\"3755\" data-end=\"3806\">el objetivo del libro es la escucha a los ni\u00f1os<\/strong>\u00bb, porque como declara, tras una pregunta aparentemente inocente puede esconderse una verdad profunda como es<strong data-start=\"3839\" data-end=\"3937\"> \u00abno quiero morir\u00bb<\/strong>. Por eso, insiste en \u00ab<strong data-start=\"3959\" data-end=\"4039\">humanizar la figura del ni\u00f1o en todos los procesos, incluidos el sanitario\u00bb<\/strong>, concluye.<\/p>\n","protected":false},"excerpt":{"rendered":"\u00abCuando mi hijo nac\u00eda, al hijo de una compa\u00f1era le acababan de detectar un tumor cerebral\u00bb, narra con&hellip;\n","protected":false},"author":2,"featured_media":130795,"comment_status":"","ping_status":"","sticky":false,"template":"","format":"standard","meta":{"footnotes":""},"categories":[172],"tags":[224,146,147,25,24,367,3132,1807,1496,225,2552,4920,4809,1409,2932,2553,2554,41937,23,1529,21],"class_list":{"0":"post-130794","1":"post","2":"type-post","3":"status-publish","4":"format-standard","5":"has-post-thumbnail","7":"category-libros","8":"tag-books","9":"tag-entertainment","10":"tag-entretenimiento","11":"tag-es","12":"tag-espana","13":"tag-familia","14":"tag-infantil","15":"tag-lectura","16":"tag-libro","17":"tag-libros","18":"tag-local","19":"tag-muerte","20":"tag-muertes","21":"tag-naturaleza","22":"tag-ninos","23":"tag-palma","24":"tag-palma-de-mallorca","25":"tag-presentacion-de-libros","26":"tag-spain","27":"tag-ultima-hora","28":"tag-ultimas-noticias"},"share_on_mastodon":{"url":"","error":""},"_links":{"self":[{"href":"https:\/\/www.europesays.com\/es\/wp-json\/wp\/v2\/posts\/130794","targetHints":{"allow":["GET"]}}],"collection":[{"href":"https:\/\/www.europesays.com\/es\/wp-json\/wp\/v2\/posts"}],"about":[{"href":"https:\/\/www.europesays.com\/es\/wp-json\/wp\/v2\/types\/post"}],"author":[{"embeddable":true,"href":"https:\/\/www.europesays.com\/es\/wp-json\/wp\/v2\/users\/2"}],"replies":[{"embeddable":true,"href":"https:\/\/www.europesays.com\/es\/wp-json\/wp\/v2\/comments?post=130794"}],"version-history":[{"count":0,"href":"https:\/\/www.europesays.com\/es\/wp-json\/wp\/v2\/posts\/130794\/revisions"}],"wp:featuredmedia":[{"embeddable":true,"href":"https:\/\/www.europesays.com\/es\/wp-json\/wp\/v2\/media\/130795"}],"wp:attachment":[{"href":"https:\/\/www.europesays.com\/es\/wp-json\/wp\/v2\/media?parent=130794"}],"wp:term":[{"taxonomy":"category","embeddable":true,"href":"https:\/\/www.europesays.com\/es\/wp-json\/wp\/v2\/categories?post=130794"},{"taxonomy":"post_tag","embeddable":true,"href":"https:\/\/www.europesays.com\/es\/wp-json\/wp\/v2\/tags?post=130794"}],"curies":[{"name":"wp","href":"https:\/\/api.w.org\/{rel}","templated":true}]}}