{"id":130803,"date":"2025-09-22T02:11:11","date_gmt":"2025-09-22T02:11:11","guid":{"rendered":"https:\/\/www.europesays.com\/es\/130803\/"},"modified":"2025-09-22T02:11:11","modified_gmt":"2025-09-22T02:11:11","slug":"vestido-de-novia-de-lorenzo-caprile-invitados-vip-y-en-el-castillo-de-batres","status":"publish","type":"post","link":"https:\/\/www.europesays.com\/es\/130803\/","title":{"rendered":"vestido de novia de Lorenzo Caprile, invitados vip y en el castillo de Batres"},"content":{"rendered":"\n<p> La espera ha llegado a su fin. Este s\u00e1bado, <strong>Roc\u00edo Camacho<\/strong> vio cumplir uno de sus mayores sue\u00f1os, darse el <strong>\u2018s\u00ed, quiero\u2019 con Guillermo Aylon<\/strong>, el hombre con el que comparte sus d\u00edas desde hace tres a\u00f1os. Ambos sellaron su amor en una <strong>ceremonia civil<\/strong>, en el <strong>castillo de Batres<\/strong>, en Madrid, que estuvo repleta de familiares y amigos que quisieron estar presentes en este d\u00eda tan especial. Aunque las celebraciones, eso s\u00ed, comenzaron el viernes con una <strong>preboda en la que no falt\u00f3 la m\u00fasica<\/strong> y el jolgorio. Prueba de ello son las instant\u00e1neas que han <a href=\"https:\/\/www.vanitatis.elconfidencial.com\/famosos\/2025-09-20\/rocio-camacho-look-preboda-vicky-martin-berrocal_4212994\/\" target=\"_self\" rel=\"nofollow noopener\">publicado en sus redes sociales<\/a> y que sirven como un precedente de lo que acaece en la noche de ayer. <\/p>\n<p> Uno de los secretos mejor guardados era el<strong> vestido de novia<\/strong> que iba a lucir en su boda. <a href=\"https:\/\/www.vanitatis.elconfidencial.com\/famosos\/2024-06-12\/rocio-camacho-polemica-viral-con-actrices-videos_3900921\/\" target=\"_self\" rel=\"nofollow noopener\">Roc\u00edo Camacho<\/a>, que no quiso dar muchos detalles, s\u00ed adelant\u00f3, en <a href=\"https:\/\/www.vanitatis.elconfidencial.com\/novias\/2025-01-13\/rocio-camacho-influencer-boda-vestidos-novia_4039970\/\" target=\"_self\" rel=\"nofollow noopener\">conversaci\u00f3n con Vanitatis<\/a>, que se hab\u00eda decantado por \u00abalgo sencillo, elegante y con un toque sensual\u00bb. Y as\u00ed ha sido. La creadora de contenido luci\u00f3 un vestido blanco, de <strong>Lorenzo Caprile<\/strong>, de l\u00edneas depuradas y corte elegante, que se distingu\u00eda por un escote barco drapeado que enmarcaba la zona de los hombros y se abr\u00eda en una espectacular espalda en uve. La silueta se completaba con una falda estructurada que ca\u00eda con volumen limpio y culminaba en una larga cola. Se trataba de una apuesta que equilibraba sobriedad y sofisticaci\u00f3n. <\/p>\n<p>               Los novios derrochando felicidad. (Instagram \/ @rocioccamacho)             <\/p>\n<p> <strong>Roc\u00edo Camacho<\/strong> ha acompa\u00f1ado el estilismo con un recogido bajo pulido, con raya lateral, que dejaba despejado el rostro y resaltaba los rasgos de la novia. El peinado, sencillo y refinado, reforzaba la elegancia del vestido y le daba un<strong> aire regio sin caer en artificios<\/strong>. El maquillaje, por su parte, se mantuvo en la misma l\u00ednea: natural, luminoso y con protagonismo en la mirada, consiguiendo que la belleza de la novia brillase de manera fresca y delicada. En conjunto, se trat\u00f3 de una propuesta muy coherente con su personalidad, que apostaba por la fuerza de los detalles bien ejecutados en lugar de recurrir a excesos, consolidando un<strong> look nupcial impecable.<\/strong> <\/p>\n<p>               Roc\u00edo Camacho y Guillermo Aylon convertidos en marido y mujer. (Instagram \/ @rocioccamacho)             <\/p>\n<p> El enclave elegido, con aires medievales, combina, a la perfecci\u00f3n, con vestido de novia. Se\u00f1alar que no es el primer rostro conocido que se decanta por el <a href=\"https:\/\/www.vanitatis.elconfidencial.com\/famosos\/2025-07-19\/castillo-batres-boda-jaime-cantizano-madrid-1qrt_4176356\/\" target=\"_self\" rel=\"nofollow noopener\">castillo de Batres<\/a> para su gran d\u00eda. Hace unos meses, <strong>Jaime Cantizano<\/strong> celebr\u00f3 su boda con Miguel Golding. Pero antes que ellos, el pasado junio, <strong>Jaime Lorente<\/strong> se dio <a href=\"https:\/\/www.vanitatis.elconfidencial.com\/famosos\/2025-05-29\/jaime-lorente-boda-jaime-cantizano-madrid-1qrt_4140145\/\" target=\"_self\" rel=\"nofollow noopener\">el &#8216;s\u00ed, quiero&#8217; con Marta Goenaga<\/a>. Aunque centr\u00e1ndonos en la boda de Camacho y viendo las fotograf\u00edas que se han ido publicando, podemos decir que la creadora de contenido ha logrado que su estilismo no solo sea un vestido de novia, sino una puesta en escena coherente y muy personal. <\/p>\n<p>               Los novios durante el &#8216;s\u00ed, quiero&#8217;. (Instagram \/ @rocioccamacho)             <\/p>\n<p> Como era de esperar, este &#8216;s\u00ed, quiero&#8217; congreg\u00f3 a varios<strong> rostros conocidos<\/strong> de este pa\u00eds. Aunque gran parte de ellos pertenecen a la industria del entretenemiento &#8211;<strong>Susana Megan, Claudia Mart\u00ednez <\/strong>y <strong>Marta Carriedo<\/strong>, entre otras-, destacaba la presencia de la <strong>medallista ol\u00edmpica Carolina Mar\u00edn<\/strong>, quien ya se dej\u00f3 ver en la preboda con un espectacular vestido de tirantes con detalles dorados de color marr\u00f3n. As\u00ed, en buena compa\u00f1\u00eda, los ya convertidos en marido y mujer disfrutaron de una jornada llena de emoci\u00f3n que, a buen recaudo, quedar\u00e1 grabada, para siempre, en sus retinas. <\/p>\n<p> La espera ha llegado a su fin. Este s\u00e1bado, <strong>Roc\u00edo Camacho<\/strong> vio cumplir uno de sus mayores sue\u00f1os, darse el <strong>\u2018s\u00ed, quiero\u2019 con Guillermo Aylon<\/strong>, el hombre con el que comparte sus d\u00edas desde hace tres a\u00f1os. Ambos sellaron su amor en una <strong>ceremonia civil<\/strong>, en el <strong>castillo de Batres<\/strong>, en Madrid, que estuvo repleta de familiares y amigos que quisieron estar presentes en este d\u00eda tan especial. Aunque las celebraciones, eso s\u00ed, comenzaron el viernes con una <strong>preboda en la que no falt\u00f3 la m\u00fasica<\/strong> y el jolgorio. Prueba de ello son las instant\u00e1neas que han <a href=\"https:\/\/www.vanitatis.elconfidencial.com\/famosos\/2025-09-20\/rocio-camacho-look-preboda-vicky-martin-berrocal_4212994\/\" target=\"_self\" rel=\"nofollow noopener\">publicado en sus redes sociales<\/a> y que sirven como un precedente de lo que acaece en la noche de ayer. <\/p>\n","protected":false},"excerpt":{"rendered":"La espera ha llegado a su fin. Este s\u00e1bado, Roc\u00edo Camacho vio cumplir uno de sus mayores sue\u00f1os,&hellip;\n","protected":false},"author":2,"featured_media":130804,"comment_status":"","ping_status":"","sticky":false,"template":"","format":"standard","meta":{"footnotes":""},"categories":[91],"tags":[146,147,25,24,23],"class_list":{"0":"post-130803","1":"post","2":"type-post","3":"status-publish","4":"format-standard","5":"has-post-thumbnail","7":"category-entretenimiento","8":"tag-entertainment","9":"tag-entretenimiento","10":"tag-es","11":"tag-espana","12":"tag-spain"},"share_on_mastodon":{"url":"","error":""},"_links":{"self":[{"href":"https:\/\/www.europesays.com\/es\/wp-json\/wp\/v2\/posts\/130803","targetHints":{"allow":["GET"]}}],"collection":[{"href":"https:\/\/www.europesays.com\/es\/wp-json\/wp\/v2\/posts"}],"about":[{"href":"https:\/\/www.europesays.com\/es\/wp-json\/wp\/v2\/types\/post"}],"author":[{"embeddable":true,"href":"https:\/\/www.europesays.com\/es\/wp-json\/wp\/v2\/users\/2"}],"replies":[{"embeddable":true,"href":"https:\/\/www.europesays.com\/es\/wp-json\/wp\/v2\/comments?post=130803"}],"version-history":[{"count":0,"href":"https:\/\/www.europesays.com\/es\/wp-json\/wp\/v2\/posts\/130803\/revisions"}],"wp:featuredmedia":[{"embeddable":true,"href":"https:\/\/www.europesays.com\/es\/wp-json\/wp\/v2\/media\/130804"}],"wp:attachment":[{"href":"https:\/\/www.europesays.com\/es\/wp-json\/wp\/v2\/media?parent=130803"}],"wp:term":[{"taxonomy":"category","embeddable":true,"href":"https:\/\/www.europesays.com\/es\/wp-json\/wp\/v2\/categories?post=130803"},{"taxonomy":"post_tag","embeddable":true,"href":"https:\/\/www.europesays.com\/es\/wp-json\/wp\/v2\/tags?post=130803"}],"curies":[{"name":"wp","href":"https:\/\/api.w.org\/{rel}","templated":true}]}}