{"id":130807,"date":"2025-09-22T02:14:07","date_gmt":"2025-09-22T02:14:07","guid":{"rendered":"https:\/\/www.europesays.com\/es\/130807\/"},"modified":"2025-09-22T02:14:07","modified_gmt":"2025-09-22T02:14:07","slug":"portugal-reconoce-oficialmente-al-estado-de-palestina-dw-22-09-2025","status":"publish","type":"post","link":"https:\/\/www.europesays.com\/es\/130807\/","title":{"rendered":"Portugal reconoce oficialmente al Estado de Palestina \u2013 DW \u2013 22\/09\/2025"},"content":{"rendered":"<p>Portugal reconoci\u00f3 oficialmente el domingo (21.09.2025) al Estado de Palestina, a trav\u00e9s de una declaraci\u00f3n del ministro de Exteriores luso, Paulo Rangel, desde la sede de la misi\u00f3n de su pa\u00eds en <a class=\"internal-link\" href=\"https:\/\/www.dw.com\/es\/onu\/t-17409613\" rel=\"nofollow noopener\" target=\"_blank\">Naciones Unidas<\/a>.<\/p>\n<p>\u00abHoy d\u00eda 21 de septiembre de 2025 el Estado portugu\u00e9s reconoce oficialmente el Estado de Palestina\u00bb, dijo Rangel, despu\u00e9s de que este domingo el Reino Unido, Australia y Canad\u00e1 diera tambi\u00e9n ese paso, mientras que Francia y otros cinco pa\u00edses lo har\u00e1n previsiblemente ma\u00f1ana.<\/p>\n<p>El canciller luso subray\u00f3 que en este d\u00eda que\u00a0<a class=\"internal-link\" href=\"https:\/\/www.dw.com\/es\/portugal-reconocer\u00e1-oficialmente-el-estado-de-palestina-el-domingo\/a-74071017\" rel=\"nofollow noopener\" target=\"_blank\">Portugal reconoce el Estado de Palestina<\/a> y en el que reafirma su voluntad de fortalecer \u00ablas profundas y antiguas\u00bb relaciones de amistad con el pueblo israel\u00ed y los \u00abrenovados y auspiciosos\u00bb lazos con el palestino, exhorta \u00abdesde el fondo del coraz\u00f3n\u00bb al cese de las hostilidades y a la entrada de ayuda humanitaria en\u00a0<a class=\"internal-link\" href=\"https:\/\/www.dw.com\/es\/franja-de-gaza\/t-67111647\" rel=\"nofollow noopener\" target=\"_blank\">Gaza<\/a>.<\/p>\n<p>\u00abEl Gobierno portugu\u00e9s escogi\u00f3 simb\u00f3licamente hacer esta declaraci\u00f3n en la representaci\u00f3n permanente de Portugal en la ONU -agreg\u00f3-, precisamente para indicar que solo bajo la \u00e9gida de las Naciones Unidas y el esp\u00edritu de su carta fundacional es posible alcanzar una soluci\u00f3n al conflicto, que se libere los rehenes, que se inicie un alto el fuego, que las fronteras se abran a la ayuda humanitaria\u00bb.<\/p>\n<p>El ministro detall\u00f3 que existe unanimidad entre los partidos en Portugal para respaldar la soluci\u00f3n de dos Estados, como una salida futura al conflicto israel\u00ed-palestino, y record\u00f3 que esto refleja la l\u00ednea \u00abconstante y consensuada\u00bb de la pol\u00edtica exterior del pa\u00eds ib\u00e9rico.<\/p>\n<p>Al mismo tiempo, Rangel subray\u00f3 que el Gobierno portugu\u00e9s insiste en el derecho del Estado de Israel a existir y a responder a sus necesidades de seguridad.<\/p>\n<p>Hizo hincapi\u00e9 en la condena \u00aba los atroces ataques terroristas\u00bb del 7 de octubre de 2023 por parte del grupo palestino Ham\u00e1s y otras organizaciones contra Israel y exigi\u00f3 la liberaci\u00f3n inmediata de todos los rehenes, adem\u00e1s de la necesidad de combatir todas las formas de antisemitismo.<\/p>\n<p>Rangel admiti\u00f3 que \u00abla evoluci\u00f3n altamente preocupante del conflicto\u00bb con la voluntad por parte de Israel de anexarse territorios podr\u00eda impedir o dificultad \u00abenormemente\u00bb la realizaci\u00f3n de la soluci\u00f3n de dos Estados\u00bb.<\/p>\n<p>El reconocimiento este domingo por parte del Reino Unido, Australia, Canad\u00e1 y Portugal se produce en v\u00edspera de una \u00abConferencia internacional para la soluci\u00f3n de los dos estados\u00bb que se celebra este lunes en la Asamblea General de la ONU en Nueva York.<\/p>\n<p>gs (efe, dpa)<\/p>\n","protected":false},"excerpt":{"rendered":"Portugal reconoci\u00f3 oficialmente el domingo (21.09.2025) al Estado de Palestina, a trav\u00e9s de una declaraci\u00f3n del ministro de&hellip;\n","protected":false},"author":2,"featured_media":130808,"comment_status":"","ping_status":"","sticky":false,"template":"","format":"standard","meta":{"footnotes":""},"categories":[42],"tags":[17,18,13,14,11,61,62,63,64,19,20,9,10,15,16,12,21,22,65,66,67],"class_list":{"0":"post-130807","1":"post","2":"type-post","3":"status-publish","4":"format-standard","5":"has-post-thumbnail","7":"category-internacional","8":"tag-breaking-news","9":"tag-breakingnews","10":"tag-featured-news","11":"tag-featurednews","12":"tag-headlines","13":"tag-internacional","14":"tag-international","15":"tag-international-news","16":"tag-internationalnews","17":"tag-latest-news","18":"tag-latestnews","19":"tag-news","20":"tag-noticias","21":"tag-noticias-destacadas","22":"tag-noticiasdestacadas","23":"tag-titulares","24":"tag-ultimas-noticias","25":"tag-ultimasnoticias","26":"tag-world","27":"tag-world-news","28":"tag-worldnews"},"share_on_mastodon":{"url":"","error":""},"_links":{"self":[{"href":"https:\/\/www.europesays.com\/es\/wp-json\/wp\/v2\/posts\/130807","targetHints":{"allow":["GET"]}}],"collection":[{"href":"https:\/\/www.europesays.com\/es\/wp-json\/wp\/v2\/posts"}],"about":[{"href":"https:\/\/www.europesays.com\/es\/wp-json\/wp\/v2\/types\/post"}],"author":[{"embeddable":true,"href":"https:\/\/www.europesays.com\/es\/wp-json\/wp\/v2\/users\/2"}],"replies":[{"embeddable":true,"href":"https:\/\/www.europesays.com\/es\/wp-json\/wp\/v2\/comments?post=130807"}],"version-history":[{"count":0,"href":"https:\/\/www.europesays.com\/es\/wp-json\/wp\/v2\/posts\/130807\/revisions"}],"wp:featuredmedia":[{"embeddable":true,"href":"https:\/\/www.europesays.com\/es\/wp-json\/wp\/v2\/media\/130808"}],"wp:attachment":[{"href":"https:\/\/www.europesays.com\/es\/wp-json\/wp\/v2\/media?parent=130807"}],"wp:term":[{"taxonomy":"category","embeddable":true,"href":"https:\/\/www.europesays.com\/es\/wp-json\/wp\/v2\/categories?post=130807"},{"taxonomy":"post_tag","embeddable":true,"href":"https:\/\/www.europesays.com\/es\/wp-json\/wp\/v2\/tags?post=130807"}],"curies":[{"name":"wp","href":"https:\/\/api.w.org\/{rel}","templated":true}]}}