{"id":130811,"date":"2025-09-22T02:16:16","date_gmt":"2025-09-22T02:16:16","guid":{"rendered":"https:\/\/www.europesays.com\/es\/130811\/"},"modified":"2025-09-22T02:16:16","modified_gmt":"2025-09-22T02:16:16","slug":"angelina-jolie-enamora-en-su-visita-relampago-al-festival-de-san-sebastian","status":"publish","type":"post","link":"https:\/\/www.europesays.com\/es\/130811\/","title":{"rendered":"Angelina Jolie enamora en su visita rel\u00e1mpago al Festival de San Sebasti\u00e1n"},"content":{"rendered":"<p id=\"ey71mnWDsX\" data-wc=\"70\">La visita rel\u00e1mpago de <strong>Angelina Jolie<\/strong>, una de las principales estrellas de la presente edici\u00f3n del <strong>Festival de San Sebasti\u00e1n<\/strong>, ha enamorado a propios y extra\u00f1os en una ciudad volcada en el recibimiento a la actriz estadounidense, protagonista de una de las pel\u00edculas a concurso en la Secci\u00f3n Oficial: Couture. La lluvia, incesante durante toda la jornada, no ha logrado deslucir uno de los mayores hitos de la 73\u00aa edici\u00f3n.\u00a0<\/p>\n<p> <img src=\"https:\/\/www.europesays.com\/es\/wp-content\/uploads\/2025\/09\/1c136780ee11-manuel-daz-de-rada-lurrak-studio-1.jpg\"   width=\"819\" height=\"1024\" loading=\"lazy\" decoding=\"async\" alt=\"Media Image\" fetchpriority=\"auto\" class=\"image ho-image\"\/>\u00a9 Manuel D\u00edaz de Rada<\/p>\n<p id=\"emvN9Qv0emu\" data-wc=\"76\">Por sorpresa, el festival anunci\u00f3 el jueves, en v\u00edsperas de la inauguraci\u00f3n, las presencias de la int\u00e9rprete y de Louis Garrel y Garance Marillier, que tambi\u00e9n participan en el largometraje dirigido por la francesa Alice Winocour junto a Anyier Anei y Ella Rumpf. Jolie, que <strong>nunca hab\u00eda estado en el certamen donostiarra<\/strong>, ha hecho un hueco en su apretad\u00edsima agenda para realizar una visita expr\u00e9s de apenas unas horas que pasar\u00e1 a la historia del Festival.\u00a0<\/p>\n<p> <img src=\"https:\/\/www.europesays.com\/es\/wp-content\/uploads\/2025\/09\/cc29805ae2dc-manuel-daz-de-rada-lurrak-studio-2.jpg\"   width=\"1024\" height=\"683\" loading=\"lazy\" decoding=\"async\" alt=\"Media Image\" fetchpriority=\"auto\" class=\"image ho-image\"\/>\u00a9 Manuel D\u00edaz de Rada<\/p>\n<p id=\"eLtgL8bz1u\" data-wc=\"102\">En su decisi\u00f3n ha podido influir el hecho de que adem\u00e1s de protagonizar <strong>Couture<\/strong>, tambi\u00e9n ha ejercido de productora de este filme ambientado en la Semana de la Moda de Par\u00eds. Su personaje es el de Maxine, una cineasta estadounidense a la que diagnostican c\u00e1ncer de mama y que se ve envuelta en una relaci\u00f3n inesperada con un colaborador cercano (Louis Garrel). En su destino se cruza Ana (Anyier Anei), una nueva cara en el mundo de la moda que escapa de un futuro prefijado en Sud\u00e1n del Sur, y con Ang\u00e8le (Ella Rumpf),maquilladora francesa que trabaja entre bambalinas en los desfiles.<\/p>\n<p id=\"eDGeyV9Swm4\" data-wc=\"108\">\u00a0Con el tiempo ajustad\u00edsimo y en medio de una <strong>gran expectaci\u00f3n<\/strong>, la actriz ha aterrizado en Biarritz desde Londres, donde estos d\u00edas rueda un filme, y ha llegado por la tarde a San Sebasti\u00e1n, donde miles de seguidores aguardaban bajo la lluvia desde hac\u00eda horas. Mientras sus compa\u00f1eros de equipo posaban en el photocall, Angelina ha roto el protocolo previsto y ha improvisado un multitudinario desfile sobre la encharcada alfombra roja, donde se ha hecho selfis, ha firmado aut\u00f3grafos y ha sonre\u00eddo ampliamente mientras el enamorado p\u00fablico coreaba su nombre. En el interior del Kursaal, donde ha tenido lugar la proyecci\u00f3n, la han recibido con un atronador aplauso.\u00a0<\/p>\n<p> <img src=\"https:\/\/www.europesays.com\/es\/wp-content\/uploads\/2025\/09\/728ffb04248a-gari-garaialde-1.jpg\"   width=\"1024\" height=\"682\" loading=\"lazy\" decoding=\"async\" alt=\"Media Image\" fetchpriority=\"auto\" class=\"image ho-image\"\/>\u00a9 GTRES<\/p>\n<p id=\"e1g6gsw1y-\" data-wc=\"78\">Durante la proyecci\u00f3n ha atendido a los periodistas en la rueda de prensa m\u00e1s multitudinaria de esta edici\u00f3n. En ella ha recordado emocionada a su madre, que falleci\u00f3 de c\u00e1ncer, y tambi\u00e9n ha mencionado la <strong>doble mastectom\u00eda a la que se someti\u00f3<\/strong> tras conocer su predisposici\u00f3n gen\u00e9tica a padecer esa misma enfermedad: \u201cFue mi opci\u00f3n y no la lamento, pero no todo el mundo puede hacerlo exactamente como lo hice yo. Lo esencial es decidir por una misma\u201d.\u00a0<\/p>\n<p> <img src=\"https:\/\/www.europesays.com\/es\/wp-content\/uploads\/2025\/09\/f136bbc25e00-jorge-fuembuena.jpg\"   width=\"1024\" height=\"683\" loading=\"lazy\" decoding=\"async\" alt=\"Media Image\" fetchpriority=\"auto\" class=\"image ho-image\"\/>\u00a9 Jorge Fuembuena<\/p>\n<p id=\"elqWSCBRLu\" data-wc=\"97\">Para Jolie, participar en esta pel\u00edcula que habla de la <strong>\u201cconexi\u00f3n compartida\u201d\u00a0<\/strong>por mujeres de distintas procedencias ha sido algo <strong>\u201csanador\u201d<\/strong>. \u201cCouture\u00a0habla de c\u00f3mo nos unimos cuando vemos sufrir a alguien que queremos. El cine tiene la facultad de reunirnos en una sala oscura y hacernos pensar sobre estas cuestiones\u201d, ha asegurado la actriz, que a la pregunta de a qu\u00e9 tiene miedo como actriz y como estadounidense, ha respondido: \u201cAmo mi pa\u00eds, pero en este momento no lo reconozco. Cualquier cosa que divide o limita las expresiones personales y las libertades es algo muy peligroso\u201d.<\/p>\n<p> <img src=\"https:\/\/www.europesays.com\/es\/wp-content\/uploads\/2025\/09\/a790d58d997a-manuel-daz-de-rada-lurrak-studio-3.jpg\"   width=\"819\" height=\"1024\" loading=\"lazy\" decoding=\"async\" alt=\"Media Image\" fetchpriority=\"auto\" class=\"image ho-image\"\/>\u00a9 Manuel D\u00ed\u00adaz de Rada<\/p>\n<p id=\"em_-88VjkO\" data-wc=\"74\">Sin tiempo ni siquiera para dormir en San Sebasti\u00e1n, la diva ha abandonado la ciudad para atender sus compromisos profesionales. La lluvia continuar\u00e1 durante unos d\u00edas, tanto el fen\u00f3meno climatol\u00f3gico como el goteo de estrellas que comenz\u00f3 el viernes con la visita de figuras como <strong>Juliette Binoche<\/strong> y que continuar\u00e1 hasta el s\u00e1bado d\u00eda 27 con presencias como las de <strong>Colin Farrell o Jennifer Lawrence<\/strong>, que recibir\u00e1 el segundo Premio Donostia de esta edici\u00f3n.<\/p>\n","protected":false},"excerpt":{"rendered":"La visita rel\u00e1mpago de Angelina Jolie, una de las principales estrellas de la presente edici\u00f3n del Festival de&hellip;\n","protected":false},"author":2,"featured_media":130812,"comment_status":"","ping_status":"","sticky":false,"template":"","format":"standard","meta":{"footnotes":""},"categories":[5],"tags":[517,20128,17,18,25,24,13,14,30062,11,19,20,9,10,15,16,23,12,21,22],"class_list":{"0":"post-130811","1":"post","2":"type-post","3":"status-publish","4":"format-standard","5":"has-post-thumbnail","7":"category-titulares","8":"tag-actualidad","9":"tag-angelina-jolie","10":"tag-breaking-news","11":"tag-breakingnews","12":"tag-es","13":"tag-espana","14":"tag-featured-news","15":"tag-featurednews","16":"tag-festival-de-san-sebastian","17":"tag-headlines","18":"tag-latest-news","19":"tag-latestnews","20":"tag-news","21":"tag-noticias","22":"tag-noticias-destacadas","23":"tag-noticiasdestacadas","24":"tag-spain","25":"tag-titulares","26":"tag-ultimas-noticias","27":"tag-ultimasnoticias"},"share_on_mastodon":{"url":"","error":""},"_links":{"self":[{"href":"https:\/\/www.europesays.com\/es\/wp-json\/wp\/v2\/posts\/130811","targetHints":{"allow":["GET"]}}],"collection":[{"href":"https:\/\/www.europesays.com\/es\/wp-json\/wp\/v2\/posts"}],"about":[{"href":"https:\/\/www.europesays.com\/es\/wp-json\/wp\/v2\/types\/post"}],"author":[{"embeddable":true,"href":"https:\/\/www.europesays.com\/es\/wp-json\/wp\/v2\/users\/2"}],"replies":[{"embeddable":true,"href":"https:\/\/www.europesays.com\/es\/wp-json\/wp\/v2\/comments?post=130811"}],"version-history":[{"count":0,"href":"https:\/\/www.europesays.com\/es\/wp-json\/wp\/v2\/posts\/130811\/revisions"}],"wp:featuredmedia":[{"embeddable":true,"href":"https:\/\/www.europesays.com\/es\/wp-json\/wp\/v2\/media\/130812"}],"wp:attachment":[{"href":"https:\/\/www.europesays.com\/es\/wp-json\/wp\/v2\/media?parent=130811"}],"wp:term":[{"taxonomy":"category","embeddable":true,"href":"https:\/\/www.europesays.com\/es\/wp-json\/wp\/v2\/categories?post=130811"},{"taxonomy":"post_tag","embeddable":true,"href":"https:\/\/www.europesays.com\/es\/wp-json\/wp\/v2\/tags?post=130811"}],"curies":[{"name":"wp","href":"https:\/\/api.w.org\/{rel}","templated":true}]}}