{"id":130813,"date":"2025-09-22T02:17:18","date_gmt":"2025-09-22T02:17:18","guid":{"rendered":"https:\/\/www.europesays.com\/es\/130813\/"},"modified":"2025-09-22T02:17:18","modified_gmt":"2025-09-22T02:17:18","slug":"segunda-derrota-del-bm-salamanca-24-38","status":"publish","type":"post","link":"https:\/\/www.europesays.com\/es\/130813\/","title":{"rendered":"Segunda derrota del BM Salamanca (24-38)"},"content":{"rendered":"<p class=\"v-mdl-ath__p v-mdl-ath__p--6\">\nS\u00e1bado, 20 de septiembre 2025, 22:34<\/p>\n<p class=\"v-p\">El BM Salamanca cumpli\u00f3 su primer partido de la temporada en el pabell\u00f3n R\u00edo Tormes, y lo hizo con un final que no esperaban. El equipo salmantino pag\u00f3 muy caros sus errores para sumar su segunda derrota de la temporada en este arranque de Liga. <strong>En esta ocasi\u00f3n fue a manos del BM Sanse, que s\u00ed tuvo el acierto de cara a puerta para llevarse la victoria con un marcador de 24-38.<\/strong><\/p>\n<p class=\"v-p\">Despu\u00e9s de unos primeros minutos donde ninguna era capaz de despegarse en el marcador, el BM Salamanca empez\u00f3 a acusar los errores en ataque, mientras que su rival se los hac\u00eda pagar muy caro. Los de Rechim\u00f3n comenzaron<strong> a mejorar sobre el parqu\u00e9, pero el BM Sanse no baj\u00f3 el ritmo<\/strong> y en el tramo final del primer tiempo comenz\u00f3 a encarrilar la victoria en tierras salmantinas. Tal fue as\u00ed que llegaron al descanso con una ventaja de diez goles (12-22) sobre el BM Salamanca.<\/p>\n<p class=\"v-p\"><strong>El paso por los vestuarios no vari\u00f3 un encuentro que no iban a dejar escapar los visitantes<\/strong>, y as\u00ed fue. En los siguientes compases solo ampliaron su ventaja llevando el encuentro a los \u00faltimos diez minutos con el marcador ofreciendo un 24-35 para el BM Sanse. Y, zanjaron el duelo de la segunda jornada de Liga con un resultado de 24-38.<\/p>\n<p>Comenta<\/p>\n<p>Reporta un error<\/p>\n","protected":false},"excerpt":{"rendered":"S\u00e1bado, 20 de septiembre 2025, 22:34 El BM Salamanca cumpli\u00f3 su primer partido de la temporada en el&hellip;\n","protected":false},"author":2,"featured_media":130814,"comment_status":"","ping_status":"","sticky":false,"template":"","format":"standard","meta":{"footnotes":""},"categories":[278],"tags":[376,168,2244,25,24,375,3614,3745,23,167],"class_list":{"0":"post-130813","1":"post","2":"type-post","3":"status-publish","4":"format-standard","5":"has-post-thumbnail","7":"category-balonmano","8":"tag-balonmano","9":"tag-deportes","10":"tag-derrota","11":"tag-es","12":"tag-espana","13":"tag-handball","14":"tag-salamanca","15":"tag-segunda","16":"tag-spain","17":"tag-sports"},"share_on_mastodon":{"url":"","error":""},"_links":{"self":[{"href":"https:\/\/www.europesays.com\/es\/wp-json\/wp\/v2\/posts\/130813","targetHints":{"allow":["GET"]}}],"collection":[{"href":"https:\/\/www.europesays.com\/es\/wp-json\/wp\/v2\/posts"}],"about":[{"href":"https:\/\/www.europesays.com\/es\/wp-json\/wp\/v2\/types\/post"}],"author":[{"embeddable":true,"href":"https:\/\/www.europesays.com\/es\/wp-json\/wp\/v2\/users\/2"}],"replies":[{"embeddable":true,"href":"https:\/\/www.europesays.com\/es\/wp-json\/wp\/v2\/comments?post=130813"}],"version-history":[{"count":0,"href":"https:\/\/www.europesays.com\/es\/wp-json\/wp\/v2\/posts\/130813\/revisions"}],"wp:featuredmedia":[{"embeddable":true,"href":"https:\/\/www.europesays.com\/es\/wp-json\/wp\/v2\/media\/130814"}],"wp:attachment":[{"href":"https:\/\/www.europesays.com\/es\/wp-json\/wp\/v2\/media?parent=130813"}],"wp:term":[{"taxonomy":"category","embeddable":true,"href":"https:\/\/www.europesays.com\/es\/wp-json\/wp\/v2\/categories?post=130813"},{"taxonomy":"post_tag","embeddable":true,"href":"https:\/\/www.europesays.com\/es\/wp-json\/wp\/v2\/tags?post=130813"}],"curies":[{"name":"wp","href":"https:\/\/api.w.org\/{rel}","templated":true}]}}