{"id":130815,"date":"2025-09-22T02:18:15","date_gmt":"2025-09-22T02:18:15","guid":{"rendered":"https:\/\/www.europesays.com\/es\/130815\/"},"modified":"2025-09-22T02:18:15","modified_gmt":"2025-09-22T02:18:15","slug":"diego-ventura-mantiene-su-idilio-con-murcia","status":"publish","type":"post","link":"https:\/\/www.europesays.com\/es\/130815\/","title":{"rendered":"Diego Ventura mantiene su idilio con Murcia"},"content":{"rendered":"<p>La <a href=\"https:\/\/www.laverdad.es\/feria-murcia\/feriataurina\/\" data-voc-vtm-id=\"in-text-traffic\" title=\"Feria de Murcia\" data-mrf-link=\"www.laverdad.es\" rel=\"nofollow noopener\" target=\"_blank\">Feria de Murcia<\/a> pon\u00eda el broche de oro este domingo con su tradicional corrida de rejones. El festejo comenz\u00f3 con unos minutos de  &#8230; retraso debido a la amenaza de lluvia y al despliegue para retirar del ruedo la lona colocada por la ma\u00f1ana para proteger el buen estado del piso. Finalmente los negros nubarrones respetaron y se pudo dar sin incidencias el festejo, que comenz\u00f3 a las 18.45 horas, momento en el que hicieron el pase\u00edllo en el ruedo de La Condomina los tres caballeros: el portugu\u00e9s Rui Fernandes, el sevillano Diego Ventura y la francesa Lea Vicens, cartel internacional, que termin\u00f3 quedando de esta manera al sustituir Fernandes al inicialmente anunciado Andy Cartagena, que anda recuper\u00e1ndose de una lesi\u00f3n de abductores. <\/p>\n<p class=\"v-p\">La terna se enfrent\u00f3 a un buen encierro de Los Espartales, que sirvi\u00f3 para que los tres toreros a caballo se marcharan en volandas de La Condomina, tras convencer a un p\u00fablico de Murcia fiel a los rejones que casi llen\u00f3 los tendidos, con ganas de divertirse. En estas salt\u00f3 al ruedo el primero toro, que sirvi\u00f3 para el debut en Murcia del caballero lusitano Rui Fernandes. Con respeto al lugar donde se presentaba, brind\u00f3 al p\u00fablico su primera actuaci\u00f3n en esta plaza. Firm\u00f3 una faena templada a lomos de &#8216;El Dorado&#8217;. El toro de los Espartales tuvo buen son y los momentos m\u00e1s destacados de esta primera entrega de toreo a caballo de la tarde los protagoniz\u00f3 el luso montando al caballo &#8216;Mistral&#8217;, mostrando una doma elegante. Tras las banderillas cortas, mat\u00f3 al segundo intento y fue ovacionado. <\/p>\n<ul class=\"v-u\">\n<li class=\"v-u__l\">\n<p class=\"v-p\">\nPlaza de toros de Murcia.<br \/>\nCorrida de Rejones. Sexto y \u00faltimo festejo de abono. Casi lleno en los tendidos.\n<\/p>\n<\/li>\n<li class=\"v-u__l\">\n<p class=\"v-p\">\nToros.<br \/>\nGanader\u00eda de Los Espartales.\n<\/p>\n<\/li>\n<li class=\"v-u__l\">\n<p class=\"v-p\">\nRui Fernandes.<br \/>\nOvaci\u00f3n con saludo y dos orejas.\n<\/p>\n<\/li>\n<li class=\"v-u__l\">\n<p class=\"v-p\">\nDiego Ventura.<br \/>\nDos orejas, dos orejas y un rabo.\n<\/p>\n<\/li>\n<li class=\"v-u__l\">\n<p class=\"v-p\">\nLea Vicens.<br \/>\nDos orejas y silencio.\n<\/p>\n<\/li>\n<\/ul>\n<p class=\"v-p\">El segundo del cartel era Diego Ventura, que un a\u00f1o m\u00e1s mantiene su idilio con Murcia, una plaza entregada al rejoneador desde el primer minuto. Una historia de amor que ha tenido en el cierre de la feria de 2025 otro cap\u00edtulo m\u00e1s. Con &#8216;Quirico&#8217; tore\u00f3 de costado dando una vuelta y media completa al ruedo, con &#8216;Quitasue\u00f1os&#8217; puso pares al quiebro ajustad\u00edsimos, y con &#8216;Brillante&#8217; rindi\u00f3 al p\u00fablico en un carrusel de banderillas cortas que fue seguido con clamor. Mat\u00f3 de un rej\u00f3n certero y pase\u00f3 las dos orejas.<\/p>\n<p>\nLea Vicens conect\u00f3 de forma instant\u00e1nea con los tendidos a lomos de su caballo &#8216;J\u00f3ker&#8217;, con el que coloc\u00f3 dos buenas banderillas a un astado al que mat\u00f3 de un fulminante rej\u00f3n\n<\/p>\n<p class=\"v-p\">La francesa Lea Vicens conect\u00f3 de forma instant\u00e1nea con los tendidos a lomos de &#8216;J\u00f3ker&#8217; con el que coloc\u00f3 dos buenas banderillas. Con &#8216;Diluvio&#8217; llegaron los mejores pasajes de su primera actuaci\u00f3n, galopando de costado y dej\u00e1ndose llegar mucho al toro, poniendo al respetable en pie. Mat\u00f3 de un fulminante rej\u00f3n y cort\u00f3 dos orejas que le permitir\u00edan, a final de cuentas, salir a hombros de la plaza.<\/p>\n<p>\nVentura cerr\u00f3 su faena con un carrusel de rosas y su caballo &#8216;Brillante&#8217; que termin\u00f3 por enloquecer al respetable\n<\/p>\n<p class=\"v-p\">Tras la tradicional y larga merienda murciana, con viandas llenas de productos t\u00edpicos de la tierra, fue turno par Rui Fern\u00e1ndes, que le realiz\u00f3 una faena elegante y se\u00f1orial al cuarto de la tarde. Con &#8216;Quiebro&#8217; puso pares en la suerte del nombre de ese caballo, cambiando los viajes del astado con ajuste y acierto y con &#8216;Ipanema&#8217; tambi\u00e9n dej\u00f3 buenos pasajes, adorn\u00e1ndose con la monta. Remat\u00f3 con un carrusel de banderillas cortas a lomos de &#8216;Ugades&#8217; que fueron seguidos con mucho inter\u00e9s por los espectadores. Acert\u00f3 a la primera con el rej\u00f3n de muerte, que cay\u00f3 algo trasero y pase\u00f3 las dos orejas en una vuelta al ruedo en la que se vio entusiasmado el caballero portugu\u00e9s. El veterano jinete, vestido a la portuguesa, comprobaba por primera vez la pasi\u00f3n del p\u00fablico murciano.<\/p>\n<p>Un soberbio l\u00edo con &#8216;L\u00edo&#8217;<\/p>\n<p class=\"v-p\">Soberbia fue la actuaci\u00f3n ante el quinto de la tarde de Diego Ventura. El rejoneador form\u00f3 un aut\u00e9ntico l\u00edo a lomos precisamente de &#8216;L\u00edo&#8217;, uno de sus caballos estrella. La pureza en los cites, lo ajustad\u00edsimo de los embroque, y el dominio de la escena, convirtieron en un aut\u00e9ntico espect\u00e1culo el tercio de banderillas. Los pares sin cabezada con &#8216;Bronce&#8217; transformaron a la plaza en un manicomio. Entregado el sevillano, cerr\u00f3 la faena con un carrusel de rosas a lomos de &#8216;Brillante&#8217; que terminaron de enloquecer a los tendidos. Faena de temple, ajuste, empaque y sabidur\u00eda, que logr\u00f3 un a\u00f1o m\u00e1s rendir a sus pies al p\u00fablico de Murcia, con el que siente una conexi\u00f3n espcial. Un gran rej\u00f3n le puso en sus manos las dos orejas y el rabo y otro triunfo clamoroso en esta plaza.<\/p>\n<p>Toreo para la historia<\/p>\n<p class=\"v-p\">Ya son innumerables las tardes memorables de este rejoneador en Murcia. Un toreo a caballo para la historia. Para remate final cerr\u00f3 la tarde Lea Vicens con una faena templada con &#8216;Pantera&#8217;, clavando con acierto. El toro, manso y noble, le ayud\u00f3 a dejar buenos pasajes. Con &#8216;Greco&#8217; clav\u00f3 banderillas cortas y un rej\u00f3n trasero, que necesit\u00f3 el verduguillo, perdiendo el posible trofeo.<\/p>\n<p class=\"v-p\">Con los tres rejoneadores cruzando el umbral de la puerta grande se puso fin a la triunfal de Murcia de este a\u00f1o.<\/p>\n","protected":false},"excerpt":{"rendered":"La Feria de Murcia pon\u00eda el broche de oro este domingo con su tradicional corrida de rejones. El&hellip;\n","protected":false},"author":2,"featured_media":130816,"comment_status":"","ping_status":"","sticky":false,"template":"","format":"standard","meta":{"footnotes":""},"categories":[277],"tags":[373,168,15477,25,24,26094,5968,1478,23,167,374,9897],"class_list":{"0":"post-130815","1":"post","2":"type-post","3":"status-publish","4":"format-standard","5":"has-post-thumbnail","7":"category-toreo","8":"tag-bullfighting","9":"tag-deportes","10":"tag-diego","11":"tag-es","12":"tag-espana","13":"tag-idilio","14":"tag-mantiene","15":"tag-murcia","16":"tag-spain","17":"tag-sports","18":"tag-toreo","19":"tag-ventura"},"share_on_mastodon":{"url":"","error":""},"_links":{"self":[{"href":"https:\/\/www.europesays.com\/es\/wp-json\/wp\/v2\/posts\/130815","targetHints":{"allow":["GET"]}}],"collection":[{"href":"https:\/\/www.europesays.com\/es\/wp-json\/wp\/v2\/posts"}],"about":[{"href":"https:\/\/www.europesays.com\/es\/wp-json\/wp\/v2\/types\/post"}],"author":[{"embeddable":true,"href":"https:\/\/www.europesays.com\/es\/wp-json\/wp\/v2\/users\/2"}],"replies":[{"embeddable":true,"href":"https:\/\/www.europesays.com\/es\/wp-json\/wp\/v2\/comments?post=130815"}],"version-history":[{"count":0,"href":"https:\/\/www.europesays.com\/es\/wp-json\/wp\/v2\/posts\/130815\/revisions"}],"wp:featuredmedia":[{"embeddable":true,"href":"https:\/\/www.europesays.com\/es\/wp-json\/wp\/v2\/media\/130816"}],"wp:attachment":[{"href":"https:\/\/www.europesays.com\/es\/wp-json\/wp\/v2\/media?parent=130815"}],"wp:term":[{"taxonomy":"category","embeddable":true,"href":"https:\/\/www.europesays.com\/es\/wp-json\/wp\/v2\/categories?post=130815"},{"taxonomy":"post_tag","embeddable":true,"href":"https:\/\/www.europesays.com\/es\/wp-json\/wp\/v2\/tags?post=130815"}],"curies":[{"name":"wp","href":"https:\/\/api.w.org\/{rel}","templated":true}]}}