{"id":130817,"date":"2025-09-22T02:19:09","date_gmt":"2025-09-22T02:19:09","guid":{"rendered":"https:\/\/www.europesays.com\/es\/130817\/"},"modified":"2025-09-22T02:19:09","modified_gmt":"2025-09-22T02:19:09","slug":"asi-sera-el-escenario-de-ufc-en-la-casa-blanca-en-2026","status":"publish","type":"post","link":"https:\/\/www.europesays.com\/es\/130817\/","title":{"rendered":"As\u00ed ser\u00e1 el escenario de UFC en la Casa Blanca en 2026"},"content":{"rendered":"<p data-start=\"243\" data-end=\"500\">Las redes sociales de la <strong>Casa Blanca<\/strong> compartieron las primeras im\u00e1genes del escenario que albergar\u00e1 el pr\u00f3ximo gran evento de <a href=\"https:\/\/www.record.com.mx\/extremo\/ufc-rompe-con-espn-transmitira-todas-sus-peleas-en-paramount-sin-pago-por-evento\" rel=\"nofollow noopener\" target=\"_blank\"><strong>UFC<\/strong><\/a> en 2026. <a href=\"https:\/\/www.record.com.mx\/extremo\/dana-white-presidente-de-ufc-quiere-menos-categorias-en-el-boxeo-profesional\" rel=\"nofollow noopener\" target=\"_blank\"><strong>Dana White<\/strong><\/a>, presidente de la compa\u00f1\u00eda, adelant\u00f3 en una entrevista con FOX News c\u00f3mo imagina este magno acontecimiento.<\/p>\n<p>Una puesta en escena sin precedentes<\/p>\n<p data-start=\"544\" data-end=\"627\">Dana White explic\u00f3 que el dise\u00f1o tendr\u00e1 como elemento central un arco monumental. <strong>\u201cMi visi\u00f3n para el escenario es tener un arco gigante<\/strong> porque quiero que la Casa Blanca se vea de fondo. Y si la c\u00e1mara cambia de \u00e1ngulo, tambi\u00e9n se ver\u00e1 el Monumento a Washington\u201d, se\u00f1al\u00f3.<\/p>\n<p data-start=\"820\" data-end=\"894\">Adem\u00e1s, White revel\u00f3 que se planea un ambiente m\u00e1s all\u00e1 de lo deportivo. <strong>\u201cTendremos un escenario adicional <\/strong>con una banda de m\u00fasica tocando en vivo todo el tiempo. La gente podr\u00e1 llevar mantas y disfrutar de las peleas a trav\u00e9s de pantallas gigantes\u201d.<\/p>\n<p><img loading=\"lazy\" decoding=\"async\" data-entity-uuid=\"4b05e474-86bd-4818-9c6d-6c99a32e11bb\" data-entity-type=\"file\" src=\"https:\/\/www.europesays.com\/es\/wp-content\/uploads\/2025\/09\/G1P9jfGW4AAPcdf.jpg\" width=\"800\" height=\"450\" alt=\"Los bocetos | @ChampRDS\"\/><\/p>\n<p>Los bocetos | @ChampRDS<\/p>\n<p>Una semana de actividades especiales<\/p>\n<p data-start=\"1118\" data-end=\"1260\">El presidente de UFC recalc\u00f3 que el evento no se limitar\u00e1 a la noche de combate, sino que ser\u00e1 una experiencia completa durante varios d\u00edas. \u201cQueremos que sea un espect\u00e1culo para todos. <strong>Vamos a \u2018asaltar\u2019 la Casa Blanca esa semana<\/strong>: los pesajes se har\u00e1n adentro, las peleas en los jardines y habr\u00e1 diferentes actividades para los fan\u00e1ticos. Va a haber de todo\u201d, afirm\u00f3.<\/p>\n<p>Expectativa global<\/p>\n<p data-start=\"1515\" data-end=\"1748\">El anuncio ha generado gran expectativa entre fan\u00e1ticos de las artes marciales mixtas y medios internacionales, ya que ser\u00e1 la primera vez que un evento de esta magnitud se realice en un espacio tan emblem\u00e1tico como la Casa Blanca.<\/p>\n<p><img loading=\"lazy\" decoding=\"async\" data-entity-uuid=\"23d5bfd3-1a93-48fe-bcb5-2c92543d933b\" data-entity-type=\"file\" src=\"https:\/\/www.europesays.com\/es\/wp-content\/uploads\/2025\/09\/G1P9kSeWMAAg8TY.jpg\" width=\"800\" height=\"450\" alt=\"Los bocetos | @ChampRDS\"\/><\/p>\n<p>Los bocetos | @ChampRDS<\/p>\n","protected":false},"excerpt":{"rendered":"Las redes sociales de la Casa Blanca compartieron las primeras im\u00e1genes del escenario que albergar\u00e1 el pr\u00f3ximo gran&hellip;\n","protected":false},"author":2,"featured_media":130818,"comment_status":"","ping_status":"","sticky":false,"template":"","format":"standard","meta":{"footnotes":""},"categories":[276],"tags":[4329,353,168,25,24,8868,23,167,343],"class_list":{"0":"post-130817","1":"post","2":"type-post","3":"status-publish","4":"format-standard","5":"has-post-thumbnail","7":"category-ufc","8":"tag-casa-blanca","9":"tag-dana-white","10":"tag-deportes","11":"tag-es","12":"tag-espana","13":"tag-extremo","14":"tag-spain","15":"tag-sports","16":"tag-ufc"},"share_on_mastodon":{"url":"","error":""},"_links":{"self":[{"href":"https:\/\/www.europesays.com\/es\/wp-json\/wp\/v2\/posts\/130817","targetHints":{"allow":["GET"]}}],"collection":[{"href":"https:\/\/www.europesays.com\/es\/wp-json\/wp\/v2\/posts"}],"about":[{"href":"https:\/\/www.europesays.com\/es\/wp-json\/wp\/v2\/types\/post"}],"author":[{"embeddable":true,"href":"https:\/\/www.europesays.com\/es\/wp-json\/wp\/v2\/users\/2"}],"replies":[{"embeddable":true,"href":"https:\/\/www.europesays.com\/es\/wp-json\/wp\/v2\/comments?post=130817"}],"version-history":[{"count":0,"href":"https:\/\/www.europesays.com\/es\/wp-json\/wp\/v2\/posts\/130817\/revisions"}],"wp:featuredmedia":[{"embeddable":true,"href":"https:\/\/www.europesays.com\/es\/wp-json\/wp\/v2\/media\/130818"}],"wp:attachment":[{"href":"https:\/\/www.europesays.com\/es\/wp-json\/wp\/v2\/media?parent=130817"}],"wp:term":[{"taxonomy":"category","embeddable":true,"href":"https:\/\/www.europesays.com\/es\/wp-json\/wp\/v2\/categories?post=130817"},{"taxonomy":"post_tag","embeddable":true,"href":"https:\/\/www.europesays.com\/es\/wp-json\/wp\/v2\/tags?post=130817"}],"curies":[{"name":"wp","href":"https:\/\/api.w.org\/{rel}","templated":true}]}}