{"id":130819,"date":"2025-09-22T02:22:09","date_gmt":"2025-09-22T02:22:09","guid":{"rendered":"https:\/\/www.europesays.com\/es\/130819\/"},"modified":"2025-09-22T02:22:09","modified_gmt":"2025-09-22T02:22:09","slug":"la-lluvia-obliga-a-suspender-la-marcha-cicloturista-por-la-seguridad-vial","status":"publish","type":"post","link":"https:\/\/www.europesays.com\/es\/130819\/","title":{"rendered":"La lluvia obliga a suspender la Marcha Cicloturista por la Seguridad Vial"},"content":{"rendered":"<p class=\"paragraph\">Las tormentas que han ca\u00eddo la noche de este s\u00e1bado al domingo han obligado a <b>suspender la novena Marcha Cicloturista por la Seguridad Vial<\/b>, que iba a partir desde Huesca esta ma\u00f1ana.<\/p>\n<p class=\"paragraph\">Jos\u00e9 Manuel Ballar\u00edn, vicepresidente del Club Ciclista Oscense, ha confirmado la suspensi\u00f3n y ha informado de que la <b>entrega de distinciones a Stop Accidentes y Mar\u00eda Jes\u00fas Sanvicente se traslada al 5 de octubre, a los momentos previos a la salida de la Ciclocl\u00e1sica Joaqu\u00edn Costa<\/b>. Se trata de una decisi\u00f3n compartida por la DPH y el Ayuntamiento de Huesca, otros de los organizadores de esta Marcha por la Seguridad Vial.<\/p>\n<p class=\"paragraph\">La organizaci\u00f3n ten\u00eda previsto reunir a alrededor de 150 ciclistas de toda la provincia -estaban invitados todos los clubes- pero el mal tiempo ha hecho inevitable suspenderla. <b>\u00abLa carretera estaba mojada y, en algunos tramos, llena de barro y desprendimientos. Esto es incompatible con la seguridad\u00bb<\/b> que reivindica la Marcha, ha manifestado Ballar\u00edn.<\/p>\n<p class=\"paragraph\">Un peque\u00f1o grupo de ciclistas, alrededor de una docena de miembros del Club Ciclista Oscense, s\u00ed ha hecho<b> un minirecorrido, llegando hasta Ayerbe,<\/b> donde han comido las migas que ya hab\u00eda preparado el Ayuntamiento, ha agregado el vicepresidente de la entidad de usuarios de las dos ruedas sin motor.<\/p>\n","protected":false},"excerpt":{"rendered":"Las tormentas que han ca\u00eddo la noche de este s\u00e1bado al domingo han obligado a suspender la novena&hellip;\n","protected":false},"author":2,"featured_media":130820,"comment_status":"","ping_status":"","sticky":false,"template":"","format":"standard","meta":{"footnotes":""},"categories":[273],"tags":[313,25715,312,168,25,24,3402,972,585,23,167,35],"class_list":{"0":"post-130819","1":"post","2":"type-post","3":"status-publish","4":"format-standard","5":"has-post-thumbnail","7":"category-ciclismo","8":"tag-ciclismo","9":"tag-cicloturista","10":"tag-cycling","11":"tag-deportes","12":"tag-es","13":"tag-espana","14":"tag-marcha","15":"tag-obliga","16":"tag-seguridad","17":"tag-spain","18":"tag-sports","19":"tag-suspender"},"share_on_mastodon":{"url":"","error":""},"_links":{"self":[{"href":"https:\/\/www.europesays.com\/es\/wp-json\/wp\/v2\/posts\/130819","targetHints":{"allow":["GET"]}}],"collection":[{"href":"https:\/\/www.europesays.com\/es\/wp-json\/wp\/v2\/posts"}],"about":[{"href":"https:\/\/www.europesays.com\/es\/wp-json\/wp\/v2\/types\/post"}],"author":[{"embeddable":true,"href":"https:\/\/www.europesays.com\/es\/wp-json\/wp\/v2\/users\/2"}],"replies":[{"embeddable":true,"href":"https:\/\/www.europesays.com\/es\/wp-json\/wp\/v2\/comments?post=130819"}],"version-history":[{"count":0,"href":"https:\/\/www.europesays.com\/es\/wp-json\/wp\/v2\/posts\/130819\/revisions"}],"wp:featuredmedia":[{"embeddable":true,"href":"https:\/\/www.europesays.com\/es\/wp-json\/wp\/v2\/media\/130820"}],"wp:attachment":[{"href":"https:\/\/www.europesays.com\/es\/wp-json\/wp\/v2\/media?parent=130819"}],"wp:term":[{"taxonomy":"category","embeddable":true,"href":"https:\/\/www.europesays.com\/es\/wp-json\/wp\/v2\/categories?post=130819"},{"taxonomy":"post_tag","embeddable":true,"href":"https:\/\/www.europesays.com\/es\/wp-json\/wp\/v2\/tags?post=130819"}],"curies":[{"name":"wp","href":"https:\/\/api.w.org\/{rel}","templated":true}]}}