{"id":130821,"date":"2025-09-22T02:24:12","date_gmt":"2025-09-22T02:24:12","guid":{"rendered":"https:\/\/www.europesays.com\/es\/130821\/"},"modified":"2025-09-22T02:24:12","modified_gmt":"2025-09-22T02:24:12","slug":"jordan-loyd-descarta-su-regreso-a-espana-y-ya-tiene-nuevo-equipo-de-euroliga","status":"publish","type":"post","link":"https:\/\/www.europesays.com\/es\/130821\/","title":{"rendered":"Jordan Loyd descarta su regreso a Espa\u00f1a y ya tiene nuevo equipo de Euroliga"},"content":{"rendered":"<p class=\"ft-text\"><a class=\"ft-link ft-link--decoration\" href=\"https:\/\/www.acb.com\/jugador\/temporada-a-temporada\/id\/30000046\" rel=\"nofollow noopener\" target=\"_blank\">Jordan Loyd<\/a>, escolta internacional polaco de origen estadounidense de 32 a\u00f1os, se hab\u00eda convertido en uno de los \u00faltimos objetivos del Real Madrid de Sergio Scariolo para cerrar su plantilla de esta temporada, pero <strong>finalmente no volver\u00e1 a la Liga Endesa<\/strong>. <a class=\"ft-link ft-link--decoration\" href=\"https:\/\/www.superdeporte.es\/valencia-basket\/2025\/09\/12\/real-madrid-pagar-valencia-basket-jordan-loyd-121514452.html\" rel=\"nofollow noopener\" target=\"_blank\">De haberlo hecho, el actual campe\u00f3n de Liga tendr\u00eda que haber llegado a un acuerdo con el Valencia Basket<\/a> al tener los taronja sus derechos en Espa\u00f1a, aunque esta opci\u00f3n de un ingreso extra no se dar\u00e1 al haber optado el jugador por otro camino.<\/p>\n<p class=\"ft-text\">As\u00ed, <strong>Loyd se ha convertido ya en nuevo jugador del Anadolu Efes turco<\/strong> procedente de las filas del M\u00f3naco, con el que el pasado curso fue subcampe\u00f3n de la Euroliga tras firmar un contrato por una temporada.<\/p>\n<p class=\"ft-text\">Loyd, que no fue drafteado en el 2016 en la NBA, lleg\u00f3 al baloncesto europeo de la mano del Hapoel Eilat israel\u00ed. Una campa\u00f1a all\u00ed le abri\u00f3 las puertas de la m\u00e1xima competici\u00f3n estadounidense, donde debutar\u00eda en el 2018 de la mano de unos Toronto Raptors con los que terminar\u00eda siendo campe\u00f3n.<\/p>\n<p><img decoding=\"async\" src=\"https:\/\/www.europesays.com\/es\/wp-content\/uploads\/2025\/09\/cb2b3a96-e005-4246-a24c-47ed2f4d9b2f_alta-libre-aspect-ratio_default_0.jpg\" width=\"1200\" height=\"798\" alt=\"Jordan Loyd, en el \u00faltimo Eurobasket que disput\u00f3 con Polonia.\" class=\"ft-helper-img-rd\" loading=\"lazy\" hasdataaida=\"true\"\/><\/p>\n<p class=\"ft-helper-fontColor-quaternary ft-helper-fontSize-body-S ft-helper-spacer-t-xxs\">Jordan Loyd, en el \u00faltimo Eurobasket que disput\u00f3 con Polonia.  \/ Sergei Grits \/ AP<\/p>\n<p>Etapa en Europa<\/p>\n<p class=\"ft-text\">Sin embargo, <strong>tras ser cortado, cruz\u00f3 de nuevo el Atl\u00e1ntico para fichar por el Valencia Basket<\/strong>, quien le dio la oportunidad de estrenarse en la Euroliga pese a <a class=\"ft-link ft-link--decoration\" href=\"https:\/\/www.superdeporte.es\/valencia-basket\/2020\/07\/02\/version-valencia-bc-adios-loyd-53778730.html\" rel=\"nofollow noopener\" target=\"_blank\">estar solo un a\u00f1o en Val\u00e8ncia<\/a>. Su \u00faltimo partido no dej\u00f3 el mejor recuerdo, ya que <a class=\"ft-link ft-link--decoration\" href=\"https:\/\/www.superdeporte.es\/valencia-basket\/2020\/06\/28\/valencia-bc-dice-adios-final-53778654.html\" rel=\"nofollow noopener\" target=\"_blank\">fall\u00f3 el triple que pod\u00eda haber metido a los taronja en la final de la Liga Endesa<\/a>.<\/p>\n<p class=\"ft-text\">Desde entonces ha jugado de seguido en m\u00e1xima competici\u00f3n continental en las filas del Estrella Roja, el Zenit San Petersburgo, el M\u00f3naco y el Maccabi Tel-Aviv en dos encuentros el pasado curso antes de regresar a la entidad monegasca.<\/p>\n<p>Estrella en el Eurobasket<\/p>\n<p class=\"ft-text\">En todo ese tiempo ha disputado un total de 159 partidos en el torneo promediando 12.3 puntos, 2.9 rebotes y 2.6 asistencias. Adem\u00e1s e<strong>ste verano ha despuntado con la selecci\u00f3n polaca en el Eurobasket, alcanzando con ella los cuartos de final<\/strong> y siendo el quinto m\u00e1ximo anotador con 22.5 puntos por encuentro.<\/p>\n","protected":false},"excerpt":{"rendered":"Jordan Loyd, escolta internacional polaco de origen estadounidense de 32 a\u00f1os, se hab\u00eda convertido en uno de los&hellip;\n","protected":false},"author":2,"featured_media":130822,"comment_status":"","ping_status":"","sticky":false,"template":"","format":"standard","meta":{"footnotes":""},"categories":[269],"tags":[299,1918,298,168,7743,2917,25,24,833,11556,9566,16415,41938,2918,1044,36262,23,167,235,2916],"class_list":{"0":"post-130821","1":"post","2":"type-post","3":"status-publish","4":"format-standard","5":"has-post-thumbnail","7":"category-baloncesto","8":"tag-baloncesto","9":"tag-basket","10":"tag-basketball","11":"tag-deportes","12":"tag-derechos","13":"tag-endesa","14":"tag-es","15":"tag-espana","16":"tag-euroliga","17":"tag-extra","18":"tag-ingresos","19":"tag-jordan","20":"tag-jordan-loyd","21":"tag-la-liga","22":"tag-liga","23":"tag-loyd","24":"tag-spain","25":"tag-sports","26":"tag-valencia","27":"tag-valencia-basket"},"share_on_mastodon":{"url":"","error":""},"_links":{"self":[{"href":"https:\/\/www.europesays.com\/es\/wp-json\/wp\/v2\/posts\/130821","targetHints":{"allow":["GET"]}}],"collection":[{"href":"https:\/\/www.europesays.com\/es\/wp-json\/wp\/v2\/posts"}],"about":[{"href":"https:\/\/www.europesays.com\/es\/wp-json\/wp\/v2\/types\/post"}],"author":[{"embeddable":true,"href":"https:\/\/www.europesays.com\/es\/wp-json\/wp\/v2\/users\/2"}],"replies":[{"embeddable":true,"href":"https:\/\/www.europesays.com\/es\/wp-json\/wp\/v2\/comments?post=130821"}],"version-history":[{"count":0,"href":"https:\/\/www.europesays.com\/es\/wp-json\/wp\/v2\/posts\/130821\/revisions"}],"wp:featuredmedia":[{"embeddable":true,"href":"https:\/\/www.europesays.com\/es\/wp-json\/wp\/v2\/media\/130822"}],"wp:attachment":[{"href":"https:\/\/www.europesays.com\/es\/wp-json\/wp\/v2\/media?parent=130821"}],"wp:term":[{"taxonomy":"category","embeddable":true,"href":"https:\/\/www.europesays.com\/es\/wp-json\/wp\/v2\/categories?post=130821"},{"taxonomy":"post_tag","embeddable":true,"href":"https:\/\/www.europesays.com\/es\/wp-json\/wp\/v2\/tags?post=130821"}],"curies":[{"name":"wp","href":"https:\/\/api.w.org\/{rel}","templated":true}]}}