{"id":130825,"date":"2025-09-22T02:26:10","date_gmt":"2025-09-22T02:26:10","guid":{"rendered":"https:\/\/www.europesays.com\/es\/130825\/"},"modified":"2025-09-22T02:26:10","modified_gmt":"2025-09-22T02:26:10","slug":"el-dia-que-el-rey-vacilo-a-goyo-jimenez-me-ha-encantado-tu-espectaculo-leo-a-las-bravas","status":"publish","type":"post","link":"https:\/\/www.europesays.com\/es\/130825\/","title":{"rendered":"El d\u00eda que el rey vacil\u00f3 a Goyo Jim\u00e9nez: \u00abMe ha encantado tu espect\u00e1culo, Leo\u00bb | A las bravas"},"content":{"rendered":"<p class=\"loc\">Madrid<\/p>\n<p>Cuando a Goyo Jim\u00e9nez le preguntaron qui\u00e9n ten\u00eda m\u00e1s guasa, a elegir entre Sabina, el rey o Iniesta, el humorista lo tuvo claro: el rey Felipe VI. <a href=\"https:\/\/cadenaser.com\/nacional\/2025\/09\/19\/la-critica-de-goyo-jimenez-a-tu-cara-me-suena-me-gustaria-ver-a-los-cantantes-haciendo-comedia-cadena-ser\/\" target=\"_blank\" rel=\"nofollow noopener\" title=\"https:\/\/cadenaser.com\/nacional\/2025\/09\/19\/la-critica-de-goyo-jimenez-a-tu-cara-me-suena-me-gustaria-ver-a-los-cantantes-haciendo-comedia-cadena-ser\/\">Jim\u00e9nez ha contado en A las bravas<\/a> el curioso momento en que el monarca le gast\u00f3 una broma.<\/p>\n<p>M\u00e1s informaci\u00f3n<\/p>\n<p>Tras uno de sus espect\u00e1culos, al que asistieron don Felipe y do\u00f1a Letizia, los reyes se reunieron con el humorista para trasladarle su enhorabuena. Sin embargo, lejos de felicitar a Goyo Jim\u00e9nez de una forma aburrida, Felipe VI le \u00abvacil\u00f3\u00bb comentando: \u00abMe ha encantado tu espect\u00e1culo, Leo\u00bb, en una referencia a Leo Harlem.<\/p>\n<p>El c\u00f3digo iframe se ha copiado en el portapapeles<\/p>\n<p class=\"tit\">El d\u00eda que el rey vacil\u00f3 a Goyo Jim\u00e9nez: \u00abMe ha encantado tu espect\u00e1culo, Leo\u00bb<\/p>\n<p>00:00:0003:41<\/p>\n<p>FacebookTwitterLinkedinWhatsAppCerrar<\/p>\n<p>Este es uno de los momentos que el humorista nunca olvidar\u00e1, aunque a lo largo de su carrera ha vivido todo tipo de encuentros inesperados con grandes personajes. Entre los celebrities que Jim\u00e9nez ha entrevistado se encuentran personalidades tan variopintas como Stephen Hawking, la et\u00f3loga Jane Goodall o a Keith Gordon.<\/p>\n<p>\u00abSon ese tipo de situaciones que no te esperas\u00bb, ha se\u00f1alado el c\u00f3mico, quien tambi\u00e9n recuerda con cari\u00f1o una an\u00e9cdota con el escritor Fernando Aramburu. Jim\u00e9nez ha relatado que, en un encuentro con el novelista, le confes\u00f3 que le encantaba su libro El trompetista de la utop\u00eda.<\/p>\n<p>La novela m\u00e1s conocida de Aramburu en ese entonces era Patria, aunque el c\u00f3mico no se la hab\u00eda le\u00eddo. Nervioso, se acerc\u00f3 al autor con temor a que este le preguntase algo sobre su obra m\u00e1s reciente, pero, lejos de suponer un problema, el propio Aramburu le reconoci\u00f3 que esa era su novela favorita de las que hab\u00eda escrito, as\u00ed como la preferida de su mujer.<\/p>\n<p>No obstante, este tipo de situaciones parecen ser una constante en la vida del autor, porque tambi\u00e9n comparti\u00f3 un momento muy similar con Joaqu\u00edn Sabina. Estando de visita en la casa del cantautor, a Goyo le preguntaron cu\u00e1l era su canci\u00f3n favorita de Sabina, a lo que \u00e9l contest\u00f3 que era Peces de ciudad.<\/p>\n<p>El humorista supuso que su comentario no ir\u00eda m\u00e1s all\u00e1 cuando, desde la otra punta de la habitaci\u00f3n, el m\u00fasico se le acerc\u00f3 y le confes\u00f3 que tambi\u00e9n era su preferida.<\/p>\n","protected":false},"excerpt":{"rendered":"Madrid Cuando a Goyo Jim\u00e9nez le preguntaron qui\u00e9n ten\u00eda m\u00e1s guasa, a elegir entre Sabina, el rey o&hellip;\n","protected":false},"author":2,"featured_media":130826,"comment_status":"","ping_status":"","sticky":false,"template":"","format":"standard","meta":{"footnotes":""},"categories":[174],"tags":[255,146,147,25,24,256,23],"class_list":{"0":"post-130825","1":"post","2":"type-post","3":"status-publish","4":"format-standard","5":"has-post-thumbnail","7":"category-famosos","8":"tag-celebrities","9":"tag-entertainment","10":"tag-entretenimiento","11":"tag-es","12":"tag-espana","13":"tag-famosos","14":"tag-spain"},"share_on_mastodon":{"url":"","error":""},"_links":{"self":[{"href":"https:\/\/www.europesays.com\/es\/wp-json\/wp\/v2\/posts\/130825","targetHints":{"allow":["GET"]}}],"collection":[{"href":"https:\/\/www.europesays.com\/es\/wp-json\/wp\/v2\/posts"}],"about":[{"href":"https:\/\/www.europesays.com\/es\/wp-json\/wp\/v2\/types\/post"}],"author":[{"embeddable":true,"href":"https:\/\/www.europesays.com\/es\/wp-json\/wp\/v2\/users\/2"}],"replies":[{"embeddable":true,"href":"https:\/\/www.europesays.com\/es\/wp-json\/wp\/v2\/comments?post=130825"}],"version-history":[{"count":0,"href":"https:\/\/www.europesays.com\/es\/wp-json\/wp\/v2\/posts\/130825\/revisions"}],"wp:featuredmedia":[{"embeddable":true,"href":"https:\/\/www.europesays.com\/es\/wp-json\/wp\/v2\/media\/130826"}],"wp:attachment":[{"href":"https:\/\/www.europesays.com\/es\/wp-json\/wp\/v2\/media?parent=130825"}],"wp:term":[{"taxonomy":"category","embeddable":true,"href":"https:\/\/www.europesays.com\/es\/wp-json\/wp\/v2\/categories?post=130825"},{"taxonomy":"post_tag","embeddable":true,"href":"https:\/\/www.europesays.com\/es\/wp-json\/wp\/v2\/tags?post=130825"}],"curies":[{"name":"wp","href":"https:\/\/api.w.org\/{rel}","templated":true}]}}