{"id":130827,"date":"2025-09-22T02:27:18","date_gmt":"2025-09-22T02:27:18","guid":{"rendered":"https:\/\/www.europesays.com\/es\/130827\/"},"modified":"2025-09-22T02:27:18","modified_gmt":"2025-09-22T02:27:18","slug":"la-arquitectura-ansiolitica-mas-que-una-tendencia-es-un-cambio-de-sensibilidad","status":"publish","type":"post","link":"https:\/\/www.europesays.com\/es\/130827\/","title":{"rendered":"La arquitectura ansiol\u00edtica, m\u00e1s que una tendencia, es un cambio de sensibilidad"},"content":{"rendered":"<p>Los tiempos actuales no dan tregua para asimilar todo lo que ocurre en un mismo momento. En las ciudades, suceden miles de cosas a la vez y cada vivienda u oficina tambi\u00e9n se han convertido en<strong> peque\u00f1os ecosistemas que van a toda velocidad<\/strong>. O al menos eso es lo que creemos. Pero lo cierto es que hay otra forma de ver <a href=\"https:\/\/www.elmueble.com\/decoracion\/planos-casas-que-inspiraran-tu-proxima-reforma-ideas-como-distribuir-esa-casa-que-vas-construirte-reformar_54261\" rel=\"nofollow noopener\" target=\"_blank\">la arquitectura residencial<\/a>\u00a0y urban\u00edstica, una manera tranquila y sostenible en el tiempo. Es lo que llaman la <strong>\u00abarquitectura ansiol\u00edtica\u00bb<\/strong>, una tendencia que concibe los espacios como medicina frente al estr\u00e9s.<\/p>\n<p>El estudio\u00a0<a href=\"https:\/\/dmasc.es\/\" rel=\"nofollow noopener\" target=\"_blank\">DmasC Arquitectos <\/a>(@<a href=\"https:\/\/www.instagram.com\/dmascarquitectos\/\" rel=\"nofollow noopener\" target=\"_blank\">dmascarquitectos<\/a>) apuesta por esta nueva corriente que aboga por el bienestar de los usuarios. Con Javier de la Cruz e\u00a0In\u00e9s Su\u00e1rez al frente, el estudio se ha convertido en un referente de la arquitectura ansiol\u00edtica espa\u00f1ola. Un equipo que construye y dise\u00f1a \u00ab<strong>viviendas respetuosas que se abren al campo y al sonido de los p\u00e1jaros, demostrando que un edificio puede ser, al mismo tiempo, refugio f\u00edsico y refugio mental<\/strong>\u00ab, tal y como indican desde el estudio.\u00a0<\/p>\n<p>&#13;<img decoding=\"async\" src=\"https:\/\/www.europesays.com\/es\/wp-content\/uploads\/2025\/09\/dormitorio-blanco-y-en-tonos-tostados-00584101_d693d7a3_00584101_250910090424_600x600.webp.webp\" alt=\"dormitorio blanco y en tonos tostados 00584101\" class=\"image lazyload\"\/><\/p>\n<p class=\"epigraph\">FENG SHUI<\/p>\n<p><a href=\"https:\/\/www.elmueble.com\/decoracion\/gloria-ramos-experta-feng-shui-ni-se-te-ocurra-poner-fotos-dormitorio-personas-queridas-afectara-tu-privacidad_61720\" rel=\"nofollow noopener\" target=\"_blank\">Gloria Ramos, experta en Feng Shui: \u00abNi se te ocurra poner fotos en el dormitorio de personas queridas, afectar\u00e1 tu privacidad\u00bb<\/a><br \/>\n<img loading=\"lazy\" decoding=\"async\" src=\"https:\/\/www.europesays.com\/es\/wp-content\/uploads\/2025\/09\/dormitorio-con-salida-al-exterior-00486938_00000000_a7d87587_250919125146_1000x1500.webp.webp\" alt=\"dormitorio-con-salida-al-exterior-00486938\" class=\"lazyload\" width=\"1000\" height=\"1500\" data-aspectratio=\"1000\/1500\"\/>&#13;El Mueble<\/p>\n<p>\u00a0<\/p>\n<p>\u00bfCu\u00e1les son los<strong> principios de la arquitectura ansiol\u00edtica <\/strong>desde el punto de vista de DmasC? El equipo basa su trabajo en 8 puntos clave que les permiten crear espacios respetuosos con los habitantes:<\/p>\n<p>\u00a0<\/p>\n<ul>\n<li><strong>Desaceleraci\u00f3n espacial: <\/strong>Promueven una casa que no se recorre, sino que se pasea. Construyen espacios que obligan a ralentizar el cuerpo.<\/li>\n<li><strong>Austeridad como lujo<\/strong>: Apuestan por eliminar lo superfluo no por est\u00e9tica, sino por \u00e9tica.\u00a0<\/li>\n<li><strong>Sencillez radical:<\/strong> Priorizan geometr\u00edas elementales, plantas claras y <a href=\"https:\/\/www.elmueble.com\/decoracion\/rosario-lopez-interiorista-que-define-casa-honesta-es-su-capacidad-generar-bienestar-sin-artificios_61361\" rel=\"nofollow noopener\" target=\"_blank\">materiales honestos <\/a>que transmiten estabilidad y orden frente al caos exterior.<\/li>\n<li><strong>Soledad buscada: <\/strong>Los expertos dise\u00f1an rincones que faciliten la introspecci\u00f3n. Por ejemplo, un banco frente a una ventana.\u00a0<\/li>\n<li><strong>El sonido de la naturaleza:<\/strong> A trav\u00e9s de la arquitectura, es posible silenciar \u00abla m\u00e1quina\u00bb para amplificar lo vivo. En una vivienda construida bajo esta \u00f3ptica, podemos encontrar <a href=\"https:\/\/www.elmueble.com\/decoracion\/ideas-baratas-para-insonorizar-tu-casa-y-no-oir-vecino_48060\" rel=\"nofollow noopener\" target=\"_blank\">muros que a\u00edslan del ruido urbano<\/a> y abren paso a lo esencial: el canto de los p\u00e1jaros, el viento en los \u00e1rboles, el agua que corre.<\/li>\n<li><strong>\u00a0Tiempo contemplativo<\/strong>: Terrazas, porches y miradores que no cumplen una funci\u00f3n pr\u00e1ctica inmediata, sino la de ofrecer un lugar para contemplar pl\u00e1cidamente.<\/li>\n<li><strong>Materia que acompa\u00f1a<\/strong>: Cal, piedra y madera que no brillan ni compiten, sino que envejecen con la casa y con quienes la habitan, transmitiendo permanencia y serenidad.<\/li>\n<li><strong>Paisaje como medicina:<\/strong> Ventanas enmarcando horizontes, casas que se abren al campo. No para dominarlo, sino para escucharlo.\u00a0<\/li>\n<\/ul>\n<p>Para aprender m\u00e1s sobre este tema tan interesante como tangencial, conversamos con Javier de la Cruz, codirector de DmasC Arquitectos.\u00a0<\/p>\n<p>\u00a0<\/p>\n<p><img loading=\"lazy\" decoding=\"async\" src=\"https:\/\/www.europesays.com\/es\/wp-content\/uploads\/2025\/09\/duplex-barajas-madrid-06_dacda321_250918185239_1000x1000.webp.webp\" alt=\"duplex barajas madrid 06\" class=\"lazyload\" width=\"1000\" height=\"1000\" data-aspectratio=\"1000\/1000\"\/><\/p>\n<p>Sal\u00f3n con comedor y cocina abierta para permitir un ambiente fluido.<\/p>\n<p>&#13;Araceli Rodr\u00edguez | Proyecto de DmasC Arquitectos<\/p>\n<p><strong>PREGUNTA: \u00bfC\u00f3mo definir\u00edais, en pocas palabras, qu\u00e9 es la \u00abarquitectura ansiol\u00edtica\u00bb y qu\u00e9 la diferencia de otros enfoques de dise\u00f1o?<\/strong><\/p>\n<p>Javier: \u00abEs <strong>una arquitectura que cuida<\/strong>. Que no busca deslumbrar, sino acompa\u00f1ar. Su esencia est\u00e1 en <a href=\"https:\/\/www.elmueble.com\/decoracion\/tu-casa-no-tiene-armonia-sigue-consejos-experta-crear-hogar-sereno-equilibrado_42486\" rel=\"nofollow noopener\" target=\"_blank\">crear espacios que transmiten serenidad, equilibrio y bienestar<\/a>. Frente a lo espectacular, propone lo esencial: <strong>lugares que nos hacen sentir bien, sin artificios.<\/strong> En pocas palabras, es<strong> una arquitectura que calma<\/strong>. Que baja el volumen del entorno y te permite respirar\u00bb.<\/p>\n<p>\u00a0<\/p>\n<p><strong>P: \u00bfCre\u00e9is que esta tendencia ha llegado para quedarse o es una respuesta puntual a un momento hist\u00f3rico de hiperconexi\u00f3n y estr\u00e9s?<\/strong><\/p>\n<p>Javier: \u00ab<strong>M\u00e1s que una tendencia, es un cambio de sensibilidad.<\/strong> Es una respuesta real a una necesidad profunda: estar bien en casa.<strong> Vivimos m\u00e1s conectados que nunca, pero tambi\u00e9n m\u00e1s cansados. <\/strong>Por eso, la casa se est\u00e1 redescubriendo como lugar de refugio y equilibrio. Y cuando un espacio logra eso, ya no queremos otra cosa\u00bb.<\/p>\n<p><img loading=\"lazy\" decoding=\"async\" src=\"https:\/\/www.europesays.com\/es\/wp-content\/uploads\/2025\/09\/todo-al-blanco-3922e332-0006658-240204115916_d6b25bc7_250919125429_1000x1500.webp.webp\" alt=\"todo al blanco 3922e332 0006658 240204115916\" class=\"lazyload\" width=\"1000\" height=\"1500\" data-aspectratio=\"1000\/1500\"\/>&#13;El Mueble<\/p>\n<p><strong>P: \u00bfQu\u00e9 claves pr\u00e1cticas aplicar\u00edais en una vivienda urbana para transformarla en un refugio que invite a desacelerar?<\/strong><\/p>\n<p>Javier: \u00abPrincipalmente,\u00a0<strong><a href=\"https:\/\/www.elmueble.com\/casas\/como-ganar-luz-natural_44288\" rel=\"nofollow noopener\" target=\"_blank\">explotar la luz natural<\/a>, priorizar materiales amables y tener una distribuci\u00f3n pensada para vivir con calma.<\/strong> Apostar por <strong>espacios que fluyen <\/strong>y que no saturan. El <strong>silencio visual, la conexi\u00f3n con el exterior y una atm\u00f3sfera que invita a detenerse<\/strong> son claves para convertir una casa en refugio. Crear zonas sin ruido visual, <a href=\"https:\/\/www.elmueble.com\/ideas\/decoterapia\/10-plantas-interior-resistentes-y-faciles-mantener_42392\" rel=\"nofollow noopener\" target=\"_blank\"><strong>incorporar plantas<\/strong><\/a>\u00a0y pensar cada rinc\u00f3n como un lugar donde apetezca quedarse\u00bb.<\/p>\n<p><img loading=\"lazy\" decoding=\"async\" src=\"https:\/\/www.europesays.com\/es\/wp-content\/uploads\/2025\/09\/porches-separados-con-zona-de-comedor-y-estar-00590197_ff6b4fe6_00590197_250919125323_1000x1500.webp.webp\" alt=\"porches separados con zona de comedor y estar 00590197\" class=\"lazyload\" width=\"1000\" height=\"1500\" data-aspectratio=\"1000\/1500\"\/>&#13;El Mueble<\/p>\n<p><strong>P: \u00bfQu\u00e9 papel juegan los materiales y la relaci\u00f3n con el paisaje en vuestros proyectos?<\/strong><\/p>\n<p>Javier: \u00abSon fundamentales.<strong> La madera, la piedra, las texturas suaves\u2026 todo influye en c\u00f3mo percibimos un espacio<\/strong>. Y si hay oportunidad de abrirse al exterior \u2014un patio, una terraza, <a href=\"https:\/\/www.elmueble.com\/decoracion\/cual-es-mejor-orientacion-para-casa_49921\" rel=\"nofollow noopener\" target=\"_blank\">una simple ventana bien orientada<\/a>\u2014, el paisaje se convierte en parte del hogar. La relaci\u00f3n con el exterior transforma completamente la experiencia de habitar una casa\u00bb.\u00a0<\/p>\n<p><script async src=\"\/\/www.instagram.com\/embed.js\"><\/script><\/p>\n","protected":false},"excerpt":{"rendered":"Los tiempos actuales no dan tregua para asimilar todo lo que ocurre en un mismo momento. En las&hellip;\n","protected":false},"author":2,"featured_media":130828,"comment_status":"","ping_status":"","sticky":false,"template":"","format":"standard","meta":{"footnotes":""},"categories":[173],"tags":[229,233,231,230,232,234,146,147,25,24,23],"class_list":{"0":"post-130827","1":"post","2":"type-post","3":"status-publish","4":"format-standard","5":"has-post-thumbnail","7":"category-arte-y-diseno","8":"tag-arte","9":"tag-arte-y-diseno","10":"tag-arts","11":"tag-arts-and-design","12":"tag-design","13":"tag-diseno","14":"tag-entertainment","15":"tag-entretenimiento","16":"tag-es","17":"tag-espana","18":"tag-spain"},"share_on_mastodon":{"url":"","error":""},"_links":{"self":[{"href":"https:\/\/www.europesays.com\/es\/wp-json\/wp\/v2\/posts\/130827","targetHints":{"allow":["GET"]}}],"collection":[{"href":"https:\/\/www.europesays.com\/es\/wp-json\/wp\/v2\/posts"}],"about":[{"href":"https:\/\/www.europesays.com\/es\/wp-json\/wp\/v2\/types\/post"}],"author":[{"embeddable":true,"href":"https:\/\/www.europesays.com\/es\/wp-json\/wp\/v2\/users\/2"}],"replies":[{"embeddable":true,"href":"https:\/\/www.europesays.com\/es\/wp-json\/wp\/v2\/comments?post=130827"}],"version-history":[{"count":0,"href":"https:\/\/www.europesays.com\/es\/wp-json\/wp\/v2\/posts\/130827\/revisions"}],"wp:featuredmedia":[{"embeddable":true,"href":"https:\/\/www.europesays.com\/es\/wp-json\/wp\/v2\/media\/130828"}],"wp:attachment":[{"href":"https:\/\/www.europesays.com\/es\/wp-json\/wp\/v2\/media?parent=130827"}],"wp:term":[{"taxonomy":"category","embeddable":true,"href":"https:\/\/www.europesays.com\/es\/wp-json\/wp\/v2\/categories?post=130827"},{"taxonomy":"post_tag","embeddable":true,"href":"https:\/\/www.europesays.com\/es\/wp-json\/wp\/v2\/tags?post=130827"}],"curies":[{"name":"wp","href":"https:\/\/api.w.org\/{rel}","templated":true}]}}