{"id":130829,"date":"2025-09-22T02:28:12","date_gmt":"2025-09-22T02:28:12","guid":{"rendered":"https:\/\/www.europesays.com\/es\/130829\/"},"modified":"2025-09-22T02:28:12","modified_gmt":"2025-09-22T02:28:12","slug":"la-fil-en-guayaquil-cerro-con-mas-de-22-000-asistentes-y-50-expositores-en-su-undecima-edicion-los-cinco-dias-se-vivieron-entre-conferencias-estands-y-actividades-libros-entretenimiento","status":"publish","type":"post","link":"https:\/\/www.europesays.com\/es\/130829\/","title":{"rendered":"La FIL en Guayaquil cerr\u00f3 con m\u00e1s de 22.000 asistentes y 50 expositores en su und\u00e9cima edici\u00f3n: los cinco d\u00edas se vivieron entre conferencias, estands y actividades | Libros | Entretenimiento"},"content":{"rendered":"<p class=\"text-left prose-text\"><b>Este domingo, 21 de septiembre, se vivi\u00f3 el cierre de la Feria Internacional del Libro de Guayaquil 2025 en el centro de convenciones. <\/b>Tras cinco jornadas de presentaciones, coloquios, talleres y lanzamientos, la organizaci\u00f3n comparti\u00f3 el balance de asistencia y participaci\u00f3n.<\/p>\n<p class=\"text-left prose-text\"><b>\u201cAl salir de ayer ten\u00edamos 22.000 personas y hoy esperamos cerrar en 30.000 aproximadamente\u201d<\/b>, se\u00f1al\u00f3 Cristina Baquerizo, gerente de Producto de Expoplaza.<\/p>\n<p><img decoding=\"async\" class=\"h-auto m-0\"   src=\"https:\/\/www.europesays.com\/es\/wp-content\/uploads\/2025\/09\/E2J7UOAJOFF5VK5CI4H5GNDRJ4.JPG\" alt=\"\" style=\"width:100%;height:100%;object-fit:cover;object-position:center;position:absolute;top:0;left:0\"\/><img decoding=\"async\" class=\"h-auto m-0\"   src=\"https:\/\/www.europesays.com\/es\/wp-content\/uploads\/2025\/09\/E2J7UOAJOFF5VK5CI4H5GNDRJ4.JPG\" alt=\"\" style=\"width:100%;height:100%;object-fit:cover;object-position:center;position:absolute;top:0;left:0\"\/>Cristina Baquerizo, gerente de Producto de Expoplaza, comparti\u00f3 las cifras de cierre y la proyecci\u00f3n de asistentes. <strong class=\"text-grey-700\">Foto: El Universo<\/strong><\/p>\n<p class=\"text-left prose-text\">En esta edici\u00f3n participaron<b> \u201cm\u00e1s de 50 expositores entre editoriales y librer\u00edas independientes, grandes como Espa\u00f1ola, Mr. Books y otras\u201d<\/b>, detall\u00f3. La programaci\u00f3n incluy\u00f3 \u201c<b>m\u00e1s de 40 actividades entre talleres, coloquios, conferencias y charlas de distintos escritores tanto internacionales como nacionales<\/b>\u201d, con alrededor de 30 a 40 autores invitados.<\/p>\n<p class=\"text-left prose-text\">La asistencia juvenil fue uno de los puntos m\u00e1s notables.<b> \u201cHan venido much\u00edsimos j\u00f3venes, muchos colegios tanto privados como locales en los d\u00edas entre semana, mucho m\u00e1s que el a\u00f1o pasado. Entonces, te dir\u00eda que este a\u00f1o sobre todo vienen j\u00f3venes\u201d<\/b>, explic\u00f3 Baquerizo.<\/p>\n<p><img decoding=\"async\" class=\"h-auto m-0\"   src=\"https:\/\/www.europesays.com\/es\/wp-content\/uploads\/2025\/09\/NEVQ7N4K6BBHPJ6CHMZWA45Q5M.JPG\" alt=\"\" style=\"width:100%;height:100%;object-fit:cover;object-position:center;position:absolute;top:0;left:0\"\/><img decoding=\"async\" class=\"h-auto m-0\"   src=\"https:\/\/www.europesays.com\/es\/wp-content\/uploads\/2025\/09\/NEVQ7N4K6BBHPJ6CHMZWA45Q5M.JPG\" alt=\"\" style=\"width:100%;height:100%;object-fit:cover;object-position:center;position:absolute;top:0;left:0\"\/>Ni\u00f1os participaron en lecturas y talleres, algunas de las actividades m\u00e1s concurridas de la feria. <strong class=\"text-grey-700\">Foto: El Universo<\/strong><\/p>\n<p class=\"text-left prose-text\">Sobre las ventas, aclar\u00f3 que para el momento de esta nota no las dispone: <b>\u201cLas librer\u00edas esa cifra exacta no nos la dan, pero al terminar la feria s\u00ed nos dicen un aproximado y eso lo sabremos ya al cerrar. En los pasillos les he preguntado y a la mayor\u00eda les ha ido muy bien\u201d<\/b>.<\/p>\n<p class=\"text-left prose-text\">En cuanto a la compra de entradas, precis\u00f3 que <b>\u201caproximadamente el 15 % de la asistencia compra <\/b><b>online<\/b><b> y el resto es en boleter\u00eda directamente\u201d<\/b>. Sobre los g\u00e9neros m\u00e1s buscados, ella coment\u00f3: <\/p>\n<p><img decoding=\"async\" class=\"h-auto m-0\"   src=\"https:\/\/www.europesays.com\/es\/wp-content\/uploads\/2025\/09\/RYGYQ7LUYJFTZOFPV7OYXAGNRA.JPG\" alt=\"\" style=\"width:100%;height:100%;object-fit:cover;object-position:center;position:absolute;top:0;left:0\"\/><img decoding=\"async\" class=\"h-auto m-0\"   src=\"https:\/\/www.europesays.com\/es\/wp-content\/uploads\/2025\/09\/RYGYQ7LUYJFTZOFPV7OYXAGNRA.JPG\" alt=\"\" style=\"width:100%;height:100%;object-fit:cover;object-position:center;position:absolute;top:0;left:0\"\/>Los t\u00edtulos de autoayuda estuvieron entre los m\u00e1s buscados por el p\u00fablico, seg\u00fan los expositores. <strong class=\"text-grey-700\">Foto: El Universo<\/strong><\/p>\n<p class=\"text-left prose-text\"><b>\u201cSe han puesto muy de moda los libros de autoayuda, todo el tema de psicolog\u00eda<\/b>, pero tambi\u00e9n hay mucho lector juvenil que viene a comprar novelas de amor y muchos libros de historia. Te dir\u00eda que son g\u00e9neros variados\u201d.<\/p>\n<p class=\"text-left prose-text\">Con miras al futuro, Baquerizo agreg\u00f3: <b>\u201cQueremos ir creciendo, estamos viendo c\u00f3mo podemos diversificar y que haya a\u00fan m\u00e1s variedad. El tema de los colegios reforzarlo, el tema de las universidades. Creemos que es importante atraer a los estudiantes y de esa manera crecer en visitantes\u201d<\/b>. <b>(I)<\/b><\/p>\n<p><img decoding=\"async\" class=\"h-auto m-0\"   src=\"https:\/\/www.europesays.com\/es\/wp-content\/uploads\/2025\/09\/QCSYDO3HWRBZFGCIFY5HHS5NDA.JPG\" alt=\"\" style=\"width:100%;height:100%;object-fit:cover;object-position:center;position:absolute;top:0;left:0\"\/><img decoding=\"async\" class=\"h-auto m-0\"   src=\"https:\/\/www.europesays.com\/es\/wp-content\/uploads\/2025\/09\/QCSYDO3HWRBZFGCIFY5HHS5NDA.JPG\" alt=\"\" style=\"width:100%;height:100%;object-fit:cover;object-position:center;position:absolute;top:0;left:0\"\/>Lectores recorrieron los pasillos de la feria y se detuvieron en los espacios de descanso para hojear sus nuevos libros. <strong class=\"text-grey-700\">Foto: El Universo<\/strong><\/p>\n","protected":false},"excerpt":{"rendered":"Este domingo, 21 de septiembre, se vivi\u00f3 el cierre de la Feria Internacional del Libro de Guayaquil 2025&hellip;\n","protected":false},"author":2,"featured_media":130830,"comment_status":"","ping_status":"","sticky":false,"template":"","format":"standard","meta":{"footnotes":""},"categories":[172],"tags":[224,146,147,25,24,225,23],"class_list":{"0":"post-130829","1":"post","2":"type-post","3":"status-publish","4":"format-standard","5":"has-post-thumbnail","7":"category-libros","8":"tag-books","9":"tag-entertainment","10":"tag-entretenimiento","11":"tag-es","12":"tag-espana","13":"tag-libros","14":"tag-spain"},"share_on_mastodon":{"url":"","error":""},"_links":{"self":[{"href":"https:\/\/www.europesays.com\/es\/wp-json\/wp\/v2\/posts\/130829","targetHints":{"allow":["GET"]}}],"collection":[{"href":"https:\/\/www.europesays.com\/es\/wp-json\/wp\/v2\/posts"}],"about":[{"href":"https:\/\/www.europesays.com\/es\/wp-json\/wp\/v2\/types\/post"}],"author":[{"embeddable":true,"href":"https:\/\/www.europesays.com\/es\/wp-json\/wp\/v2\/users\/2"}],"replies":[{"embeddable":true,"href":"https:\/\/www.europesays.com\/es\/wp-json\/wp\/v2\/comments?post=130829"}],"version-history":[{"count":0,"href":"https:\/\/www.europesays.com\/es\/wp-json\/wp\/v2\/posts\/130829\/revisions"}],"wp:featuredmedia":[{"embeddable":true,"href":"https:\/\/www.europesays.com\/es\/wp-json\/wp\/v2\/media\/130830"}],"wp:attachment":[{"href":"https:\/\/www.europesays.com\/es\/wp-json\/wp\/v2\/media?parent=130829"}],"wp:term":[{"taxonomy":"category","embeddable":true,"href":"https:\/\/www.europesays.com\/es\/wp-json\/wp\/v2\/categories?post=130829"},{"taxonomy":"post_tag","embeddable":true,"href":"https:\/\/www.europesays.com\/es\/wp-json\/wp\/v2\/tags?post=130829"}],"curies":[{"name":"wp","href":"https:\/\/api.w.org\/{rel}","templated":true}]}}