{"id":130833,"date":"2025-09-22T02:30:09","date_gmt":"2025-09-22T02:30:09","guid":{"rendered":"https:\/\/www.europesays.com\/es\/130833\/"},"modified":"2025-09-22T02:30:09","modified_gmt":"2025-09-22T02:30:09","slug":"las-5-mejores-canciones-de-pearl-jam","status":"publish","type":"post","link":"https:\/\/www.europesays.com\/es\/130833\/","title":{"rendered":"Las 5 mejores canciones de Pearl Jam"},"content":{"rendered":"<p><strong>Pearl Jam<\/strong> es una de las bandas m\u00e1s representativas del grunge. No solo formaron parte de la explosi\u00f3n m\u00e1s popular de este subg\u00e9nero, sino que tambi\u00e9n sostuvieron una extensa carrera y lograron mantenerse vigentes sin traicionar su inconfundible sonido, marcado en gran parte por la voz de <strong><a href=\"https:\/\/indiehoy.com\/historias\/cancion-pearl-jam-eddie-vedder-costaba-cantar\/\" target=\"_blank\" rel=\"noreferrer noopener nofollow\">Eddie Vedder<\/a><\/strong>. A continuaci\u00f3n, repasamos <strong>las 5 mejores canciones de <a href=\"https:\/\/indiehoy.com\/historias\/genero-musical-pearl-jam-despreciaba\/\" target=\"_blank\" rel=\"noreferrer noopener nofollow\">Pearl Jam<\/a><\/strong>.<\/p>\n<p><strong>5. \u00abJeremy\u00bb<\/strong><\/p>\n<p>Esta es una de las canciones m\u00e1s oscuras y comprometidas de la banda. Su letra <a href=\"https:\/\/indiehoy.com\/historias\/origen-jeremy-cancion-pearl-jam\/\" target=\"_blank\" rel=\"noreferrer noopener nofollow\">est\u00e1 inspirada en la historia real de un adolescente que se suicid\u00f3<\/a> frente a sus compa\u00f1eros de colegio y a su profesora, convirti\u00e9ndose en una denuncia sobre la soledad juvenil y la incomprensi\u00f3n del mundo adulto. El videoclip resulta a\u00fan m\u00e1s expl\u00edcito al recrear el caso que impact\u00f3 profundamente a Vedder cuando lo ley\u00f3 en el diario. \u00abJeremy\u00bb es uno de los temas m\u00e1s reconocidos de Pearl Jam y recibi\u00f3 dos nominaciones al Grammy.<\/p>\n<p><strong>4. \u00abDaughter\u00bb<\/strong><\/p>\n<p>Es una de las canciones m\u00e1s sensibles y arraigadas a la tradici\u00f3n norteamericana. Con un marcado protagonismo de las guitarras ac\u00fasticas, no solo se diferencia de otros grandes \u00e9xitos de Pearl Jam, sino que tambi\u00e9n se acerca al mundo del folk. De gran emotividad y con una melod\u00eda que atrapa al instante, este tema incluido en Vs. (1993) refleja la diversidad compositiva de la banda.<\/p>\n<p><strong>3. \u00abState of Love and Trust\u00bb<\/strong><\/p>\n<p>Aqu\u00ed la banda despliega su costado m\u00e1s punk. El tema, incluido en la pel\u00edcula Singles de Cameron Crowe, funciona tambi\u00e9n como una pintura de \u00e9poca a nivel sonoro, con una est\u00e9tica rockera y matices de pop punk que representaron el esp\u00edritu de la juventud de los 90, rechazando los valores tradicionales pero, a su vez, convirti\u00e9ndose en el mainstream de la industria.<\/p>\n<p><strong>2. \u00abEven Flow\u00bb<\/strong><\/p>\n<p>Este tema es un aut\u00e9ntico exponente del grunge gracias a su energ\u00eda, la preponderancia de las guitarras el\u00e9ctricas \u2014con un riff inspirado en el funk\u2014 y el juego de intensidades que atraviesa toda la canci\u00f3n. Se trata de uno de los mayores \u00e9xitos de la banda, en el que Eddie Vedder despliega con fuerza su caudalosa y potente voz.<\/p>\n<p><strong>1. \u00abBlack\u00bb<\/strong><\/p>\n<p>En esta balada desgarradora, Vedder aborda el desamor y la aceptaci\u00f3n forzada de que la persona amada est\u00e1 con alguien m\u00e1s. A tono con la l\u00edrica, se trata de la balada m\u00e1s poderosa de la banda: melanc\u00f3lica y profunda, transita entre la entrega al dolor y la introspecci\u00f3n que este provoca, expresada como una suerte de mon\u00f3logo confesional.<\/p>\n","protected":false},"excerpt":{"rendered":"Pearl Jam es una de las bandas m\u00e1s representativas del grunge. No solo formaron parte de la explosi\u00f3n&hellip;\n","protected":false},"author":2,"featured_media":130834,"comment_status":"","ping_status":"","sticky":false,"template":"","format":"standard","meta":{"footnotes":""},"categories":[170],"tags":[146,147,25,24,184,185,514,23],"class_list":{"0":"post-130833","1":"post","2":"type-post","3":"status-publish","4":"format-standard","5":"has-post-thumbnail","7":"category-musica","8":"tag-entertainment","9":"tag-entretenimiento","10":"tag-es","11":"tag-espana","12":"tag-music","13":"tag-musica","14":"tag-pearl-jam","15":"tag-spain"},"share_on_mastodon":{"url":"","error":""},"_links":{"self":[{"href":"https:\/\/www.europesays.com\/es\/wp-json\/wp\/v2\/posts\/130833","targetHints":{"allow":["GET"]}}],"collection":[{"href":"https:\/\/www.europesays.com\/es\/wp-json\/wp\/v2\/posts"}],"about":[{"href":"https:\/\/www.europesays.com\/es\/wp-json\/wp\/v2\/types\/post"}],"author":[{"embeddable":true,"href":"https:\/\/www.europesays.com\/es\/wp-json\/wp\/v2\/users\/2"}],"replies":[{"embeddable":true,"href":"https:\/\/www.europesays.com\/es\/wp-json\/wp\/v2\/comments?post=130833"}],"version-history":[{"count":0,"href":"https:\/\/www.europesays.com\/es\/wp-json\/wp\/v2\/posts\/130833\/revisions"}],"wp:featuredmedia":[{"embeddable":true,"href":"https:\/\/www.europesays.com\/es\/wp-json\/wp\/v2\/media\/130834"}],"wp:attachment":[{"href":"https:\/\/www.europesays.com\/es\/wp-json\/wp\/v2\/media?parent=130833"}],"wp:term":[{"taxonomy":"category","embeddable":true,"href":"https:\/\/www.europesays.com\/es\/wp-json\/wp\/v2\/categories?post=130833"},{"taxonomy":"post_tag","embeddable":true,"href":"https:\/\/www.europesays.com\/es\/wp-json\/wp\/v2\/tags?post=130833"}],"curies":[{"name":"wp","href":"https:\/\/api.w.org\/{rel}","templated":true}]}}