{"id":130835,"date":"2025-09-22T02:32:16","date_gmt":"2025-09-22T02:32:16","guid":{"rendered":"https:\/\/www.europesays.com\/es\/130835\/"},"modified":"2025-09-22T02:32:16","modified_gmt":"2025-09-22T02:32:16","slug":"me-da-un-poco-de-vertigo-lo-que-he-hecho","status":"publish","type":"post","link":"https:\/\/www.europesays.com\/es\/130835\/","title":{"rendered":"Me da un poco de v\u00e9rtigo lo que he hecho"},"content":{"rendered":"<p data-gtm-element-container=\"modulo-texto-link\" class=\"paragraph\">La marchadora espa\u00f1ola Mar\u00eda P\u00e9rez, que revalid\u00f3 en Tokio los t\u00edtulos de campeona del mundo de los 20 y 35 kil\u00f3metros que ya conquist\u00f3 hace dos a\u00f1os en Budapest, reconoci\u00f3 a su llegada a Espa\u00f1a que le da \u00abun poco de v\u00e9rtigo\u00bb si piensa en la gesta que protagoniz\u00f3 en la capital japonesa.<\/p>\n<p data-gtm-element-container=\"modulo-texto-link\" class=\"paragraph\">\u00abMe da un poco de v\u00e9rtigo si pienso en lo que he hecho. Llevo unos cuantos a\u00f1os a full y este a\u00f1o ten\u00eda un reto muy importante como era hacer el 20 y el 35, porque era la \u00faltima vez que se iban a hacer ya que en noviembre empiezan las nuevas distancias, as\u00ed que estaba con muchas ganas y la verdad es que ha salido mejor de lo que esperaba\u00bb, se\u00f1al\u00f3 P\u00e9rez a su llegada al aeropuerto de Barajas.<\/p>\n<p data-gtm-element-container=\"modulo-texto-link\" class=\"paragraph\">Dos medallas de oro que permiten a la marchadora granadina emular a leyendas del atletismo como el jamaicano Usain Bolt, el estadounidense Carl Lewis o el brit\u00e1nico Mo Farah y repetir el doblete en dos ediciones consecutivas de la cita mundialista<\/p>\n<p>                <img loading=\"lazy\" decoding=\"async\" data-full-src=\"https:\/\/www.mundodeportivo.com\/uploads\/2025\/09\/21\/68d05d4977f21.jpeg\" alt=\"MAr\u00eda P\u00e9rez, atendiendo a la prensa\" width=\"449\" height=\"299\" src=\"https:\/\/www.europesays.com\/es\/wp-content\/uploads\/2025\/09\/68d05d4977f21.jpeg\" class=\"lazy\"\/><\/p>\n<p class=\"caption-title \">MAr\u00eda P\u00e9rez, atendiendo a la prensa<\/p>\n<p>                    EFE<\/p>\n<p data-gtm-element-container=\"modulo-texto-link\" class=\"paragraph\">\u00abTe pone de los nervios, porque al final son nombres que son referentes del deporte en general y estar ah\u00ed con ellos. Como he dicho en el avi\u00f3n siempre tiene que haber un hombre y una mujer y yo he tenido la suerte de ser la primera\u00bb, indic\u00f3 la marchadora.<\/p>\n<p data-gtm-element-container=\"modulo-texto-link\" class=\"paragraph\">En este sentido, Mar\u00eda P\u00e9rez, recalc\u00f3 que las dos medallas logradas en Tokio le \u00absaben a gloria\u00bb, porque acab\u00f3, como ella misma explic\u00f3, bastante tocada tras concluir de los 35 kil\u00f3metros.<\/p>\n<p>        Lee tambi\u00e9n<\/p>\n<p>    Xavier Gonz\u00e1lvez<\/p>\n<p>             <img loading=\"lazy\" decoding=\"async\" data-full-src=\"https:\/\/www.mundodeportivo.com\/uploads\/2025\/09\/20\/68ce06ac7a01f.jpeg\" alt=\"Horizontal\" width=\"334\" height=\"164\" src=\"https:\/\/www.europesays.com\/es\/wp-content\/uploads\/2025\/09\/68ce06ac7a01f.jpeg\" class=\"lazy\"\/><\/p>\n<p data-gtm-element-container=\"modulo-texto-link\" class=\"paragraph\">\u00abEs verdad que me visteis muy entera en el 35, pero acab\u00e9 bastante tocada. Se not\u00f3 mucho la humedad y la verdad es que las dos medallas me saben a gloria, porque nunca esperas repetir\u00bb. afirm\u00f3 P\u00e9rez.<\/p>\n<p data-gtm-element-container=\"modulo-texto-link\" class=\"paragraph\">\u00c9xitos que la marchadora espa\u00f1ola, doble medallista en los Juegos Ol\u00edmpicos de Par\u00eds, espera poder repetir dentro de tres a\u00f1os en los Juegos de Los \u00c1ngeles, pero antes conf\u00eda en volver a brillar en los Europeos que se disputar\u00e1n el pr\u00f3ximo verano en Birmingham (Reino Unido).<\/p>\n<p data-gtm-element-container=\"modulo-texto-link\" class=\"paragraph\">\u00abEl objetivo principal son los Juegos de Los \u00c1ngeles, pero el a\u00f1o que viene tenemos Europeos en Birmingham en la nueva distancia la media marat\u00f3n y espero estar\u00bb, concluy\u00f3 la atleta espa\u00f1ola.<\/p>\n","protected":false},"excerpt":{"rendered":"La marchadora espa\u00f1ola Mar\u00eda P\u00e9rez, que revalid\u00f3 en Tokio los t\u00edtulos de campeona del mundo de los 20&hellip;\n","protected":false},"author":2,"featured_media":130836,"comment_status":"","ping_status":"","sticky":false,"template":"","format":"standard","meta":{"footnotes":""},"categories":[93],"tags":[168,25,24,23,167],"class_list":{"0":"post-130835","1":"post","2":"type-post","3":"status-publish","4":"format-standard","5":"has-post-thumbnail","7":"category-deportes","8":"tag-deportes","9":"tag-es","10":"tag-espana","11":"tag-spain","12":"tag-sports"},"share_on_mastodon":{"url":"","error":""},"_links":{"self":[{"href":"https:\/\/www.europesays.com\/es\/wp-json\/wp\/v2\/posts\/130835","targetHints":{"allow":["GET"]}}],"collection":[{"href":"https:\/\/www.europesays.com\/es\/wp-json\/wp\/v2\/posts"}],"about":[{"href":"https:\/\/www.europesays.com\/es\/wp-json\/wp\/v2\/types\/post"}],"author":[{"embeddable":true,"href":"https:\/\/www.europesays.com\/es\/wp-json\/wp\/v2\/users\/2"}],"replies":[{"embeddable":true,"href":"https:\/\/www.europesays.com\/es\/wp-json\/wp\/v2\/comments?post=130835"}],"version-history":[{"count":0,"href":"https:\/\/www.europesays.com\/es\/wp-json\/wp\/v2\/posts\/130835\/revisions"}],"wp:featuredmedia":[{"embeddable":true,"href":"https:\/\/www.europesays.com\/es\/wp-json\/wp\/v2\/media\/130836"}],"wp:attachment":[{"href":"https:\/\/www.europesays.com\/es\/wp-json\/wp\/v2\/media?parent=130835"}],"wp:term":[{"taxonomy":"category","embeddable":true,"href":"https:\/\/www.europesays.com\/es\/wp-json\/wp\/v2\/categories?post=130835"},{"taxonomy":"post_tag","embeddable":true,"href":"https:\/\/www.europesays.com\/es\/wp-json\/wp\/v2\/tags?post=130835"}],"curies":[{"name":"wp","href":"https:\/\/api.w.org\/{rel}","templated":true}]}}