{"id":130837,"date":"2025-09-22T02:33:12","date_gmt":"2025-09-22T02:33:12","guid":{"rendered":"https:\/\/www.europesays.com\/es\/130837\/"},"modified":"2025-09-22T02:33:12","modified_gmt":"2025-09-22T02:33:12","slug":"anticuerpos-placas-amiloides-y-deteccion-temprana","status":"publish","type":"post","link":"https:\/\/www.europesays.com\/es\/130837\/","title":{"rendered":"anticuerpos, placas amiloides y detecci\u00f3n temprana"},"content":{"rendered":"<p style=\"font-size: 1.2em; color: #000!important; margin-bottom: 15px;\">&#13;<br \/>\n                        El objetivo del tratamiento del alzh\u00e9imer es ralentizar la progresi\u00f3n de la enfermedad y conservar durante m\u00e1s tiempo las funciones cognitivas.&#13;\n                    <\/p>\n<p>El cerebro de un paciente con alzh\u00e9imer acumula dep\u00f3sitos de beta amiloide que se adhieren entre las neuronas. Foto: Shutterstock<\/p>\n<p>El alzh\u00e9imer contin\u00faa siendo uno de los mayores desaf\u00edos de la medicina moderna. Esta enfermedad neurodegenerativa afecta a millones de personas en todo el mundo y se caracteriza por la acumulaci\u00f3n en el cerebro de placas de <strong><a href=\"https:\/\/medicinaysaludpublica.com\/tags\/beta-amiloide\/35759\" style=\"text-decoration: underline;\" title=\"beta amiloide\" rel=\"nofollow noopener\" target=\"_blank\">beta amiloide<\/a><\/strong>, una prote\u00edna que interfiere en la comunicaci\u00f3n entre las neuronas y favorece su degeneraci\u00f3n progresiva.<\/p>\n<p>En los \u00faltimos a\u00f1os, la investigaci\u00f3n ha dado un paso significativo con el desarrollo de terapias avanzadas basadas en anticuerpos monoclonales, que buscan modificar el curso de la enfermedad en lugar de limitarse a tratar los s\u00edntomas.<\/p>\n<p><strong>El blanco: las placas de amiloide<\/strong><\/p>\n<p>El cerebro de un paciente con alzh\u00e9imer acumula dep\u00f3sitos de <strong>beta amiloide<\/strong> que se adhieren entre las neuronas. Este fen\u00f3meno altera la transmisi\u00f3n de se\u00f1ales nerviosas y desencadena procesos inflamatorios que da\u00f1an las c\u00e9lulas cerebrales.<\/p>\n<p>Los anticuerpos monoclonales est\u00e1n dise\u00f1ados para reconocer estas placas y unirse a ellas. Una vez fijados, activan mecanismos del sistema inmunitario que favorecen su eliminaci\u00f3n. De este modo, el objetivo es ralentizar la progresi\u00f3n de la enfermedad y conservar durante m\u00e1s tiempo las funciones cognitivas.<\/p>\n<p><strong>Diagn\u00f3stico y selecci\u00f3n de pacientes<\/strong><\/p>\n<p>Antes de iniciar estas terapias avanzadas, es fundamental confirmar el diagn\u00f3stico de alzh\u00e9imer y verificar si el paciente es candidato al tratamiento. Para ello, se utilizan pruebas de imagen cerebral y tambi\u00e9n el an\u00e1lisis del l\u00edquido cefalorraqu\u00eddeo (LCR), que se obtiene mediante punci\u00f3n lumbar.<\/p>\n<p>Este procedimiento permite medir biomarcadores caracter\u00edsticos de la enfermedad: niveles reducidos de <strong>beta amiloide<\/strong> y aumento de prote\u00edna tau fosforilada. Estos hallazgos confirman la presencia del proceso patol\u00f3gico en el cerebro y ayudan a seleccionar a los pacientes que realmente pueden beneficiarse de las terapias dirigidas contra el amiloide.<\/p>\n<p><strong>La importancia del tratamiento temprano<\/strong><\/p>\n<p>Los estudios cl\u00ednicos han mostrado que el beneficio de estas terapias es mayor cuando se administran en fases iniciales del alzh\u00e9imer. En ese momento, el da\u00f1o neuronal a\u00fan no es tan avanzado y la intervenci\u00f3n puede marcar la diferencia.<\/p>\n<p>En otras palabras, empezar el tratamiento temprano permite frenar el avance del deterioro y prolongar la autonom\u00eda del paciente, lo que se traduce en m\u00e1s tiempo de calidad con sus seres queridos y actividades cotidianas.<\/p>\n<p><strong>Riesgos y seguridad<\/strong><\/p>\n<p>A pesar de los avances, estos medicamentos no est\u00e1n exentos de efectos secundarios. El m\u00e1s vigilado es el conocido como \u00abARIA\u00bb (Anomal\u00edas por Imagen Relacionadas con Amiloide), que corresponde a inflamaciones o microhemorragias cerebrales detectadas mediante resonancia magn\u00e9tica.<\/p>\n<p>La mayor\u00eda de las veces, el ARIA no produce s\u00edntomas, pero en algunos pacientes puede provocar dolor de cabeza, mareo, visi\u00f3n borrosa, confusi\u00f3n o incluso convulsiones. Por ello, se recomienda un seguimiento estrecho con estudios de imagen antes y durante el tratamiento.<\/p>\n<p>El riesgo aumenta en personas con ciertas variantes gen\u00e9ticas, como el gen ApoE4 en forma homocigota, y en quienes toman medicamentos que afectan la coagulaci\u00f3n. Tambi\u00e9n pueden aparecer reacciones al\u00e9rgicas o asociadas a la infusi\u00f3n, raz\u00f3n por la cual los pacientes son monitorizados en cada administraci\u00f3n.<\/p>\n<p>Un nuevo horizonte en la lucha contra el alzh\u00e9imer<\/p>\n<p>Los anticuerpos monoclonales se administran mediante infusiones intravenosas peri\u00f3dicas. Aunque no constituyen una cura, representan un cambio de paradigma en el manejo del alzh\u00e9imer, al ofrecer una alternativa que act\u00faa directamente sobre el proceso patol\u00f3gico de la enfermedad.<\/p>\n<p>M\u00e1s all\u00e1 de la eliminaci\u00f3n de las placas de amiloide, estas terapias abren la puerta a un futuro de tratamientos personalizados y diagn\u00f3sticos m\u00e1s tempranos, donde el objetivo es preservar la memoria y las capacidades cognitivas durante m\u00e1s tiempo.<\/p>\n<p>En palabras sencillas, estas terapias funcionan como una \u00abescoba molecular\u00bb que ayuda a limpiar el cerebro de prote\u00ednas da\u00f1inas, d\u00e1ndole al paciente m\u00e1s tiempo para mantener su independencia y calidad de vida.<\/p>\n<p>Fuente consultada: Lilly<\/p>\n","protected":false},"excerpt":{"rendered":"&#13; El objetivo del tratamiento del alzh\u00e9imer es ralentizar la progresi\u00f3n de la enfermedad y conservar durante m\u00e1s&hellip;\n","protected":false},"author":2,"featured_media":130838,"comment_status":"","ping_status":"","sticky":false,"template":"","format":"standard","meta":{"footnotes":""},"categories":[92],"tags":[25,24,165,166,23],"class_list":{"0":"post-130837","1":"post","2":"type-post","3":"status-publish","4":"format-standard","5":"has-post-thumbnail","7":"category-salud","8":"tag-es","9":"tag-espana","10":"tag-health","11":"tag-salud","12":"tag-spain"},"share_on_mastodon":{"url":"","error":""},"_links":{"self":[{"href":"https:\/\/www.europesays.com\/es\/wp-json\/wp\/v2\/posts\/130837","targetHints":{"allow":["GET"]}}],"collection":[{"href":"https:\/\/www.europesays.com\/es\/wp-json\/wp\/v2\/posts"}],"about":[{"href":"https:\/\/www.europesays.com\/es\/wp-json\/wp\/v2\/types\/post"}],"author":[{"embeddable":true,"href":"https:\/\/www.europesays.com\/es\/wp-json\/wp\/v2\/users\/2"}],"replies":[{"embeddable":true,"href":"https:\/\/www.europesays.com\/es\/wp-json\/wp\/v2\/comments?post=130837"}],"version-history":[{"count":0,"href":"https:\/\/www.europesays.com\/es\/wp-json\/wp\/v2\/posts\/130837\/revisions"}],"wp:featuredmedia":[{"embeddable":true,"href":"https:\/\/www.europesays.com\/es\/wp-json\/wp\/v2\/media\/130838"}],"wp:attachment":[{"href":"https:\/\/www.europesays.com\/es\/wp-json\/wp\/v2\/media?parent=130837"}],"wp:term":[{"taxonomy":"category","embeddable":true,"href":"https:\/\/www.europesays.com\/es\/wp-json\/wp\/v2\/categories?post=130837"},{"taxonomy":"post_tag","embeddable":true,"href":"https:\/\/www.europesays.com\/es\/wp-json\/wp\/v2\/tags?post=130837"}],"curies":[{"name":"wp","href":"https:\/\/api.w.org\/{rel}","templated":true}]}}