{"id":130839,"date":"2025-09-22T02:34:22","date_gmt":"2025-09-22T02:34:22","guid":{"rendered":"https:\/\/www.europesays.com\/es\/130839\/"},"modified":"2025-09-22T02:34:22","modified_gmt":"2025-09-22T02:34:22","slug":"yo-tengo-mi-vida-y-el-la-suya","status":"publish","type":"post","link":"https:\/\/www.europesays.com\/es\/130839\/","title":{"rendered":"Yo tengo mi vida y \u00e9l la suya"},"content":{"rendered":"<p id=\"eD_7XPRVAz\" data-wc=\"58\"><strong>Anabel Pantoja ha vuelto a demostrar que no hay reto que se le resista cuando se pone a ello<\/strong>. La sobrina de Isabel Pantoja se enfrent\u00f3 este s\u00e1bado a su primer gran desaf\u00edo en <strong>Bailando con las estrellas<\/strong>, el programa de baile de Telecinco en el que participa y que ha supuesto su apote\u00f3sico regreso a la cadena.\u00a0<\/p>\n<p> <img src=\"https:\/\/www.europesays.com\/es\/wp-content\/uploads\/2025\/09\/4b929e8bc591-anabel-pantoja90eced3d250914092220800x455.jpg\"   width=\"1024\" height=\"582\" loading=\"lazy\" decoding=\"async\" alt=\"Anabel Pantoja en la primera gala de 'Bailando con las estrellas'\" fetchpriority=\"auto\" class=\"image ho-image\"\/>\u00a9 MediasetAnabel Pantoja en la primera gala de &#8216;Bailando con las estrellas&#8217;<\/p>\n<p id=\"en3_DvFQMd\" data-wc=\"55\">En la segunda gala de programa, Anabel ten\u00eda que <strong>enfrentarse a un vals vien\u00e9s junto a su maestro de ceremonias y compa\u00f1ero, \u00c1lvaro Cuenca<\/strong>. Una rutina que inclu\u00eda un m\u00e1s que complicado port\u00e9, una elevaci\u00f3n al m\u00e1s puro estilo Dirty Dancing, que hab\u00eda tra\u00eddo a la influencer\u00a0de cabeza durante los ensayados de la semana.\u00a0<\/p>\n<p> <img src=\"https:\/\/www.europesays.com\/es\/wp-content\/uploads\/2025\/09\/aaae80ad51a3-captura-de-pantalla-2025-09-21-110743.jpg\"   width=\"1024\" height=\"584\" loading=\"lazy\" decoding=\"async\" alt=\"Anabel Pantoja en su segunda gala de 'Bailando con las estrellas'\" fetchpriority=\"auto\" class=\"image ho-image\"\/>\u00a9 MediasetAnabel Pantoja en su segunda gala de &#8216;Bailando con las estrellas&#8217;<\/p>\n<p id=\"eVrSPOZSZyt\" data-wc=\"59\">Anabel, aunque nerviosa, <strong>se entreg\u00f3 al reto t\u00e9cnico y demostr\u00f3 por qu\u00e9 es la nueva Gene Kelly<\/strong>: pis\u00f3 la pista de baile con fuerza, interpretando el vals al ritmo de I Have Nothing, una de las canciones m\u00e1s ic\u00f3nicas de Whitney Houston. <a class=\"hm-link ho-link\" href=\"https:\/\/www.hola.com\/actualidad\/20250808849105\/anabel-pantoja-golpe-de-calor-florencia\/\" data-mrf-recirculation=\"article-body-link\" rel=\"nofollow noopener\" target=\"_blank\">Ni siquiera su reciente lesi\u00f3n de codo le impidi\u00f3 dar el 100 por 100 sobre el escenario<\/a>.\u00a0<\/p>\n<p> <img src=\"https:\/\/www.europesays.com\/es\/wp-content\/uploads\/2025\/09\/9558e1475eaa-captura-de-pantalla-2025-09-21-110825.jpg\"   width=\"1024\" height=\"526\" loading=\"lazy\" decoding=\"async\" alt=\"Anabel Pantoja en su segunda gala de 'Bailando con las estrellas'\" fetchpriority=\"auto\" class=\"image ho-image\"\/>\u00a9 MediasetAnabel Pantoja en su segunda gala de &#8216;Bailando con las estrellas&#8217;<\/p>\n<p id=\"ezIiSBLDJs\" data-wc=\"80\">El momento m\u00e1s emocionante de su actuaci\u00f3n se produjo cuando, al acabar el baile, Anabel sorprendi\u00f3 al p\u00fablico, y al jurado, y le dio un beso a su compa\u00f1ero \u00c1lvaro, una se\u00f1al que confirma lo c\u00f3moda que est\u00e1 con \u00e9l y la gran satisfacci\u00f3n que siente en el concurso. <strong>\u00abT\u00fa tienes algo que se tiene o no se tiene, que es arte en las venas<\/strong>\u00ab, le espet\u00f3 la jueza Julia G\u00f3mez-Cora, que alab\u00f3 su t\u00e9cnica y actitud sobre el escenario.\u00a0<\/p>\n<p> <img src=\"https:\/\/www.europesays.com\/es\/wp-content\/uploads\/2025\/09\/19f7f934d14e-download.jpg\"   width=\"1024\" height=\"576\" loading=\"lazy\" decoding=\"async\" alt=\"Anabel Pantoja besa a su compa\u00f1ero de 'Bailando con las estrellas'\" fetchpriority=\"auto\" class=\"image ho-image\"\/>\u00a9 MediasetAnabel Pantoja besa a su compa\u00f1ero de &#8216;Bailando con las estrellas&#8217;<\/p>\n<p class=\"\" id=\"e-a33FPsSu\" data-wc=\"99\">\u00ab<strong>El beso no quiero que sea lo m\u00e1s importante, pero tiene que ser lo m\u00e1s importante, porque \u00e9l es lo m\u00e1s importante\u00a0<\/strong>y quer\u00eda que fuera una representaci\u00f3n de lo que siento por \u00e9l. No puedo sentir ninguna cosa m\u00e1s porque yo tengo mi vida y \u00e9l la suya, pero te lo juro que, cada d\u00eda, \u00e9l me ayuda a cre\u00e9rmelo\u00bb, ha explicado la propia Anabel tras ese acto que ha dejado a los jueces y a los espectadores sin palabras. \u00abPues mira, he hecho un port\u00e9 ah\u00ed\u00bb, se\u00f1alaba orgullosa, consciente del apoyo que \u00c1lvaro est\u00e1 siendo para ella.<\/p>\n<p> <img src=\"https:\/\/www.europesays.com\/es\/wp-content\/uploads\/2025\/09\/b156b52bb5f4-captura-de-pantalla-2025-09-21-110856.jpg\"   width=\"1024\" height=\"511\" loading=\"lazy\" decoding=\"async\" alt=\"Anabel Pantoja en su segunda gala de 'Bailando con las estrellas'\" fetchpriority=\"auto\" class=\"image ho-image\"\/>\u00a9 MediasetAnabel Pantoja en su segunda gala de &#8216;Bailando con las estrellas&#8217;<br \/>\nSu regreso a Telecinco y el reencuentro con Lydia<\/p>\n<p data-wc=\"47\" id=\"eN4lxf0Yfm\"><strong>\u00abAnabel era lo mejor que he conocido\u00bb<\/strong>, dec\u00eda una sonriente <strong>Lydia Lozano<\/strong> al recordar los momentos que ambas pasaron en S\u00e1lvame. Las risas y complicidad fueron su normalidad, por eso, admiti\u00f3 hace un par de semanas, \u00abno tengo la capacidad de acordarme de una bronca con ella\u00bb.\u00a0<\/p>\n<p> <img src=\"https:\/\/www.europesays.com\/es\/wp-content\/uploads\/2025\/09\/4d2e8450813a-captura-de-pantalla-2025-09-13-110343.jpg\"   width=\"1024\" height=\"545\" loading=\"lazy\" decoding=\"async\" alt=\"Lydia Lozano y Anabel Pantoja en '\u00a1De Viernes!'\" fetchpriority=\"auto\" class=\"image ho-image\"\/>\u00a9 MediasetLydia Lozano y Anabel Pantoja en &#8216;\u00a1De Viernes!&#8217;<\/p>\n<p data-wc=\"60\" id=\"eh3o8AFAuA\">Llevaban sin verse varios a\u00f1os y su reencuentro se produjo en <a class=\"hm-link ho-link\" href=\"https:\/\/www.hola.com\/actualidad\/20250906854259\/lydia-lozano-emocionadisima-regresa-a-mediaset-estos-dos-anos-he-estado-desubicada-lo-he-pasado-muy-mal\/\" data-mrf-recirculation=\"article-body-link\" rel=\"nofollow noopener\" target=\"_blank\">\u00a1De Viernes!, el espacio en el que la m\u00edtica colaboradora de Telecinco ha comenzado a trabajar<\/a> tras La Gran Familia de la Tele y Ni que fu\u00e9ramos, las dos producciones a las que La Osa ha dado vida tras el final del m\u00edtico programa que conduc\u00eda Jorge Javier V\u00e1zquez.<\/p>\n<p> <img src=\"https:\/\/www.europesays.com\/es\/wp-content\/uploads\/2025\/09\/81cb1a589c23-captura-de-pantalla-2025-09-13-110034.jpg\"   width=\"1024\" height=\"581\" loading=\"lazy\" decoding=\"async\" alt=\"Anabel Pantoja en '\u00a1De Viernes!'\" fetchpriority=\"auto\" class=\"image ho-image\"\/>\u00a9 MediasetAnabel Pantoja en &#8216;\u00a1De Viernes!&#8217;<\/p>\n<p data-wc=\"72\" id=\"eQl3jPdP2Lp\">Lydia y Anabel Pantoja fueron u\u00f1a y carne, pero una &#8216;traici\u00f3n&#8217; acab\u00f3 rompiendo su amistad y confianza. <strong>\u00abYo segu\u00ed con la historia y cont\u00e9 todos los malos rollos que hab\u00eda tenido con David y creo que es lo peor\u00bb<\/strong>, admiti\u00f3 una emocionada Lydia, que no pod\u00eda contener las l\u00e1grimas, en un v\u00eddeo que el programa emiti\u00f3 antes del esperado, y tenso, reencuentro entre ambas en las bambalinas del plat\u00f3 de \u00a1De Viernes!.<\/p>\n<p> <img src=\"https:\/\/www.europesays.com\/es\/wp-content\/uploads\/2025\/09\/05c94281912d-captura-de-pantalla-2025-09-13-110016.jpg\"   width=\"1024\" height=\"543\" loading=\"lazy\" decoding=\"async\" alt=\"Santi Acosta y Anabel Pantoja en '\u00a1De Viernes!'\" fetchpriority=\"auto\" class=\"image ho-image\"\/>\u00a9 MediasetSanti Acosta y Anabel Pantoja en &#8216;\u00a1De Viernes!&#8217;<\/p>\n<p data-wc=\"88\" id=\"eZLznImnxjK\">En aquel momento, Anabel estaba embarazada y tuvo que afrontar una peque\u00f1a crisis en su relaci\u00f3n de pareja. Lydia admiti\u00f3 entonces que la cadena pidi\u00f3 frenar todas las informaciones al respecto, pero ella no dud\u00f3 en continuar con la historia, aportando nuevos datos e informaci\u00f3n. Desde entonces, no hab\u00edan vuelto a verse. <strong>\u00abCuando pas\u00f3 lo de su hija yo le dec\u00eda que rezaba todas las noches por ella, pero no la he vuelto a ver y es que yo la quiero mucho, y desde aqu\u00ed te pido perd\u00f3n\u00bb.<\/strong><\/p>\n<p> <img src=\"https:\/\/www.europesays.com\/es\/wp-content\/uploads\/2025\/09\/1758508462_880_72015d8fac94-captura-de-pantalla-2025-09-13-110446.jpg\"   width=\"1024\" height=\"551\" loading=\"lazy\" decoding=\"async\" alt=\"Anabel Pantoja y Lydia Lozano en '\u00a1De Viernes!'\" fetchpriority=\"auto\" class=\"image ho-image\"\/>Anabel Pantoja y Lydia Lozano en &#8216;\u00a1De Viernes!&#8217;<\/p>\n<p data-wc=\"57\" id=\"e4x5qFZQ8nz\">\u00abLa considero algo importante en mi vida, lleva raz\u00f3n, hemos tenido una amistad. <strong>La vida son aprendizajes y yo no soy qui\u00e9n para juzgar a nadie, pero cuando una sabe que se equivoca&#8230;<\/strong> yo estar\u00eda igual que ella, la verdad, porque las dos somos muy lloronas\u00bb, dijo Anabel tras ver el v\u00eddeo de una lacrim\u00f3gena Lydia Lozano.\u00a0<\/p>\n","protected":false},"excerpt":{"rendered":"Anabel Pantoja ha vuelto a demostrar que no hay reto que se le resista cuando se pone a&hellip;\n","protected":false},"author":2,"featured_media":130840,"comment_status":"","ping_status":"","sticky":false,"template":"","format":"standard","meta":{"footnotes":""},"categories":[91],"tags":[517,4476,146,147,25,24,25511,23,692,807],"class_list":{"0":"post-130839","1":"post","2":"type-post","3":"status-publish","4":"format-standard","5":"has-post-thumbnail","7":"category-entretenimiento","8":"tag-actualidad","9":"tag-anabel-pantoja","10":"tag-entertainment","11":"tag-entretenimiento","12":"tag-es","13":"tag-espana","14":"tag-lydia-lozano","15":"tag-spain","16":"tag-telecinco","17":"tag-television"},"share_on_mastodon":{"url":"","error":""},"_links":{"self":[{"href":"https:\/\/www.europesays.com\/es\/wp-json\/wp\/v2\/posts\/130839","targetHints":{"allow":["GET"]}}],"collection":[{"href":"https:\/\/www.europesays.com\/es\/wp-json\/wp\/v2\/posts"}],"about":[{"href":"https:\/\/www.europesays.com\/es\/wp-json\/wp\/v2\/types\/post"}],"author":[{"embeddable":true,"href":"https:\/\/www.europesays.com\/es\/wp-json\/wp\/v2\/users\/2"}],"replies":[{"embeddable":true,"href":"https:\/\/www.europesays.com\/es\/wp-json\/wp\/v2\/comments?post=130839"}],"version-history":[{"count":0,"href":"https:\/\/www.europesays.com\/es\/wp-json\/wp\/v2\/posts\/130839\/revisions"}],"wp:featuredmedia":[{"embeddable":true,"href":"https:\/\/www.europesays.com\/es\/wp-json\/wp\/v2\/media\/130840"}],"wp:attachment":[{"href":"https:\/\/www.europesays.com\/es\/wp-json\/wp\/v2\/media?parent=130839"}],"wp:term":[{"taxonomy":"category","embeddable":true,"href":"https:\/\/www.europesays.com\/es\/wp-json\/wp\/v2\/categories?post=130839"},{"taxonomy":"post_tag","embeddable":true,"href":"https:\/\/www.europesays.com\/es\/wp-json\/wp\/v2\/tags?post=130839"}],"curies":[{"name":"wp","href":"https:\/\/api.w.org\/{rel}","templated":true}]}}