{"id":130841,"date":"2025-09-22T02:35:16","date_gmt":"2025-09-22T02:35:16","guid":{"rendered":"https:\/\/www.europesays.com\/es\/130841\/"},"modified":"2025-09-22T02:35:16","modified_gmt":"2025-09-22T02:35:16","slug":"las-10-mejores-cremas-con-vitamina-c-borra-arrugas-para-empezar-a-usar-en-otono","status":"publish","type":"post","link":"https:\/\/www.europesays.com\/es\/130841\/","title":{"rendered":"Las 10 mejores cremas con vitamina C &#8216;borra arrugas&#8217; para empezar a usar en oto\u00f1o"},"content":{"rendered":"<p>Las <a href=\"https:\/\/www.lecturas.com\/belleza\/mejores-cremas-vitamina-c-prevenir-arrugas_171571\" target=\"_blank\" rel=\"nofollow noopener\"><strong>cremas con vitamina C<\/strong><\/a> se han consolidado como uno de los tratamientos m\u00e1s efectivos en el <strong>cuidado antiedad<\/strong> gracias a su <strong>poderosa acci\u00f3n antioxidante<\/strong>. Este nutriente esencial combate los <strong>radicales libres<\/strong> \u2014principales responsables del envejecimiento prematuro de la piel\u2014, previniendo el da\u00f1o celular que provoca la aparici\u00f3n de arrugas, l\u00edneas de expresi\u00f3n y flacidez. Adem\u00e1s, <strong>estimula de forma natural la producci\u00f3n de col\u00e1geno<\/strong>, una prote\u00edna fundamental para mantener la piel firme, el\u00e1stica y con un aspecto juvenil. Con su uso continuado, la piel se vuelve visiblemente <strong>m\u00e1s tersa, suave y uniforme.<\/strong><\/p>\n<p>Otro de los grandes <strong>beneficios de la vitamina C<\/strong> es su capacidad para mejorar el tono cut\u00e1neo, <strong>reducir manchas oscuras<\/strong> y aportar una luminosidad saludable. Al favorecer la renovaci\u00f3n celular y mejorar la microcirculaci\u00f3n, estas cremas devuelven el brillo natural a la piel apagada y ayudan a difuminar las marcas del envejecimiento.\u00a0<\/p>\n<p>Gracias a sus f\u00f3rmulas cada vez m\u00e1s avanzadas y estables, las cremas con vitamina C son <strong>aptas para todo tipo de pieles,<\/strong> convirti\u00e9ndose en un <strong>b\u00e1sico indispensable<\/strong> para quienes desean prevenir y corregir los signos del paso del tiempo con eficacia y seguridad.<\/p>\n<p>Las mejores cremas con vitamina C para borrar arrugas\u00a0&#13;<img decoding=\"async\" src=\"https:\/\/www.europesays.com\/es\/wp-content\/uploads\/2025\/09\/la-roche-posay-tratamiento-anti-arrugas-ligero-reafirmante-e-iluminador-cuidado-dermatologico-antiox.webp\" alt=\"La Roche-Posay Redermic C Tratamiento Antiarrugas con vitamina C\" class=\"lazyload\"\/>&#13;<\/p>\n<p class=\"product-epigraph\">N\u00ba1<\/p>\n<p>La Roche-Posay Redermic C Tratamiento Antiarrugas con vitamina C<\/p>\n<p class=\"product-note\">* Alg\u00fan precio puede haber cambiado desde la \u00faltima revisi\u00f3n<\/p>\n<p>La Roche-Posay Redermic C Tratamiento Antiarrugas con vitamina C<\/p>\n<p>La <strong>Redermic C<\/strong> de La Roche-Posay es una f\u00f3rmula dermatol\u00f3gica avanzada que combina <strong>vitamina C pura<\/strong> con <strong>\u00e1cido hialur\u00f3nico<\/strong> y <strong>neurosensina<\/strong>, ofreciendo una triple acci\u00f3n: antiarrugas, reafirmante e iluminadora. Su textura ligera est\u00e1 pensada especialmente para pieles normales a mixtas, con tendencia a apagarse, perder elasticidad o presentar primeras l\u00edneas de expresi\u00f3n.<\/p>\n<p>Este tratamiento es ideal para quienes buscan una soluci\u00f3n eficaz contra los signos del envejecimiento, ya que reduce visiblemente arrugas, mejora la firmeza y unifica el tono. Su alta tolerancia la hace apta incluso para pieles sensibles. Con el uso diario, la piel se ve m\u00e1s tersa, luminosa y saludable.<\/p>\n<ul>\n<li><strong>Especial porque<\/strong> combina vitamina C pura con \u00e1cido hialur\u00f3nico y neurosensina.<\/li>\n<li><strong>Para qui\u00e9n:<\/strong> piel normal a mixta con signos de envejecimiento.<\/li>\n<li><strong>Activos estrella: <\/strong>vitamina C pura, \u00e1cido hialur\u00f3nico, y neurosensina.<\/li>\n<\/ul>\n<p>&#13;<img decoding=\"async\" src=\"https:\/\/www.europesays.com\/es\/wp-content\/uploads\/2025\/09\/babaria-crema-facial-con-vitamina-c-mujer-y-hombre-50ml-skin-care-vitamina-c-para-la-cara_00000000_2.webp\" alt=\"Babaria Crema Facial con vitamina C\" class=\"lazyload\"\/>&#13;<\/p>\n<p class=\"product-epigraph\">recomendada<\/p>\n<p>Babaria Crema Facial con vitamina C<\/p>\n<p class=\"product-note\">* Alg\u00fan precio puede haber cambiado desde la \u00faltima revisi\u00f3n<\/p>\n<p>Babaria Crema Facial con vitamina C<\/p>\n<p>La crema facial con vitamina C de <strong>Babaria<\/strong> se distingue por su f\u00f3rmula vegana y su alta concentraci\u00f3n de activos antioxidantes, dise\u00f1ada para potenciar la luminosidad natural de la piel desde la primera aplicaci\u00f3n. Es una opci\u00f3n accesible y eficaz para mejorar el tono desigual, reducir manchas y prevenir el envejecimiento cut\u00e1neo provocado por los radicales libres.<\/p>\n<p>De textura ligera y de r\u00e1pida absorci\u00f3n, esta crema es apta tanto para hombres como mujeres, incluso con piel sensible. Su efecto revitalizante, hidratante y protector la convierte en una gran opci\u00f3n para quienes buscan una hidratante diaria con beneficios antioxidantes.<\/p>\n<ul>\n<li><strong>Especial porque <\/strong>es vegana, ligera y ofrece acci\u00f3n antioxidante con resultados visibles.<\/li>\n<li><strong>Para qui\u00e9n:<\/strong> todo tipo de pieles, incluso sensibles, que buscan luminosidad.<\/li>\n<li><strong>Activos estrella:<\/strong> vitamina C, antioxidantes, e hidratantes ligeros.<\/li>\n<\/ul>\n<p>&#13;<img decoding=\"async\" src=\"https:\/\/www.europesays.com\/es\/wp-content\/uploads\/2025\/09\/garnier-skinactive-vitamina-c-crema-de-dia-iluminadora-con-vitamina-c-corrige-lineas-manchas-oscuras.webp\" alt=\"Garnier Crema de D\u00eda Iluminadora con vitamina C\" class=\"lazyload\"\/>&#13;<\/p>\n<p class=\"product-epigraph\">barata<\/p>\n<p>Garnier Crema de D\u00eda Iluminadora con vitamina C<\/p>\n<p class=\"product-note\">* Alg\u00fan precio puede haber cambiado desde la \u00faltima revisi\u00f3n<\/p>\n<p>Garnier Crema de D\u00eda Iluminadora con vitamina C<\/p>\n<p>La crema iluminadora de d\u00eda de <strong>Garnier<\/strong> ha sido formulada para devolver la luminosidad a las pieles apagadas, gracias a una combinaci\u00f3n eficaz de <strong>vitamina C<\/strong> y activos hidratantes. Desde el primer uso, la piel se siente m\u00e1s hidratada y firme, y tras 14 d\u00edas, se aprecia una mejora visible en el tono, la suavidad y la uniformidad de la piel.<\/p>\n<p>Adem\u00e1s, esta crema reduce l\u00edneas de expresi\u00f3n tras 28 d\u00edas de aplicaci\u00f3n constante. Su f\u00f3rmula vegana y respetuosa con la piel la hace adecuada para todo tipo de pieles que buscan combatir los signos de fatiga con un tratamiento accesible y efectivo.<\/p>\n<ul>\n<li><strong>Especial porque<\/strong> mejora la luminosidad visible en menos de un mes.<\/li>\n<li><strong>Para qui\u00e9n:<\/strong> piel apagada o con primeras l\u00edneas de expresi\u00f3n.<\/li>\n<li><strong>Activos estrella: <\/strong>vitamina C, activos hidratantes, y f\u00f3rmula vegana.<\/li>\n<\/ul>\n<p>&#13;<img decoding=\"async\" src=\"https:\/\/www.europesays.com\/es\/wp-content\/uploads\/2025\/09\/sesderma-c-vit-moisturizing-facial-cream_00000000_250606072211_600x600.webp.webp\" alt=\"Sesderma C-Vit, crema facial con vitamina C\" class=\"lazyload\"\/>&#13;<\/p>\n<p class=\"product-epigraph\">Ligera<\/p>\n<p>Sesderma C-Vit, crema facial con vitamina C<\/p>\n<p class=\"product-note\">* Alg\u00fan precio puede haber cambiado desde la \u00faltima revisi\u00f3n<\/p>\n<p>Sesderma C-Vit Crema Hidratante con vitamina C<\/p>\n<p>La <strong>C-Vit<\/strong> de <strong>Sesderma<\/strong> es una de las cremas m\u00e1s recomendadas para pieles secas que buscan recuperar vitalidad, tono uniforme y un brillo saludable. Su potente sistema <strong>Antiox Booster System<\/strong> y su innovadora tecnolog\u00eda de <strong>liposomas<\/strong> garantizan la entrega profunda y sostenida de vitamina C, maximizando su efectividad antioxidante y despigmentante.<\/p>\n<p>Con su uso continuado, mejora la firmeza, previene el envejecimiento y revitaliza la piel apagada. Ideal para mujeres que buscan una crema rica en textura, pero sin sensaci\u00f3n grasa, perfecta para rutinas antiedad completas.<\/p>\n<ul>\n<li><strong>Especial porque<\/strong> utiliza nanotecnolog\u00eda liposomal para mayor eficacia.<\/li>\n<li><strong>Para qui\u00e9n:<\/strong> pieles normales a secas con p\u00e9rdida de luminosidad.<\/li>\n<li><strong>Activos estrella:<\/strong> vitamina C liposomada, \u00e1cido hialur\u00f3nico, y antioxidantes.<\/li>\n<\/ul>\n<p>&#13;<img decoding=\"async\" src=\"https:\/\/www.europesays.com\/es\/wp-content\/uploads\/2025\/09\/olay-vitamin-c-aha-24-crema-hidratante-gel-crema-de-noche-con-vitamina-c-aha-y-niacinamida-para-un-t.webp\" alt=\"Olay Vitamin C + AHA 24 Crema Hidratante\" class=\"lazyload\"\/>&#13;<\/p>\n<p class=\"product-epigraph\">para todas las pieles<\/p>\n<p>Olay Vitamin C + AHA 24 Crema Hidratante<\/p>\n<p class=\"product-note\">* Alg\u00fan precio puede haber cambiado desde la \u00faltima revisi\u00f3n<\/p>\n<p>Olay Vitamin C + AHA 24 Crema Hidratante<\/p>\n<p>Esta crema de noche de <strong>Olay<\/strong> combina <strong>vitamina C<\/strong>, <strong>AHA (\u00e1cido glic\u00f3lico)<\/strong> y <strong>niacinamida<\/strong>, logrando una sinergia perfecta para mejorar textura, luminosidad y tono. Proporciona hidrataci\u00f3n inmediata durante 24 horas y resultados visibles desde el primer d\u00eda, con una piel\u00a0m\u00e1s uniforme y radiante en 14 d\u00edas.<\/p>\n<p>Su textura gel-crema es ligera, no grasa, y est\u00e1 dermatol\u00f3gicamente testada, siendo una gran aliada para pieles mixtas o grasas. Tambi\u00e9n est\u00e1 disponible en versi\u00f3n de d\u00eda, y es ideal como hidratante nocturna para potenciar la renovaci\u00f3n celular.<\/p>\n<ul>\n<li><strong>Especial porque<\/strong> combina vitamina C con AHA y niacinamida, con resultados r\u00e1pidos.<\/li>\n<li><strong>Para qui\u00e9n:<\/strong> pieles apagadas, con manchas o textura irregular.<\/li>\n<li><strong>Activos estrella:<\/strong> vitamina C, AHA,y niacinamida.<\/li>\n<\/ul>\n<p>&#13;<img decoding=\"async\" src=\"https:\/\/www.europesays.com\/es\/wp-content\/uploads\/2025\/09\/gisele-denis-crema-facial-niacinamida-y-vitamina-c-50-ml-crema-regenerante-y-aclarante-crema-antiarr.webp\" alt=\"Gis\u00e8le Denis Crema Facial con Niacinamida y vitamina C\" class=\"lazyload\"\/>&#13;<\/p>\n<p class=\"product-epigraph\">en farmacias<\/p>\n<p>Gis\u00e8le Denis Crema Facial con Niacinamida y vitamina C<\/p>\n<p class=\"product-note\">* Alg\u00fan precio puede haber cambiado desde la \u00faltima revisi\u00f3n<\/p>\n<p>Gis\u00e8le Denis Crema Facial con Niacinamida y vitamina C<\/p>\n<p>La crema facial de <strong>Gis\u00e8le Denis<\/strong> destaca por su <strong>formulaci\u00f3n de m\u00e1s del 94 % de ingredientes naturales<\/strong> y una poderosa combinaci\u00f3n de <strong>vitamina C<\/strong> y <strong>niacinamida<\/strong>, que trabajan en sinergia para calmar, iluminar, unificar y reforzar la barrera cut\u00e1nea. Es un tratamiento ideal para pieles con rojeces, manchas postinflamatorias o falta de firmeza.<\/p>\n<p>Su textura ligera se absorbe f\u00e1cilmente, siendo ideal para rutinas de d\u00eda. La niacinamida adem\u00e1s aporta beneficios regenerantes y despigmentantes, convirti\u00e9ndola en una crema vers\u00e1til para quienes buscan tratar m\u00faltiples preocupaciones de forma suave.<\/p>\n<ul>\n<li><strong>Especial porque<\/strong> combina niacinamida y vitamina C con ingredientes naturales.<\/li>\n<li><strong>Para qui\u00e9n:<\/strong> pieles sensibles, con rojeces o hiperpigmentaci\u00f3n.<\/li>\n<li><strong>Activos estrella:<\/strong> niacinamida, vitamina C, y antioxidantes naturales.<\/li>\n<\/ul>\n<p>&#13;<img decoding=\"async\" src=\"https:\/\/www.europesays.com\/es\/wp-content\/uploads\/2025\/09\/natura-bisse-cc-vitamin-cream-spf10-75-ml_00000000_250909142347_600x600.webp.webp\" alt=\"Natura Biss\u00e9 C+C Vitamin Cream SPF 10\" class=\"lazyload\"\/>&#13;<\/p>\n<p class=\"product-epigraph\">funciona<\/p>\n<p>Natura Biss\u00e9 C+C Vitamin Cream SPF 10<\/p>\n<p class=\"product-note\">* Alg\u00fan precio puede haber cambiado desde la \u00faltima revisi\u00f3n<\/p>\n<p>Natura Biss\u00e9 C+C Vitamin Cream SPF 10<\/p>\n<p>La <strong>C+C Vitamin Cream<\/strong> de <strong>Natura Biss\u00e9<\/strong> es una crema premium que combina tres tipos de vitamina C con ingredientes regeneradores como <strong>aceite de rosa mosqueta<\/strong>, <strong>vitamina E<\/strong>, <strong>bisabolol<\/strong> y <strong>manteca de karit\u00e9<\/strong>. Aporta firmeza, hidrataci\u00f3n profunda y un brillo visible desde las primeras aplicaciones, ideal para pieles secas, apagadas o con p\u00e9rdida de elasticidad.<\/p>\n<p>Adem\u00e1s, su sistema de liberaci\u00f3n prolongada garantiza una eficacia antioxidante sostenida durante 24 horas. Su textura rica y aroma c\u00edtrico transforman la rutina de cuidado en una experiencia sensorial revitalizante. Contiene <strong>SPF 10<\/strong>, por lo que puede usarse como hidratante de d\u00eda.<\/p>\n<ul>\n<li><strong>Especial porque<\/strong> tiene 3 tipos de vitamina C y activos antiedad de alta gama.<\/li>\n<li><strong>Para qui\u00e9n:<\/strong> piel seca, madura o desvitalizada.<\/li>\n<li><strong>Activos estrella:<\/strong> vitamina C (3 tipos), rosa mosqueta, vitamina E, y manteca de karit\u00e9.<\/li>\n<\/ul>\n<p>&#13;<img decoding=\"async\" src=\"https:\/\/www.europesays.com\/es\/wp-content\/uploads\/2025\/09\/roc-multi-correxion-revive-glow-gel-crema-antiarrugas-y-envejecimiento-hidratante-reafirmante-50-ml_.webp\" alt=\"RoC Multi Correxion Revive + Glow Gel Crema\" class=\"lazyload\"\/>&#13;<\/p>\n<p class=\"product-epigraph\">en farmacias<\/p>\n<p>RoC Multi Correxion Revive + Glow Gel Crema<\/p>\n<p class=\"product-note\">* Alg\u00fan precio puede haber cambiado desde la \u00faltima revisi\u00f3n<\/p>\n<p>RoC Multi Correxion Revive + Glow Gel Crema con vitamina C<\/p>\n<p>Esta crema en gel de <strong>RoC<\/strong> ofrece una potente f\u00f3rmula con <strong>10 % de vitamina C<\/strong>, cl\u00ednicamente probada para reducir manchas, suavizar l\u00edneas de expresi\u00f3n y mejorar el brillo de la piel. Con textura ligera y no grasa, proporciona hidrataci\u00f3n durante 24 horas, dejando una piel m\u00e1s firme y rejuvenecida.<\/p>\n<p>Ideal para incluir en una rutina anti-manchas o antiaging, puede combinarse con el s\u00e9rum de la misma l\u00ednea para potenciar los resultados. Dermatol\u00f3gicamente testada, es una excelente opci\u00f3n para quienes buscan resultados visibles sin pesadez.<\/p>\n<ul>\n<li><strong>Especial porque<\/strong> tiene alta concentraci\u00f3n (10 %) de vitamina C y textura gel.<\/li>\n<li><strong>Para qui\u00e9n:<\/strong> pieles mixtas o grasas que quieren luminosidad sin sensaci\u00f3n grasa.<\/li>\n<li><strong>Activos estrella:<\/strong> vitamina C estabilizada, y antioxidantes.<\/li>\n<\/ul>\n<p>&#13;<img decoding=\"async\" src=\"https:\/\/www.europesays.com\/es\/wp-content\/uploads\/2025\/09\/germaine-de-capuccini-timexpert-radiance-c-crema-antioxidante-iluminadora-avanzada-50ml-vitalidad-y-.webp\" alt=\"Germaine de Capuccini Timexpert Radiance C+\" class=\"lazyload\"\/>&#13;<\/p>\n<p class=\"product-epigraph\">ANTIOXIDANTE<\/p>\n<p>Germaine de Capuccini Timexpert Radiance C+<\/p>\n<p class=\"product-note\">* Alg\u00fan precio puede haber cambiado desde la \u00faltima revisi\u00f3n<\/p>\n<p>Germaine de Capuccini Timexpert Radiance C+<\/p>\n<p>La <strong>Timexpert Radiance C+<\/strong> es una crema innovadora que mejora el brillo de la piel al instante gracias a su <strong>vitamina C estabilizada<\/strong> combinada con el <strong>nanopol\u00edmero HLG<\/strong>, que potencia su absorci\u00f3n. Adem\u00e1s de iluminar, mejora la firmeza, favorece la s\u00edntesis de col\u00e1geno y combate l\u00edneas de expresi\u00f3n desde las capas m\u00e1s profundas de la piel.<\/p>\n<p>Es muy recomendada por su textura agradable y su capacidad para revitalizar pieles fatigadas o apagadas, actuando como un verdadero c\u00f3ctel de energ\u00eda antioxidante. Aporta resultados visibles y prolongados con el uso continuado.<\/p>\n<ul>\n<li><strong>Especial porque <\/strong>multiplica la eficacia de la vitamina C con tecnolog\u00eda HLG.<\/li>\n<li><strong>Para qui\u00e9n:<\/strong> pieles maduras, cansadas o con p\u00e9rdida de firmeza.<\/li>\n<li><strong>Activos estrella:<\/strong> vitamina C, nanopol\u00edmero HLG, y \u00e1cido hialur\u00f3nico.<\/li>\n<\/ul>\n<p>&#13;<img decoding=\"async\" src=\"https:\/\/www.europesays.com\/es\/wp-content\/uploads\/2025\/09\/belif-aqua-bomb-brightening-vitamin-c-cream-25ml-crema-hidratante-iluminadora-acido-hialuronico-vita.webp\" alt=\"Belif Aqua Bomb Brightening Vitamin C Cream\" class=\"lazyload\"\/>&#13;<\/p>\n<p class=\"product-epigraph\">coreana<\/p>\n<p>Belif Aqua Bomb Brightening Vitamin C Cream<\/p>\n<p class=\"product-note\">* Alg\u00fan precio puede haber cambiado desde la \u00faltima revisi\u00f3n<\/p>\n<p>Belif Aqua Bomb Brightening Vitamin C Cream<\/p>\n<p>La crema iluminadora de <strong>Belif<\/strong>, marca coreana de culto, une la ciencia con la bot\u00e1nica en una f\u00f3rmula vegana de textura gel ultraligera. Contiene <strong>vitamina C<\/strong>, <strong>vitamina E<\/strong> y <strong>\u00e1cido hialur\u00f3nico<\/strong>, una combinaci\u00f3n ideal para hidratar, proteger e iluminar sin aportar grasa. Su textura refrescante la hace perfecta para climas c\u00e1lidos o rutinas minimalistas.<\/p>\n<p>Es ideal para todo tipo de pieles, incluidas las sensibles, y aporta un glow inmediato y duradero. Su fragancia c\u00edtrica revitaliza y convierte el cuidado facial en un momento de placer sensorial.<\/p>\n<ul>\n<li><strong>Especial porque<\/strong> combina ciencia y naturaleza con f\u00f3rmula vegana y textura gel.<\/li>\n<li><strong>Para qui\u00e9n:<\/strong> todo tipo de piel, especialmente las j\u00f3venes o deshidratadas.<\/li>\n<li><strong>Activos estrella:<\/strong> vitamina C, vitamina E, y \u00e1cido hialur\u00f3nico.<\/li>\n<\/ul>\n<p class=\"disclaimer-text\">Cuando compras a trav\u00e9s de nuestros enlaces podemos ganar una comisi\u00f3n. <a href=\"https:\/\/www.lecturas.com\/pagina\/politica-comercial-lecturas.html\" rel=\"nofollow noopener\" target=\"_blank\">M\u00e1s informaci\u00f3n<\/a>.<\/p>\n","protected":false},"excerpt":{"rendered":"Las cremas con vitamina C se han consolidado como uno de los tratamientos m\u00e1s efectivos en el cuidado&hellip;\n","protected":false},"author":2,"featured_media":130842,"comment_status":"","ping_status":"","sticky":false,"template":"","format":"standard","meta":{"footnotes":""},"categories":[81],"tags":[119,123,124,25,24,117,121,122,23,118,120],"class_list":{"0":"post-130841","1":"post","2":"type-post","3":"status-publish","4":"format-standard","5":"has-post-thumbnail","7":"category-ciencia-y-tecnologia","8":"tag-ciencia","9":"tag-ciencia-y-tecnologia","10":"tag-cienciaytecnologia","11":"tag-es","12":"tag-espana","13":"tag-science","14":"tag-science-and-technology","15":"tag-scienceandtechnology","16":"tag-spain","17":"tag-technology","18":"tag-tecnologia"},"share_on_mastodon":{"url":"","error":""},"_links":{"self":[{"href":"https:\/\/www.europesays.com\/es\/wp-json\/wp\/v2\/posts\/130841","targetHints":{"allow":["GET"]}}],"collection":[{"href":"https:\/\/www.europesays.com\/es\/wp-json\/wp\/v2\/posts"}],"about":[{"href":"https:\/\/www.europesays.com\/es\/wp-json\/wp\/v2\/types\/post"}],"author":[{"embeddable":true,"href":"https:\/\/www.europesays.com\/es\/wp-json\/wp\/v2\/users\/2"}],"replies":[{"embeddable":true,"href":"https:\/\/www.europesays.com\/es\/wp-json\/wp\/v2\/comments?post=130841"}],"version-history":[{"count":0,"href":"https:\/\/www.europesays.com\/es\/wp-json\/wp\/v2\/posts\/130841\/revisions"}],"wp:featuredmedia":[{"embeddable":true,"href":"https:\/\/www.europesays.com\/es\/wp-json\/wp\/v2\/media\/130842"}],"wp:attachment":[{"href":"https:\/\/www.europesays.com\/es\/wp-json\/wp\/v2\/media?parent=130841"}],"wp:term":[{"taxonomy":"category","embeddable":true,"href":"https:\/\/www.europesays.com\/es\/wp-json\/wp\/v2\/categories?post=130841"},{"taxonomy":"post_tag","embeddable":true,"href":"https:\/\/www.europesays.com\/es\/wp-json\/wp\/v2\/tags?post=130841"}],"curies":[{"name":"wp","href":"https:\/\/api.w.org\/{rel}","templated":true}]}}