{"id":130843,"date":"2025-09-22T02:38:16","date_gmt":"2025-09-22T02:38:16","guid":{"rendered":"https:\/\/www.europesays.com\/es\/130843\/"},"modified":"2025-09-22T02:38:16","modified_gmt":"2025-09-22T02:38:16","slug":"la-ertzaintza-busca-a-los-responsables-de-la-muerte-de-un-hombre-agredido-con-arma-blanca-en-bilbao","status":"publish","type":"post","link":"https:\/\/www.europesays.com\/es\/130843\/","title":{"rendered":"La Ertzaintza busca a los responsables de la muerte de un hombre agredido con arma blanca en Bilbao"},"content":{"rendered":"<p class=\"article-text\">\n        Un hombre ha perdido la vida este domingo en Bilbao tras haber sido v\u00edctima de una agresi\u00f3n con arma blanca a primera hora de esta ma\u00f1ana. La Ertzaintza ha abierto una investigaci\u00f3n para esclarecer lo sucedido y detener al responsable o los responsables del homicidio, seg\u00fan ha informado el Departamento de Seguridad del Gobierno vasco y recoge Europa Press.\n    <\/p>\n<p>    <a href=\"https:\/\/www.eldiario.es\/euskadi\/guardia-civil-detiene-vizcaino-estafa-950-000-euros-empresas-combustible-espana_1_12615343.html\" data-mrf-recirculation=\"saber-mas\" data-dl-event=\"saber-mas\" rel=\"nofollow noopener\" target=\"_blank\"><\/p>\n<p class=\"know-more__title\">La Guardia Civil detiene a un vizca\u00edno por una estafa de 950.000 euros a empresas de combustible en toda Espa\u00f1a<\/p>\n<p>            <img decoding=\"async\" class=\"lazy\" loading=\"lazy\" data-src=\"https:\/\/static.eldiario.es\/clip\/c4a706b8-0246-4b70-aea4-c1bd196fc269_16-9-aspect-ratio_default_0_x574y341.jpg\" src=\"data:image\/svg+xml,%3Csvg xmlns=\" http:=\"\" viewbox=\"0 0 880 495\" alt=\"La Guardia Civil detiene a un vizca\u00edno por una estafa de 950.000 euros a empresas de combustible en toda Espa\u00f1a\"\/><\/p>\n<p>                        <\/a><\/p>\n<p class=\"article-text\">\n        Hacia las 6:45, se ha solicitado presencia policial en la calle Fika, en el barrio de Solokoetxe de la capital vizca\u00edna, ya que se hab\u00eda producido un altercado en la v\u00eda p\u00fablica en el que una persona hab\u00eda resultado herida.\n    <\/p>\n<p class=\"article-text\">\n        Las patrullas desplazadas al lugar han encontrado a un hombre con heridas de arma blanca en el pecho que estaba siendo atendido por los servicios sanitarios. Poco despu\u00e9s, ha sido trasladado al hospital de Cruces, donde finalmente ha fallecido. La v\u00edctima a\u00fan no ha sido identificada.\n    <\/p>\n<p>    <a href=\"https:\/\/www.eldiario.es\/euskadi\/fiscalia-osakidetza-abren-puerta-enfermera-simulo-vacunar-404-ninos-evite-carcel_1_12616560.html\" data-mrf-recirculation=\"saber-mas-abajo\" data-dl-event=\"saber-mas-abajo\" rel=\"nofollow noopener\" target=\"_blank\"><\/p>\n<p class=\"know-more__title\">La Fiscal\u00eda y Osakidetza abren la puerta a que la enfermera que simul\u00f3 vacunar a 404 ni\u00f1os evite la c\u00e1rcel<\/p>\n<p>            <img decoding=\"async\" class=\"lazy\" loading=\"lazy\" data-src=\"https:\/\/static.eldiario.es\/clip\/09c54787-191b-4122-9c76-878181ffb224_16-9-aspect-ratio_default_0.jpg\" src=\"data:image\/svg+xml,%3Csvg xmlns=\" http:=\"\" viewbox=\"0 0 880 495\" alt=\"La Fiscal\u00eda y Osakidetza abren la puerta a que la enfermera que simul\u00f3 vacunar a 404 ni\u00f1os evite la c\u00e1rcel\"\/><\/p>\n<p>                        <\/a><\/p>\n<p class=\"article-text\">\n        La Ertzaintza ha abierto una investigaci\u00f3n para esclarecer el incidente y, asimismo, localizar y detener al autor o los autores de este homicidio.\n    <\/p>\n<p>                    elDiario.es\/Euskadi<\/p>\n<p class=\"article-text\">\n        \u00bfNos sigues en redes sociales? elDiario.es\/Euskadi est\u00e1 en\u00a0<a href=\"https:\/\/bsky.app\/profile\/eldiarioeus.bsky.social\" target=\"_blank\" data-mrf-recirculation=\"links-noticia\" class=\"link\" rel=\"nofollow noopener\">Bluesky<\/a>,\u00a0<a href=\"https:\/\/twitter.com\/eldiarioeus\" target=\"_blank\" data-mrf-recirculation=\"links-noticia\" class=\"link\" rel=\"nofollow noopener\">X<\/a>\u00a0e\u00a0<a href=\"https:\/\/www.instagram.com\/eldiarioeus\/\" target=\"_blank\" data-mrf-recirculation=\"links-noticia\" class=\"link\" rel=\"nofollow noopener\">Instagram<\/a>. Y te enviamos alertas informativas por\u00a0<a href=\"https:\/\/telegram.me\/eldiarioeus\" target=\"_blank\" data-mrf-recirculation=\"links-noticia\" class=\"link\" rel=\"nofollow noopener\">Telegram<\/a>\u00a0y\u00a0<a href=\"https:\/\/www.whatsapp.com\/channel\/0029Va9Dx2MLNSZzLvNjNr3P\" target=\"_blank\" data-mrf-recirculation=\"links-noticia\" class=\"link\" rel=\"nofollow noopener\">WhatsApp<\/a>. Cada semana, te enviamos un bolet\u00edn a tu correo electr\u00f3nico. \u00a1<a href=\"https:\/\/usuarios.eldiario.es\/boletines?_gl=1*pa2ll6*_gcl_au*MTk0OTg1OTU2Mi4xNzMwMTk3MDYx*_ga*Njk1MjI5NDQyLjE3Mjk1MjAxNjg.*_ga_4RZPWREGF3*MTczNDE3ODQ5Ny4xMTYuMS4xNzM0MTc5OTEyLjEzLjAuMA..\" target=\"_blank\" data-mrf-recirculation=\"links-noticia\" class=\"link\" rel=\"nofollow noopener\">Ap\u00fantate<\/a>! Recuerda que puedes ser socio o socia de elDiario.es clicando en\u00a0<a href=\"https:\/\/usuarios.eldiario.es\/hazte_socio\/?utm_source=euskadi&amp;utm_campaign=eell&amp;utm_medium=all&amp;mc_cid=f16fc896fb&amp;mc_eid=05624d2e2d\" target=\"_blank\" data-mrf-recirculation=\"links-noticia\" class=\"link\" rel=\"nofollow noopener\">este enlace<\/a>. Y, para m\u00e1s informaci\u00f3n, puedes llamar o escribirnos al\u00a0625 88 87 80.\n    <\/p>\n<p>                                <script async src=\"https:\/\/platform.twitter.com\/widgets.js\" charset=\"utf-8\"><\/script><script async src=\"\/\/www.instagram.com\/embed.js\"><\/script><\/p>\n","protected":false},"excerpt":{"rendered":"Un hombre ha perdido la vida este domingo en Bilbao tras haber sido v\u00edctima de una agresi\u00f3n con&hellip;\n","protected":false},"author":2,"featured_media":130844,"comment_status":"","ping_status":"","sticky":false,"template":"","format":"standard","meta":{"footnotes":""},"categories":[8],"tags":[517,3935,14300,14314,3285,14302,2601,4144,14316,17,18,14313,767,1349,2026,13451,14315,1813,3854,14299,14298,14307,12226,14318,6246,25,24,5691,14308,13,14,4910,3705,3978,6927,11,12252,1982,2178,14297,14317,7600,11701,14311,14312,19,20,14305,14303,9,10,15,16,6115,264,14304,952,14310,14309,14306,14301,3905,492,23,12,21,22,7192,2177],"class_list":{"0":"post-130843","1":"post","2":"type-post","3":"status-publish","4":"format-standard","5":"has-post-thumbnail","7":"category-espana","8":"tag-actualidad","9":"tag-alava","10":"tag-andar-en-bici","11":"tag-barakaldo","12":"tag-bbva","13":"tag-belen-ferreras","14":"tag-bilbao","15":"tag-bizkaia","16":"tag-brands","17":"tag-breaking-news","18":"tag-breakingnews","19":"tag-caso-de-miguel","20":"tag-corrupcion","21":"tag-donostia","22":"tag-educacion","23":"tag-eh-bildu","24":"tag-eibar","25":"tag-ela","26":"tag-eldiario-es","27":"tag-eldiario-es-euskadi","28":"tag-eldiario-eus","29":"tag-eldiarionorte-es","30":"tag-emergencia-climatica","31":"tag-eroski","32":"tag-ertzaintza","33":"tag-es","34":"tag-espana","35":"tag-euskadi","36":"tag-euskal-herria","37":"tag-featured-news","38":"tag-featurednews","39":"tag-feminismo","40":"tag-gernika","41":"tag-getxo","42":"tag-gipuzkoa","43":"tag-headlines","44":"tag-hondarribia","45":"tag-ignacio-escolar","46":"tag-igualdad","47":"tag-iker-rioja-andueza","48":"tag-imanol-pradales","49":"tag-irun","50":"tag-kutxabank","51":"tag-lab","52":"tag-lanbide","53":"tag-latest-news","54":"tag-latestnews","55":"tag-maialen-ferreira","56":"tag-montai","57":"tag-news","58":"tag-noticias","59":"tag-noticias-destacadas","60":"tag-noticiasdestacadas","61":"tag-osakidetza","62":"tag-pais-vasco","63":"tag-pnv","64":"tag-politica","65":"tag-pp-vasco","66":"tag-pse-ee","67":"tag-rodrigo-saiz","68":"tag-ruben-pereda","69":"tag-sindicatos","70":"tag-sociedad","71":"tag-spain","72":"tag-titulares","73":"tag-ultimas-noticias","74":"tag-ultimasnoticias","75":"tag-upv-ehu","76":"tag-vitoria"},"share_on_mastodon":{"url":"","error":""},"_links":{"self":[{"href":"https:\/\/www.europesays.com\/es\/wp-json\/wp\/v2\/posts\/130843","targetHints":{"allow":["GET"]}}],"collection":[{"href":"https:\/\/www.europesays.com\/es\/wp-json\/wp\/v2\/posts"}],"about":[{"href":"https:\/\/www.europesays.com\/es\/wp-json\/wp\/v2\/types\/post"}],"author":[{"embeddable":true,"href":"https:\/\/www.europesays.com\/es\/wp-json\/wp\/v2\/users\/2"}],"replies":[{"embeddable":true,"href":"https:\/\/www.europesays.com\/es\/wp-json\/wp\/v2\/comments?post=130843"}],"version-history":[{"count":0,"href":"https:\/\/www.europesays.com\/es\/wp-json\/wp\/v2\/posts\/130843\/revisions"}],"wp:featuredmedia":[{"embeddable":true,"href":"https:\/\/www.europesays.com\/es\/wp-json\/wp\/v2\/media\/130844"}],"wp:attachment":[{"href":"https:\/\/www.europesays.com\/es\/wp-json\/wp\/v2\/media?parent=130843"}],"wp:term":[{"taxonomy":"category","embeddable":true,"href":"https:\/\/www.europesays.com\/es\/wp-json\/wp\/v2\/categories?post=130843"},{"taxonomy":"post_tag","embeddable":true,"href":"https:\/\/www.europesays.com\/es\/wp-json\/wp\/v2\/tags?post=130843"}],"curies":[{"name":"wp","href":"https:\/\/api.w.org\/{rel}","templated":true}]}}