{"id":130845,"date":"2025-09-22T02:39:13","date_gmt":"2025-09-22T02:39:13","guid":{"rendered":"https:\/\/www.europesays.com\/es\/130845\/"},"modified":"2025-09-22T02:39:13","modified_gmt":"2025-09-22T02:39:13","slug":"trump-promete-defender-polonia-y-los-paises-balticos-de-rusia","status":"publish","type":"post","link":"https:\/\/www.europesays.com\/es\/130845\/","title":{"rendered":"Trump promete defender Polonia y los pa\u00edses b\u00e1lticos de Rusia"},"content":{"rendered":"<p>    MADRID 21 Sep. (EUROPA PRESS) &#8211; <\/p>\n<p>   El presidente estadounidense, Donald Trump, ha subrayado este domingo que su pa\u00eds defender\u00e1 a Polonia y a los pa\u00edses b\u00e1lticos en caso de una escalada b\u00e9lica con Rusia.<\/p>\n<p>   Trump ha sido preguntado por si defender\u00eda a estos cuatro pa\u00edses si el presidente ruso, Vladimir Putin, sigue con la escalada, a lo que el mandatario estadounidense ha respondido que \u00abS\u00ed. Lo har\u00eda. Lo har\u00eda\u00bb.<\/p>\n<p>   Tambi\u00e9n ha sido interrogado por el reciente incidente en el que tres cazas rusos penetraron durante doce minutos en espacio a\u00e9reo de Estonia. \u00abNo nos gusta\u00bb, ha apuntado.<\/p>\n<p>   Trump ha realizado estos comentarios durante su desplazamiento a Arizona para asistir al funeral del comentarista de extrema derecha Charlie Kirk, asesinado durante un acto p\u00fablico el pasado 10 de septiembre.<\/p>\n","protected":false},"excerpt":{"rendered":"MADRID 21 Sep. (EUROPA PRESS) &#8211; El presidente estadounidense, Donald Trump, ha subrayado este domingo que su pa\u00eds&hellip;\n","protected":false},"author":2,"featured_media":130846,"comment_status":"","ping_status":"","sticky":false,"template":"","format":"standard","meta":{"footnotes":""},"categories":[5],"tags":[17,18,25,24,13,14,11,19,20,9,10,15,16,23,12,21,22],"class_list":{"0":"post-130845","1":"post","2":"type-post","3":"status-publish","4":"format-standard","5":"has-post-thumbnail","7":"category-titulares","8":"tag-breaking-news","9":"tag-breakingnews","10":"tag-es","11":"tag-espana","12":"tag-featured-news","13":"tag-featurednews","14":"tag-headlines","15":"tag-latest-news","16":"tag-latestnews","17":"tag-news","18":"tag-noticias","19":"tag-noticias-destacadas","20":"tag-noticiasdestacadas","21":"tag-spain","22":"tag-titulares","23":"tag-ultimas-noticias","24":"tag-ultimasnoticias"},"share_on_mastodon":{"url":"","error":""},"_links":{"self":[{"href":"https:\/\/www.europesays.com\/es\/wp-json\/wp\/v2\/posts\/130845","targetHints":{"allow":["GET"]}}],"collection":[{"href":"https:\/\/www.europesays.com\/es\/wp-json\/wp\/v2\/posts"}],"about":[{"href":"https:\/\/www.europesays.com\/es\/wp-json\/wp\/v2\/types\/post"}],"author":[{"embeddable":true,"href":"https:\/\/www.europesays.com\/es\/wp-json\/wp\/v2\/users\/2"}],"replies":[{"embeddable":true,"href":"https:\/\/www.europesays.com\/es\/wp-json\/wp\/v2\/comments?post=130845"}],"version-history":[{"count":0,"href":"https:\/\/www.europesays.com\/es\/wp-json\/wp\/v2\/posts\/130845\/revisions"}],"wp:featuredmedia":[{"embeddable":true,"href":"https:\/\/www.europesays.com\/es\/wp-json\/wp\/v2\/media\/130846"}],"wp:attachment":[{"href":"https:\/\/www.europesays.com\/es\/wp-json\/wp\/v2\/media?parent=130845"}],"wp:term":[{"taxonomy":"category","embeddable":true,"href":"https:\/\/www.europesays.com\/es\/wp-json\/wp\/v2\/categories?post=130845"},{"taxonomy":"post_tag","embeddable":true,"href":"https:\/\/www.europesays.com\/es\/wp-json\/wp\/v2\/tags?post=130845"}],"curies":[{"name":"wp","href":"https:\/\/api.w.org\/{rel}","templated":true}]}}