{"id":130849,"date":"2025-09-22T02:41:14","date_gmt":"2025-09-22T02:41:14","guid":{"rendered":"https:\/\/www.europesays.com\/es\/130849\/"},"modified":"2025-09-22T02:41:14","modified_gmt":"2025-09-22T02:41:14","slug":"cayetano-rivera-se-despide-de-los-ruedos-sin-la-presencia-de-sus-hermanos","status":"publish","type":"post","link":"https:\/\/www.europesays.com\/es\/130849\/","title":{"rendered":"Cayetano Rivera se despide de los ruedos sin la presencia de sus hermanos"},"content":{"rendered":"<p data-gtm-element-container=\"modulo-texto-link\" class=\"paragraph\">Tras m\u00e1s de veinte a\u00f1os desde su alternativa, Cayetano Rivera puso fin este s\u00e1bado a su trayectoria en los ruedos. Desde la plaza de toros de \u00c9cija, el torero se despidi\u00f3 ante un p\u00fablico entregado en una tarde que, sin embargo, estuvo tambi\u00e9n marcada por la notable ausencia de sus tres hermanos.<\/p>\n<p data-gtm-element-container=\"modulo-texto-link\" class=\"paragraph\">Entre quienes s\u00ed acompa\u00f1aron la \u00faltima faena del diestro, destacaron diversas firguras del toreo como Curro D\u00edaz o \u00c1ngel Jim\u00e9nez, popularmete conocido como El Astigitano. Tambi\u00e9n se dieron cita algunos familiares cercanos a Rivera, como su cu\u00f1ada Lourdes Montes, Cayetano Mart\u00ednez de Irujo y B\u00e1rbara Mirjan, que disfrutaron del emotivo adi\u00f3s del torero.\u00a0<\/p>\n<p data-gtm-element-container=\"modulo-texto-link\" class=\"paragraph\">Uno de los instantes m\u00e1s conmovedores del evento, tuvo lugar cuando Rivera brind\u00f3 un toro a su hijo, quien recibi\u00f3 la montera de su padre y la alz\u00f3 ante el p\u00fablico, que respondi\u00f3 con una ovaci\u00f3n. El cierre de la corrida  tuvo su momento \u00e1lgido cuando el torero fue sacado a hombros envuelto entre los aplausos y v\u00edtores de una plaza que reconoci\u00f3 su trayectoria.<\/p>\n<p data-gtm-element-container=\"modulo-texto-link\" class=\"paragraph\">Horas m\u00e1s tarde, fue el propio Rivera quien confirm\u00f3 el final de su carrera a trav\u00e9s de las redes sociales,a trav\u00e9s de la publicaci\u00f3n de una fotograf\u00eda vestido de luces y un breve mensaje: \u201cFin\u201d. Con una escueta palabra, el torero pon\u00eda punto final a veinte temporadas de trayectoria, en un a\u00f1o especialmente complicado para \u00e9l.<\/p>\n<p data-gtm-element-container=\"modulo-texto-link\" class=\"paragraph\">El pasado 30 de junio, un incidente con la Polic\u00eda en Madrid termin\u00f3 con la detenci\u00f3n de Rivera, quien posteriormente present\u00f3 una denuncia penal contra los agentes por lo que consider\u00f3 una detenci\u00f3n ilegal, tras un altercado con un empleado de un restaurante de la capital.<\/p>\n<p>        Lee tambi\u00e9n<\/p>\n<p>    Mamen Polaino<\/p>\n<p>             <img loading=\"lazy\" decoding=\"async\" data-full-src=\"https:\/\/www.lavanguardia.com\/uploads\/2024\/12\/01\/674ba423c075b.jpeg\" alt=\"MADRID, SPAIN - FEBRUARY 01: Cayetano Rivera attends the Madrid photocall for \" width=\"104\" height=\"108\" src=\"https:\/\/www.europesays.com\/es\/wp-content\/uploads\/2025\/09\/674ba423c075b.r_d.2680-1788.jpeg\" class=\"lazy\"\/><\/p>\n<p data-gtm-element-container=\"modulo-texto-link\" class=\"paragraph\">Pocos d\u00edas despu\u00e9s, el diestro se vio obligado a cancelar su participaci\u00f3n en la Feria de Santiago de Santander a causa de varias lesiones sufridas durante un entrenamiento en el campo. A estas dificultades se a\u00f1adi\u00f3 el distanciamiento con su apoderado de toda la vida, su t\u00edo Curro V\u00e1zquez, que dej\u00f3 de acompa\u00f1arle en el tramo final de la temporada.<\/p>\n","protected":false},"excerpt":{"rendered":"Tras m\u00e1s de veinte a\u00f1os desde su alternativa, Cayetano Rivera puso fin este s\u00e1bado a su trayectoria en&hellip;\n","protected":false},"author":2,"featured_media":130850,"comment_status":"","ping_status":"","sticky":false,"template":"","format":"standard","meta":{"footnotes":""},"categories":[277],"tags":[373,168,25,24,23,167,374],"class_list":{"0":"post-130849","1":"post","2":"type-post","3":"status-publish","4":"format-standard","5":"has-post-thumbnail","7":"category-toreo","8":"tag-bullfighting","9":"tag-deportes","10":"tag-es","11":"tag-espana","12":"tag-spain","13":"tag-sports","14":"tag-toreo"},"share_on_mastodon":{"url":"","error":""},"_links":{"self":[{"href":"https:\/\/www.europesays.com\/es\/wp-json\/wp\/v2\/posts\/130849","targetHints":{"allow":["GET"]}}],"collection":[{"href":"https:\/\/www.europesays.com\/es\/wp-json\/wp\/v2\/posts"}],"about":[{"href":"https:\/\/www.europesays.com\/es\/wp-json\/wp\/v2\/types\/post"}],"author":[{"embeddable":true,"href":"https:\/\/www.europesays.com\/es\/wp-json\/wp\/v2\/users\/2"}],"replies":[{"embeddable":true,"href":"https:\/\/www.europesays.com\/es\/wp-json\/wp\/v2\/comments?post=130849"}],"version-history":[{"count":0,"href":"https:\/\/www.europesays.com\/es\/wp-json\/wp\/v2\/posts\/130849\/revisions"}],"wp:featuredmedia":[{"embeddable":true,"href":"https:\/\/www.europesays.com\/es\/wp-json\/wp\/v2\/media\/130850"}],"wp:attachment":[{"href":"https:\/\/www.europesays.com\/es\/wp-json\/wp\/v2\/media?parent=130849"}],"wp:term":[{"taxonomy":"category","embeddable":true,"href":"https:\/\/www.europesays.com\/es\/wp-json\/wp\/v2\/categories?post=130849"},{"taxonomy":"post_tag","embeddable":true,"href":"https:\/\/www.europesays.com\/es\/wp-json\/wp\/v2\/tags?post=130849"}],"curies":[{"name":"wp","href":"https:\/\/api.w.org\/{rel}","templated":true}]}}