{"id":130851,"date":"2025-09-22T02:42:08","date_gmt":"2025-09-22T02:42:08","guid":{"rendered":"https:\/\/www.europesays.com\/es\/130851\/"},"modified":"2025-09-22T02:42:08","modified_gmt":"2025-09-22T02:42:08","slug":"el-primer-peleador-radicado-en-colombia-que-podria-firmar-con-la-ufc-estamos-a-un-paso-de-hacer-historia","status":"publish","type":"post","link":"https:\/\/www.europesays.com\/es\/130851\/","title":{"rendered":"El primer peleador radicado en Colombia que podr\u00eda firmar con la UFC: \u201cEstamos a un paso de hacer historia\u201d"},"content":{"rendered":"<p><img alt=\"El colombiano pelear\u00e1 el 23\" class=\"global-image\" decoding=\"async\" fetchpriority=\"high\" height=\"770\" loading=\"eager\" src=\"https:\/\/www.europesays.com\/es\/wp-content\/uploads\/2025\/09\/D2MGBTMWJBAFRDLM2EHGTP5UNA.png\" width=\"1200\"\/>El colombiano pelear\u00e1 el 23 de septiembre en Las Vegas &#8211; cr\u00e9dito suministrada a Infobae Colombia<\/p>\n<p class=\"paragraph\">La UFC es la empresa de artes marciales mixtas m\u00e1s importante del mundo, lo que hace que la mayor\u00eda de peleadores en el mundo sue\u00f1en con tener la oportunidad de firmar un contrato con la empresa de Dana White. <\/p>\n<p class=\"paragraph\">En el caso de los deportistas colombianos, varios han participado de eventos de la empresa estadounidense; sin embargo, en todos los casos son atletas radicados en Estados Unidos. <\/p>\n<p class=\"paragraph\"><b>Ahora puede seguirnos en<\/b><a rel=\"noopener nofollow\" href=\"https:\/\/www.facebook.com\/infobaecolombia\" target=\"_blank\"><b> <\/b><b>Facebook<\/b><\/a><b> y en nuestro<\/b><a rel=\"noopener nofollow\" href=\"https:\/\/whatsapp.com\/channel\/0029Va4oNEALikgEL4Y8mb2K\" target=\"_blank\"><b> <\/b><b>WhatsApp Channel<\/b><\/a><\/p>\n<p class=\"paragraph\">Es por ello que ha generado gran expectativa lo que ser\u00e1 la pelea protagonizada por Javier \u201cBlair\u201d Reyes,<b> un bogotano de 31 a\u00f1os que participar\u00e1 del <\/b><b>Dana White Contender Series<\/b><b> el martes 23 de septiembre, velada que ser\u00e1 transmitida desde las 7:00 p. m. a trav\u00e9s de<\/b><b> Disney+<\/b>.<\/p>\n<p class=\"paragraph\">Buscando aumentar el n\u00famero de deportistas vinculados a la empresa, White ha consolidado un modelo de competencia en el que firma por un \u00fanico encuentro a diferentes prospectos, que tendr\u00e1n la oportunidad de demostrar sus habilidades y convencerlo de firmarlos con un contrato multianual, que es el modelo con el que competir\u00e1 el bogotano. <\/p>\n<p><img alt=\"El colombiano estar\u00e1 en la\" class=\"global-image\" decoding=\"async\" fetchpriority=\"low\" height=\"679\" loading=\"lazy\" src=\"https:\/\/www.europesays.com\/es\/wp-content\/uploads\/2025\/09\/IVCFSL6QO5GX5LGJOIRRE5SITY.png\" width=\"841\"\/>El colombiano estar\u00e1 en la segunda pelea de la velada &#8211; cr\u00e9dito UFC<\/p>\n<p class=\"paragraph\">En di\u00e1logo con Infobae Colombia, Reyes abord\u00f3 lo relacionado con su pelea frente a Justice Torres, comenzando con la negociaci\u00f3n que sostuvo su entrenador con el equipo de Dana White. <\/p>\n<p class=\"paragraph\">\u201cLa hace mi entrenador Javier torres, \u00e9l se encarg\u00f3 de contactarlos y de promocionarme con la UFC. Despu\u00e9s de mi \u00faltima pelea, <b>esa misma semana mi entrenador me llama y me dice: \u00abno te relajes mucho, tenemos pelea en el contender\u00bb<\/b>\u201c. <\/p>\n<p class=\"paragraph\">Debido a que la empresa le ha cambiado hasta en tres ocasiones de oponente, Reyes reconoci\u00f3 que se ha preparado pensando en mejorar sus habilidades, principalmente en los aspectos que tiene falencias. <\/p>\n<p class=\"paragraph\">\u201cEstoy en un nivel en el que la mayor\u00eda de mis oponentes son peleadores que son muy completos. Esta vez no me prepar\u00e9 pensando en mi oponente, me enfoqu\u00e9 en mejorar lo que ten\u00eda m\u00e1s descuidado. <b>Toda la preparaci\u00f3n la hice en Colombia, en mi ciudad, con mi equipo<\/b>\u201d. <\/p>\n<p><img alt=\"Reyes podr\u00e1 firmar con la\" class=\"global-image\" decoding=\"async\" fetchpriority=\"low\" height=\"2283\" loading=\"lazy\" src=\"https:\/\/www.europesays.com\/es\/wp-content\/uploads\/2025\/09\/ATYFHNWFG52TWNDGJJ34L2B5OM.jpg\" width=\"3425\"\/>Reyes podr\u00e1 firmar con la empresa de MMA m\u00e1s importante del mundo &#8211; cr\u00e9dito Reuters <\/p>\n<p class=\"paragraph\">El bogotano se mostr\u00f3 orgulloso de mantenerse radicado en Colombia, por lo que considera que puede ser considerado un ejemplo para la nueva generaci\u00f3n de peleadores en el pa\u00eds. <\/p>\n<p class=\"paragraph\">\u201cEsta pelea representa que estoy demostrando que se puede llegar lejos sin tener que irse a vivir a Estados Unidos. Cuento con que esto le abra las puertas a muchos que vienen atr\u00e1s\u201d. <\/p>\n<p class=\"paragraph\">Confiado en que lograr\u00e1 llevarse la victoria en Las Vegas, Javier Reyes indic\u00f3 que su objetivo principal es que en Colombia le den importancia a los deportes de contacto. <\/p>\n<p class=\"paragraph\">\u201c<b>Pienso que mi triunfo va a ser la puerta a muchos colombianos para que puedan llegar a la UFC. La empresa se dar\u00e1 cuenta de que somos muchas personas unidas por una misma pasi\u00f3n<\/b>. Espero que los medios de comunicaci\u00f3n entiendan que no somos solo futbol, que nos den la importancia y la relevancia que merece nuestro hermoso deporte\u201d. <\/p>\n<p><img alt=\"El colombiano ha sido campe\u00f3n\" class=\"global-image\" decoding=\"async\" fetchpriority=\"low\" height=\"1600\" loading=\"lazy\" src=\"https:\/\/www.europesays.com\/es\/wp-content\/uploads\/2025\/09\/PHR3FYBPURD6LJMDV6UDSCL6EI.png\" width=\"2300\"\/>El colombiano ha sido campe\u00f3n en varias promotoras del mundo &#8211; cr\u00e9dito @javier_blair_mmafigther\/Instagram<\/p>\n<p class=\"paragraph\">El bogotano pidi\u00f3 el apoyo de sus seguidores en los pr\u00f3ximos d\u00edas, puesto que Dana White ha indicado en m\u00e1s de una ocasi\u00f3n que la firma del contrato depende del espect\u00e1culo que demuestren los deportistas y del apoyo que reciben en sus pa\u00edses. <\/p>\n<p class=\"paragraph\">\u201cEstamos a un paso de hacer historia y es m\u00e1s f\u00e1cil si lo hacemos trabajando juntos. <b>Quiero pedirles a todos el apoyo, el \u00faltimo favor y el \u00faltimo empuj\u00f3n. No tienen que poner Javier, pueden poner solo Colombia<\/b>\u201d.<\/p>\n<p class=\"paragraph\">\u201cBlair\u201d puntualiz\u00f3 al indicar que el 23 de septiembre peleara por todos los connacionales que tienen un sue\u00f1o. \u201cNo peleo solo por m\u00ed, peleo para demostrar el fuego que tienen los colombianos y qu\u00e9 con disciplina, esfuerzo y voluntad se puede llegar lejos\u201d. <\/p>\n","protected":false},"excerpt":{"rendered":"El colombiano pelear\u00e1 el 23 de septiembre en Las Vegas &#8211; cr\u00e9dito suministrada a Infobae Colombia La UFC&hellip;\n","protected":false},"author":2,"featured_media":130852,"comment_status":"","ping_status":"","sticky":false,"template":"","format":"standard","meta":{"footnotes":""},"categories":[276],"tags":[168,25,24,23,167,343],"class_list":{"0":"post-130851","1":"post","2":"type-post","3":"status-publish","4":"format-standard","5":"has-post-thumbnail","7":"category-ufc","8":"tag-deportes","9":"tag-es","10":"tag-espana","11":"tag-spain","12":"tag-sports","13":"tag-ufc"},"share_on_mastodon":{"url":"","error":""},"_links":{"self":[{"href":"https:\/\/www.europesays.com\/es\/wp-json\/wp\/v2\/posts\/130851","targetHints":{"allow":["GET"]}}],"collection":[{"href":"https:\/\/www.europesays.com\/es\/wp-json\/wp\/v2\/posts"}],"about":[{"href":"https:\/\/www.europesays.com\/es\/wp-json\/wp\/v2\/types\/post"}],"author":[{"embeddable":true,"href":"https:\/\/www.europesays.com\/es\/wp-json\/wp\/v2\/users\/2"}],"replies":[{"embeddable":true,"href":"https:\/\/www.europesays.com\/es\/wp-json\/wp\/v2\/comments?post=130851"}],"version-history":[{"count":0,"href":"https:\/\/www.europesays.com\/es\/wp-json\/wp\/v2\/posts\/130851\/revisions"}],"wp:featuredmedia":[{"embeddable":true,"href":"https:\/\/www.europesays.com\/es\/wp-json\/wp\/v2\/media\/130852"}],"wp:attachment":[{"href":"https:\/\/www.europesays.com\/es\/wp-json\/wp\/v2\/media?parent=130851"}],"wp:term":[{"taxonomy":"category","embeddable":true,"href":"https:\/\/www.europesays.com\/es\/wp-json\/wp\/v2\/categories?post=130851"},{"taxonomy":"post_tag","embeddable":true,"href":"https:\/\/www.europesays.com\/es\/wp-json\/wp\/v2\/tags?post=130851"}],"curies":[{"name":"wp","href":"https:\/\/api.w.org\/{rel}","templated":true}]}}