{"id":130857,"date":"2025-09-22T02:48:13","date_gmt":"2025-09-22T02:48:13","guid":{"rendered":"https:\/\/www.europesays.com\/es\/130857\/"},"modified":"2025-09-22T02:48:13","modified_gmt":"2025-09-22T02:48:13","slug":"su-comentario-es-una-falta-de-respeto","status":"publish","type":"post","link":"https:\/\/www.europesays.com\/es\/130857\/","title":{"rendered":"Su comentario es una falta de respeto"},"content":{"rendered":"<p data-gtm-element-container=\"modulo-texto-link\" class=\"paragraph\"><strong>Jos\u00e9 Bordal\u00e1s<\/strong> compareci\u00f3 este domingo resignado tras perder el partido contra el <strong>Bar\u00e7a <\/strong>pero no transmiti\u00f3 sorpresa: \u201cHemos perdido un partido, sab\u00edamos que era uno de los partidos m\u00e1s dif\u00edciles por el nivel del rival y el momento en el que est\u00e1\u201d, y a\u00f1adi\u00f3 que \u201cen los momentos m\u00e1s importantes ellos han sido muy superiores y hemos perdido un partido que entraba dentro de lo normal\u201d.<\/p>\n<p data-gtm-element-container=\"modulo-texto-link\" class=\"paragraph\">El t\u00e9cnico del Getafe respondi\u00f3 a <strong>Ferran Torres<\/strong>, que tras la victoria azulgrana (3-0) dijo que el conjunto madrile\u00f1o \u00abno propone nada\u00bb: \u00abEs una opini\u00f3n muy ventajista porque la diferencia son 1.000 millones. El Bar\u00e7a es un equipo que tiene dos jugadores de un nivel alt\u00edsimo por puesto, que puede combinar y hacer contras. Es una falta de respeto hacer ese comentario\u00bb.<\/p>\n<p data-gtm-element-container=\"modulo-texto-link\" class=\"paragraph\">La explicaci\u00f3n al triunfo azulgrana, seg\u00fan <strong>Bordal\u00e1s<\/strong>, fue que \u201cellos tienen dos jugadores por puesto de mucho nivel, muchas alternativas, pueden combinar, jugar a los espacios, al contragolpe, en fin, como quieran y con el dibujo que quieran. Y nosotros estamos muy limitados este a\u00f1o y hacemos lo que podemos como en el d\u00eda de hoy\u201d.<\/p>\n<p data-gtm-element-container=\"modulo-texto-link\" class=\"paragraph\"><strong>Bordal\u00e1s <\/strong>pidi\u00f3 la segunda amarilla para <strong>Raphinha <\/strong>en una acci\u00f3n del encuentro y tras el choque se reafirm\u00f3: \u201cA nosotros nos hab\u00eda sacado una tarjeta y <strong>Raphinha <\/strong>le da un empuj\u00f3n, no s\u00e9 el nivel, pero habitualmente esas acciones se sancionan con tarjeta amarilla\u201d.<\/p>\n<p data-gtm-element-container=\"modulo-texto-link\" class=\"paragraph\">En otro orden, <strong>Bordal\u00e1s <\/strong>dijo que \u201ces dif\u00edcil, tenemos una plantilla corta con seis fichas libres y muchos chicos j\u00f3venes con poca experiencia en el f\u00fatbol profesional. No quer\u00edamos que el resultado fuese muy abultado que nos hiciese mucho da\u00f1o como le pas\u00f3 al Valencia hace escasas fechas\u201d.<\/p>\n<p>    Lee tambi\u00e9n<\/p>\n<p data-gtm-element-container=\"modulo-texto-link\" class=\"paragraph\">Por \u00faltimo, sobre su defensa de cinco, explic\u00f3 que \u201csin duda, nos tenemos que adaptar a la plantilla que tenemos y desafortunadamente el club est\u00e1 en la situaci\u00f3n que est\u00e1 y tenemos menos opciones\u201d.<\/p>\n","protected":false},"excerpt":{"rendered":"Jos\u00e9 Bordal\u00e1s compareci\u00f3 este domingo resignado tras perder el partido contra el Bar\u00e7a pero no transmiti\u00f3 sorpresa: \u201cHemos&hellip;\n","protected":false},"author":2,"featured_media":130858,"comment_status":"","ping_status":"","sticky":false,"template":"","format":"standard","meta":{"footnotes":""},"categories":[268],"tags":[168,25,24,280,282,281,23,167],"class_list":{"0":"post-130857","1":"post","2":"type-post","3":"status-publish","4":"format-standard","5":"has-post-thumbnail","7":"category-futbol","8":"tag-deportes","9":"tag-es","10":"tag-espana","11":"tag-football","12":"tag-futbol","13":"tag-soccer","14":"tag-spain","15":"tag-sports"},"share_on_mastodon":{"url":"","error":""},"_links":{"self":[{"href":"https:\/\/www.europesays.com\/es\/wp-json\/wp\/v2\/posts\/130857","targetHints":{"allow":["GET"]}}],"collection":[{"href":"https:\/\/www.europesays.com\/es\/wp-json\/wp\/v2\/posts"}],"about":[{"href":"https:\/\/www.europesays.com\/es\/wp-json\/wp\/v2\/types\/post"}],"author":[{"embeddable":true,"href":"https:\/\/www.europesays.com\/es\/wp-json\/wp\/v2\/users\/2"}],"replies":[{"embeddable":true,"href":"https:\/\/www.europesays.com\/es\/wp-json\/wp\/v2\/comments?post=130857"}],"version-history":[{"count":0,"href":"https:\/\/www.europesays.com\/es\/wp-json\/wp\/v2\/posts\/130857\/revisions"}],"wp:featuredmedia":[{"embeddable":true,"href":"https:\/\/www.europesays.com\/es\/wp-json\/wp\/v2\/media\/130858"}],"wp:attachment":[{"href":"https:\/\/www.europesays.com\/es\/wp-json\/wp\/v2\/media?parent=130857"}],"wp:term":[{"taxonomy":"category","embeddable":true,"href":"https:\/\/www.europesays.com\/es\/wp-json\/wp\/v2\/categories?post=130857"},{"taxonomy":"post_tag","embeddable":true,"href":"https:\/\/www.europesays.com\/es\/wp-json\/wp\/v2\/tags?post=130857"}],"curies":[{"name":"wp","href":"https:\/\/api.w.org\/{rel}","templated":true}]}}