{"id":130865,"date":"2025-09-22T02:53:07","date_gmt":"2025-09-22T02:53:07","guid":{"rendered":"https:\/\/www.europesays.com\/es\/130865\/"},"modified":"2025-09-22T02:53:07","modified_gmt":"2025-09-22T02:53:07","slug":"carmen-borrego-desvela-en-supervivientes-all-stars-cual-es-la-verdadera-relacion-entre-miri-perez-cabrero-y-fr-telecinco-es","status":"publish","type":"post","link":"https:\/\/www.europesays.com\/es\/130865\/","title":{"rendered":"Carmen Borrego desvela en Supervivientes All Stars cu\u00e1l es la verdadera relaci\u00f3n entre Miri P\u00e9rez-Cabrero y Fr &#8211; telecinco.es"},"content":{"rendered":"<ol>\n<li><a href=\"https:\/\/news.google.com\/rss\/articles\/CBMi_AFBVV95cUxNZkpqMmx1bW5RdW5GVmUwTGN6R0t3MHg2QzlDQ0tWVDF2TzFBQzRsbGg3ZnhYV1ZpNGJVb3hqTzktQkY3UklGZVVkRkxhS3hwYVFuYnJmcFVUZWlxWXVUZUFCY1ZIMk9fWF9UYTBmY2s0MldXSTN5elB1V2FHdmNoV1pVY2F2TjhIZkRXMmxoS3ZOLWhXR3N4UHpqd21jVEdsVElDOHVXd1BXLWpxcUkzUUw3SV9nWkVIVXNqUkFaT0VnOUp5QXFQNmp3VUNpalY0cUZUbjZNUlNvdGxLYndTSlliSXRLZ0N6elppbVBzZTVUN3E5WjJjaEtKamfSAYgCQVVfeXFMTlBjSHQ3ZlVvRlZiN3dMbUN3NEI1Q2s2ZFV6QzN2RnJNYzhQazhBUlotY0RMd2tpOUtfWTZLc245VU1HekRHQ1B4UTFCcUg2blczT2dPdFk4a0wxbzdpSHpfbUJXbDc4UVo0LXRDaDdCamxwTHVMNE5UYUNqNU5TYl83QjY3b25Pb25ndlIzRHJjSi1NeXFEaUVSN1VmeDZRdXBQel91VE0zbzNRRGlNRG9uYUpiTkU5dDlfaURWcGhKQ3FnbElOa2I4WERJOFBQcnpIN2xsUTliYkFoMTdVNmN6emR2aUZkN3owOW1GNjRaTkpvZGlJVk53WjlSTC1LZVlTTTlwV3JZ?oc=5\" target=\"_blank\" rel=\"nofollow noopener\">Carmen Borrego desvela en Supervivientes All Stars cu\u00e1l es la verdadera relaci\u00f3n entre Miri P\u00e9rez-Cabrero y Fr<\/a>&nbsp;&nbsp;telecinco.es<\/li>\n<li><a href=\"https:\/\/news.google.com\/rss\/articles\/CBMiowFBVV95cUxORFBGbjR0dXpvcFppUUZmeTVEbjJfM1hyeF9vbUE4UEFvdXZ3anpkM0htQkN3am0tYm5RblNNb2k4ZUpSbXRoRUhZT25XZE0yZ2dBb0JsQ2xyTjFLc2ZGcFk3b2E4TEp4TjV2Vl8zR1Z1ZWNrbmJod01TNXBWTHVTbDJSb1FQY3lteVNUc01KbVFLSkdoZGcyU3pjRUxuTU94bGtj?oc=5\" target=\"_blank\" rel=\"nofollow noopener\">&#8216;Supervivientes&#8217; filtra el secreto de Miri P\u00e9rez que le quitar\u00e1 el sue\u00f1o a Froil\u00e1n<\/a>&nbsp;&nbsp;xcatalunya.cat<\/li>\n<li><a href=\"https:\/\/news.google.com\/rss\/articles\/CBMi7gFBVV95cUxPR2pFRVhGbE16cXp4VlFJelRHMHR5S3hyam9mNnpwcFZZeTcwdERZY2J3Uk5sWHdMUG11VXk0MzhUekpNZkhJcTBZYm03akNUSWo5WTl5TE0wY3I1Vk1lS2p4TTcyOHhsbUlBRFozS0F1TEw5SmQ0X0hEMERXVU14WU0yM3BBS2xlbExXRTZoOThteU5ZZU5GZ0NkdG9lY0RabzBXVWdTSUloZk9Dd0VVMEpkZjQtcGNJSUVGR3YwV2ZvZHh4Sm0wNEZfc2hYQ25uTnRhbWotMjJtdDNEWFRyMzJmYmdzcVhNZy1abFRB?oc=5\" target=\"_blank\" rel=\"nofollow noopener\">Miri P\u00e9rez-Cabrero y Alejandro Albal\u00e1, cada vez m\u00e1s cerca en &#8216;Supervivientes All Stars 2&#8217;: \u201cA Froil\u00e1n no le est\u00e1 gustando nada\u201d<\/a>&nbsp;&nbsp;Lecturas<\/li>\n<li><a href=\"https:\/\/news.google.com\/rss\/articles\/CBMirwFBVV95cUxOS3BfRlN4T2dfaVJUTTE1d1lvVk5VSTBBeDBwNlBWeExuZ0xsQTVidVJOald4NE5ydGM0ZTdIMEk4akhBam9RT2JzaG44SGY0SDExNEQ1NVJwbjJMV2QyU2tMRi1VWURJT0g0YVJ1MmFERnVIUkJaUm9kLWlwV1FHLXNOTThDZ3BFVmdXZ3VDSDFaakx1SmFlclNVUDE4YzFhckwtYzJBYXRVSG1iRjJz?oc=5\" target=\"_blank\" rel=\"nofollow noopener\">&#8216;Supervivientes&#8217; se\u00f1ala a Alejandro Albal\u00e1 con una noticia sobre su vida privada<\/a>&nbsp;&nbsp;Catalunya Diari<\/li>\n<li><a href=\"https:\/\/news.google.com\/rss\/articles\/CBMi4wFBVV95cUxPWjU5Z21BczVDT1JqS3JBUkNwYmRja3hfbHNLMHY1VVZIeFNKdTNXNlV1em9GakJXMUxKaDdUbWxTNUFRNHRmSm9NSDBBbTEwcUsySFdiclhHbFNJTkpGYjQwOUM4Rl8wdkZfT19GbTJqajJ5dFh3eGowbFlkTHhsRzdSNnAtbjJIMnMybmpDUW92Mi16WnZGN0oxc3pqeDkzQjR2aVM4dkNDZ1dTTFZQQVVpLUtCaGFjOFpYeHNxdmFkNmRjLTQzd2k5ZnBGVmZfd1dOS25XcGNxTjZHY1M3OWs4QQ?oc=5\" target=\"_blank\" rel=\"nofollow noopener\">Kike Calleja revela la confesi\u00f3n que Miri hizo sobre Froil\u00e1n en &#8216;Supervivientes All Stars&#8217;: \u201cTiene sentimiento por \u00e9l, sigue pensando en \u00e9l\u201d<\/a>&nbsp;&nbsp;Semana<\/li>\n<\/ol>\n","protected":false},"excerpt":{"rendered":"Carmen Borrego desvela en Supervivientes All Stars cu\u00e1l es la verdadera relaci\u00f3n entre Miri P\u00e9rez-Cabrero y Fr&nbsp;&nbsp;telecinco.es &#8216;Supervivientes&#8217;&hellip;\n","protected":false},"author":2,"featured_media":128102,"comment_status":"","ping_status":"","sticky":false,"template":"","format":"standard","meta":{"footnotes":""},"categories":[171],"tags":[146,147,25,24,23,214],"class_list":{"0":"post-130865","1":"post","2":"type-post","3":"status-publish","4":"format-standard","5":"has-post-thumbnail","7":"category-tv","8":"tag-entertainment","9":"tag-entretenimiento","10":"tag-es","11":"tag-espana","12":"tag-spain","13":"tag-tv"},"share_on_mastodon":{"url":"","error":""},"_links":{"self":[{"href":"https:\/\/www.europesays.com\/es\/wp-json\/wp\/v2\/posts\/130865","targetHints":{"allow":["GET"]}}],"collection":[{"href":"https:\/\/www.europesays.com\/es\/wp-json\/wp\/v2\/posts"}],"about":[{"href":"https:\/\/www.europesays.com\/es\/wp-json\/wp\/v2\/types\/post"}],"author":[{"embeddable":true,"href":"https:\/\/www.europesays.com\/es\/wp-json\/wp\/v2\/users\/2"}],"replies":[{"embeddable":true,"href":"https:\/\/www.europesays.com\/es\/wp-json\/wp\/v2\/comments?post=130865"}],"version-history":[{"count":0,"href":"https:\/\/www.europesays.com\/es\/wp-json\/wp\/v2\/posts\/130865\/revisions"}],"wp:featuredmedia":[{"embeddable":true,"href":"https:\/\/www.europesays.com\/es\/wp-json\/wp\/v2\/media\/128102"}],"wp:attachment":[{"href":"https:\/\/www.europesays.com\/es\/wp-json\/wp\/v2\/media?parent=130865"}],"wp:term":[{"taxonomy":"category","embeddable":true,"href":"https:\/\/www.europesays.com\/es\/wp-json\/wp\/v2\/categories?post=130865"},{"taxonomy":"post_tag","embeddable":true,"href":"https:\/\/www.europesays.com\/es\/wp-json\/wp\/v2\/tags?post=130865"}],"curies":[{"name":"wp","href":"https:\/\/api.w.org\/{rel}","templated":true}]}}