{"id":130866,"date":"2025-09-22T02:54:08","date_gmt":"2025-09-22T02:54:08","guid":{"rendered":"https:\/\/www.europesays.com\/es\/130866\/"},"modified":"2025-09-22T02:54:08","modified_gmt":"2025-09-22T02:54:08","slug":"no-puedo-tocarla-todas-las-noches","status":"publish","type":"post","link":"https:\/\/www.europesays.com\/es\/130866\/","title":{"rendered":"No puedo tocarla todas las noches"},"content":{"rendered":"<p><strong>John Lennon<\/strong> raramente se quedaba c\u00f3modo con sus propios \u00e9xitos. A pesar de la mitolog\u00eda que rodea su legado con The Beatles, \u00e9l siempre fue cr\u00edtico de lo que hizo, reconociendo errores, posibilidades perdidas y tambi\u00e9n frustraciones personales con canciones que al p\u00fablico le parec\u00edan fundamentales. Una de esas creaciones fue nada m\u00e1s y nada menos que <strong>\u201cImagine\u201d, tema que el brit\u00e1nico reconoci\u00f3 haber llegado a aburrirse de cantar despu\u00e9s de un tiempo<\/strong>.<\/p>\n<p>En el \u00e1lbum Imagine, de 1971, el oriundo de Liverpool incluy\u00f3 el track hom\u00f3nimo en el que mostr\u00f3 una faceta m\u00e1s esperanzadora, con letras que hablan de un mundo sin fronteras, sin religi\u00f3n, sin posesiones. R\u00e1pidamente, la pista se convirti\u00f3 en todo un \u00e9xito y se volvi\u00f3 uno de sus temas m\u00e1s famosos. Sin embargo, a pesar de la relevancia de este himno mundial de la paz, Lennon admiti\u00f3 que interpretarlo repetidamente le pasaba factura emocional.<\/p>\n<p><img loading=\"lazy\" decoding=\"async\" width=\"1200\" height=\"800\" src=\"https:\/\/indiehoy.com\/wp-content\/uploads\/2025\/07\/john-lennon.webp\" alt=\"John Lennon\" class=\"wp-image-778815\"  \/>John Lennon.<\/p>\n<p>En una entrevista con Chris Charlesworth llevada a cabo en octubre de 1973, habl\u00f3 sobre el hecho de tener que tocar constantemente las mismas canciones y admiti\u00f3: \u201c<strong>Eso es otra cosa que me desanima a tocar en vivo: tener que repetir lo mismo una y otra vez cada noche, y el p\u00fablico quiere escuchar las pistas que te identifican.<\/strong> <strong>Recuerdo que cant\u00e9 \u2018Imagine\u2019 dos veces en un d\u00eda mientras la ensayaba y eso me aburri\u00f3<\/strong>\u201d.<\/p>\n<p>Acto seguido, Lennon admiti\u00f3 estar orgulloso de su creaci\u00f3n, aunque esto no imped\u00eda que le molestara interpretarla siempre. \u201cNo tengo nada en contra de la canci\u00f3n\u201d, asegur\u00f3. \u201c<strong>De hecho, estoy muy orgulloso de ella, pero no puedo cantarla todas las noches. Intentar\u00eda variarla, pero no me gusta verlo yo mismo. Si voy a ver a un artista, espero o\u00edr lo que ya s\u00e9<\/strong>. La entiendo desde ambos puntos de vista. De hecho, me cuesta recordar la letra\u00bb.<\/p>\n","protected":false},"excerpt":{"rendered":"John Lennon raramente se quedaba c\u00f3modo con sus propios \u00e9xitos. A pesar de la mitolog\u00eda que rodea su&hellip;\n","protected":false},"author":2,"featured_media":130867,"comment_status":"","ping_status":"","sticky":false,"template":"","format":"standard","meta":{"footnotes":""},"categories":[170],"tags":[146,147,25,24,7946,184,185,23],"class_list":{"0":"post-130866","1":"post","2":"type-post","3":"status-publish","4":"format-standard","5":"has-post-thumbnail","7":"category-musica","8":"tag-entertainment","9":"tag-entretenimiento","10":"tag-es","11":"tag-espana","12":"tag-john-lennon","13":"tag-music","14":"tag-musica","15":"tag-spain"},"share_on_mastodon":{"url":"","error":""},"_links":{"self":[{"href":"https:\/\/www.europesays.com\/es\/wp-json\/wp\/v2\/posts\/130866","targetHints":{"allow":["GET"]}}],"collection":[{"href":"https:\/\/www.europesays.com\/es\/wp-json\/wp\/v2\/posts"}],"about":[{"href":"https:\/\/www.europesays.com\/es\/wp-json\/wp\/v2\/types\/post"}],"author":[{"embeddable":true,"href":"https:\/\/www.europesays.com\/es\/wp-json\/wp\/v2\/users\/2"}],"replies":[{"embeddable":true,"href":"https:\/\/www.europesays.com\/es\/wp-json\/wp\/v2\/comments?post=130866"}],"version-history":[{"count":0,"href":"https:\/\/www.europesays.com\/es\/wp-json\/wp\/v2\/posts\/130866\/revisions"}],"wp:featuredmedia":[{"embeddable":true,"href":"https:\/\/www.europesays.com\/es\/wp-json\/wp\/v2\/media\/130867"}],"wp:attachment":[{"href":"https:\/\/www.europesays.com\/es\/wp-json\/wp\/v2\/media?parent=130866"}],"wp:term":[{"taxonomy":"category","embeddable":true,"href":"https:\/\/www.europesays.com\/es\/wp-json\/wp\/v2\/categories?post=130866"},{"taxonomy":"post_tag","embeddable":true,"href":"https:\/\/www.europesays.com\/es\/wp-json\/wp\/v2\/tags?post=130866"}],"curies":[{"name":"wp","href":"https:\/\/api.w.org\/{rel}","templated":true}]}}