{"id":130878,"date":"2025-09-22T03:02:11","date_gmt":"2025-09-22T03:02:11","guid":{"rendered":"https:\/\/www.europesays.com\/es\/130878\/"},"modified":"2025-09-22T03:02:11","modified_gmt":"2025-09-22T03:02:11","slug":"sumar-amenaza-a-caseros-para-que-su-piso-este-en-el-idealista-publico","status":"publish","type":"post","link":"https:\/\/www.europesays.com\/es\/130878\/","title":{"rendered":"Sumar amenaza a caseros para que su piso est\u00e9 en el Idealista p\u00fablico"},"content":{"rendered":"<p><a href=\"https:\/\/okdiario.com\/economia\/sumar-denunciara-aerolineas-subir-precios-durante-incendios-galicia-15425394\" target=\"_blank\" rel=\"noopener noreferrer nofollow\">Sumar<\/a>, formaci\u00f3n de la vicepresidenta segunda del Gobierno, <a href=\"https:\/\/okdiario.com\/espana\/yolanda-diaz-propone-sanchez-nuevo-impuesto-embolsarse-25-venta-casa-15427164\" target=\"_blank\" rel=\"noopener noreferrer nofollow\"><strong>Yolanda D\u00edaz<\/strong><\/a>, amenaza a los caseros con perder las ayudas p\u00fablicas si las \u00abviviendas que <strong>no usan para vivir<\/strong>\u00bb no est\u00e1n ofertadas en el nuevo <strong>portal inmobiliario p\u00fablico<\/strong>, al estilo de <a href=\"https:\/\/okdiario.com\/economia\/13-viviendas-vendidas-idealista-segundo-trimestre-estuvo-menos-semana-anunciada-15218158\" target=\"_blank\" rel=\"noopener noreferrer nofollow\">Idealista<\/a>, en el que est\u00e1 trabajando el Ministerio de Vivienda de <a href=\"https:\/\/okdiario.com\/economia\/realidad-vivienda-espana-construccion-vpo-esta-5-puntos-debajo-media-europa-15421659\" target=\"_blank\" rel=\"noopener noreferrer nofollow\"><strong>Isabel Rodr\u00edguez<\/strong><\/a>.<\/p>\n<p><strong>Alberto Ib\u00e1\u00f1ez<\/strong>, diputado de Sumar, presenta una <a href=\"https:\/\/www.congreso.es\/entradap\/l15p\/e7\/e_0076529_n_000.pdf\" target=\"_blank\" rel=\"noopener noreferrer nofollow\">iniciativa<\/a> en la que insta al Gobierno de <a href=\"https:\/\/talent24h.okdiario.com\/pedro-sanchez-lo-confirma-la-nueva-ayuda-de-alquiler-con-opcion-a-compra-de-hasta-30-000-euros-para-jovenes\/\" target=\"_blank\" rel=\"noopener noreferrer nofollow\"><strong>Pedro S\u00e1nchez<\/strong><\/a>, del que forma parte, a \u00ab<strong>condicionar las ayudas p\u00fablicas<\/strong> a los propietarios de viviendas que <strong>no usan para vivir<\/strong> a que estas est\u00e9n dadas de alta al nuevo portal de la empresa p\u00fablica estatal\u00bb. No s\u00f3lo eso, sino que tambi\u00e9n exige que est\u00e9n \u00ab<strong>bajo las condiciones marcadas<\/strong> por el Ministerio de Vivienda\u00bb.<\/p>\n<p>El representante de la formaci\u00f3n de Yolanda D\u00edaz recuerda que la <b>Entidad P\u00fablica Empresarial de Suelo<\/b>\u00a0(<a href=\"https:\/\/okdiario.com\/economia\/obligan-hombre-devolver-sepe-mas-5-000-euros-hacer-viaje-extranjero-15343981\" target=\"_blank\" rel=\"noopener noreferrer nofollow\">Sepes<\/a>) \u00abest\u00e1 trabajando en la creaci\u00f3n de un nuevo portal de gesti\u00f3n de activos con precios por debajo de los que figuran en el sistema estatal de referencia de precios de alquiler de vivienda\u00bb. Con ello, como se\u00f1ala el pol\u00edtico de Sumar, se pretende \u00ab<strong>intervenir mediante la oferta<\/strong> en el mercado residencial\u00bb.<\/p>\n<p>Asimismo, subraya que la sociedad p\u00fablica \u00abse encuentra en proceso de <strong>adscripci\u00f3n de los inmuebles<\/strong> y suelos integrados en el Patrimonio del Estado\u00bb y los de la SAREB para desarrollar \u00abuna pol\u00edtica de vivienda asequible\u00bb.<\/p>\n<p>Portal p\u00fablico \u00aba precios asequibles\u00bb<\/p>\n<p>El Gobierno va a poner en marcha un \u00abportal digital parecido a portales inmobiliarios como Idealista\u00bb para que los espa\u00f1oles pongan sus pisos en alquiler \u00aba precios asequibles\u00bb. Para que empiece a funcionar, el Gobierno ya ha licitado un contrato p\u00fablico con un gasto de m\u00e1s de <strong>dos millones de euros<\/strong>.<\/p>\n<p>Ib\u00e1\u00f1ez ha vehiculado su petici\u00f3n a trav\u00e9s de una pregunta para respuesta por escrito del Gobierno. En ella, asegura que \u00abcomo m\u00ednimo, toda <strong>bonificaci\u00f3n o deducci\u00f3n fiscal<\/strong> deber\u00eda estar condicionada\u00bb a que el piso est\u00e9 \u00abregistrado en dicho nuevo portal\u00bb.<\/p>\n<p>Si ya est\u00e1 alquilado, asegura que, para recibir dinero p\u00fablico, el piso que el casero ha puesto en alquiler deber\u00eda \u00abestar condicionado a las <strong>mismas condiciones y precios<\/strong>\u00bb que los que se oferten en ese Idealista p\u00fablico.<\/p>\n<p>Por ello, el colega de Yolanda D\u00edaz pregunta si el Gobierno tiene previsto \u00abcondicionar las ayudas p\u00fablicas a los propietarios de viviendas que <strong>no usan para vivir<\/strong> a que estas est\u00e9n dadas de alta al nuevo portal de la empresa p\u00fablica estatal y bajo las <strong>condiciones marcadas<\/strong> por el Ministerio\u00bb.<\/p>\n<p>Impuesto del 25% a la venta de inmuebles<\/p>\n<p>En otra proposici\u00f3n no de ley, el mismo diputado plante\u00f3 un nuevo impuesto que grave el 25% el precio total de la venta de la vivienda. Los socios del PSOE\u00a0 aseguran que se pondr\u00e1 fin al <strong>\u00abacaparamiento\u00bb inmobiliario<\/strong> y se ampliar\u00e1 el mercado para j\u00f3venes y familias vulnerables.<\/p>\n<p>La medida del ala comunista del Ejecutivo de\u00a0<strong>Pedro<\/strong>\u00a0<strong>S\u00e1nchez\u00a0<\/strong>afectar\u00eda a las viviendas que sean vendidas por su propietario\u00a0<strong>menos de 730 d\u00edas despu\u00e9s de comprarlas.\u00a0<\/strong>Es decir, cuando el piso sea vendido menos de dos a\u00f1os despu\u00e9s de haber sido comprado. Habr\u00eda algunas excepciones en la aplicaci\u00f3n de este gravamen, como que en la venta existan por motivos de necesidad de accesibilidad universal, enfermedad o modificaci\u00f3n de la unidad de convivencia.<\/p>\n<p>La medida se justifica en que Espa\u00f1a est\u00e1 sufriendo un \u00abproceso de<strong>\u00a0acaparamiento de vivienda<\/strong>\u00bb. Desde Sumar, argumentan que los j\u00f3venes son los m\u00e1s vulnerables por esta situaci\u00f3n. Adem\u00e1s, a\u00f1aden que en los \u00faltimos a\u00f1os ha sido la vivienda \u00abun bien de mercado con el que especular\u00bb por parte de un ala \u00abminoritaria\u00bb de la sociedad espa\u00f1ola y por <strong>fondos buitre<\/strong>\u00a0tanto del \u00e1mbito nacional como internacional.<\/p>\n","protected":false},"excerpt":{"rendered":"Sumar, formaci\u00f3n de la vicepresidenta segunda del Gobierno, Yolanda D\u00edaz, amenaza a los caseros con perder las ayudas&hellip;\n","protected":false},"author":2,"featured_media":130879,"comment_status":"","ping_status":"","sticky":false,"template":"","format":"standard","meta":{"footnotes":""},"categories":[8],"tags":[17,18,25,24,13,14,11,19,20,9,10,15,16,23,12,21,22],"class_list":{"0":"post-130878","1":"post","2":"type-post","3":"status-publish","4":"format-standard","5":"has-post-thumbnail","7":"category-espana","8":"tag-breaking-news","9":"tag-breakingnews","10":"tag-es","11":"tag-espana","12":"tag-featured-news","13":"tag-featurednews","14":"tag-headlines","15":"tag-latest-news","16":"tag-latestnews","17":"tag-news","18":"tag-noticias","19":"tag-noticias-destacadas","20":"tag-noticiasdestacadas","21":"tag-spain","22":"tag-titulares","23":"tag-ultimas-noticias","24":"tag-ultimasnoticias"},"share_on_mastodon":{"url":"","error":""},"_links":{"self":[{"href":"https:\/\/www.europesays.com\/es\/wp-json\/wp\/v2\/posts\/130878","targetHints":{"allow":["GET"]}}],"collection":[{"href":"https:\/\/www.europesays.com\/es\/wp-json\/wp\/v2\/posts"}],"about":[{"href":"https:\/\/www.europesays.com\/es\/wp-json\/wp\/v2\/types\/post"}],"author":[{"embeddable":true,"href":"https:\/\/www.europesays.com\/es\/wp-json\/wp\/v2\/users\/2"}],"replies":[{"embeddable":true,"href":"https:\/\/www.europesays.com\/es\/wp-json\/wp\/v2\/comments?post=130878"}],"version-history":[{"count":0,"href":"https:\/\/www.europesays.com\/es\/wp-json\/wp\/v2\/posts\/130878\/revisions"}],"wp:featuredmedia":[{"embeddable":true,"href":"https:\/\/www.europesays.com\/es\/wp-json\/wp\/v2\/media\/130879"}],"wp:attachment":[{"href":"https:\/\/www.europesays.com\/es\/wp-json\/wp\/v2\/media?parent=130878"}],"wp:term":[{"taxonomy":"category","embeddable":true,"href":"https:\/\/www.europesays.com\/es\/wp-json\/wp\/v2\/categories?post=130878"},{"taxonomy":"post_tag","embeddable":true,"href":"https:\/\/www.europesays.com\/es\/wp-json\/wp\/v2\/tags?post=130878"}],"curies":[{"name":"wp","href":"https:\/\/api.w.org\/{rel}","templated":true}]}}