{"id":130884,"date":"2025-09-22T03:05:08","date_gmt":"2025-09-22T03:05:08","guid":{"rendered":"https:\/\/www.europesays.com\/es\/130884\/"},"modified":"2025-09-22T03:05:08","modified_gmt":"2025-09-22T03:05:08","slug":"toros-y-otras-cosas","status":"publish","type":"post","link":"https:\/\/www.europesays.com\/es\/130884\/","title":{"rendered":"Toros y otras cosas"},"content":{"rendered":"<p class=\"paragraph-atom &#10;        B-500-500-700-N B-600-500-700-N--md  \">Estoy en contra de la Fiesta Nacional. <\/p>\n<blockquote class=\"blockquote-atom \">\n<p>                Me encanta la cultura y la est\u00e9tica brutal, salvaje y sangrienta de una corrida, ah\u00ed est\u00e1n pintores como Goya, o escritores como Lorca, Alberti y m\u00e1s que retrataron eso de formas maravillosas y admirables en cuadros, escritos y poes\u00edas<\/p>\n<\/blockquote>\n<p class=\"paragraph-atom &#10;        B-500-500-700-N B-600-500-700-N--md  \">La llamar\u00e1n as\u00ed, pero de nacional no tiene nada. A gallegos, asturianos, c\u00e1ntabros, extreme\u00f1os, canarios, valencianos y muchos m\u00e1s el toreo nunca nos ha interesado en absoluto. Y somos tan nacionales como los dem\u00e1s.<\/p>\n<p class=\"paragraph-atom &#10;        B-500-500-700-N B-600-500-700-N--md  \">S\u00ed, es verdad que hay plazas de toros por todas partes en nuestro pa\u00eds, incluso hay una en Pontevedra que ya es el colmo, pero la afici\u00f3n a dicha fiesta en gran parte del territorio espa\u00f1ol es tan residual que apenas merece ni una l\u00ednea.<\/p>\n<p class=\"paragraph-atom &#10;        B-500-500-700-N B-600-500-700-N--md  \">Sin embargo no soy antitaurino. Al contrario. Me encanta la cultura y la est\u00e9tica brutal, salvaje y sangrienta de una corrida, ah\u00ed est\u00e1n pintores como Goya, o escritores como Lorca, Alberti y m\u00e1s que retrataron eso de formas maravillosas y admirables en cuadros, escritos y poes\u00edas.<\/p>\n<p class=\"paragraph-atom &#10;        B-500-500-700-N B-600-500-700-N--md  \">Pero a estas alturas de nuestro tiempo estoy en contra. <\/p>\n<p class=\"paragraph-atom &#10;        B-500-500-700-N B-600-500-700-N--md  \">Los bisontes de Altamira son preciosos, pero dejamos de perseguirlos y cazarlos hace miles de a\u00f1os. Y me parece que el espect\u00e1culo que supone torturar y maltratar a un animal encerrado en un coso ya no es de recibo hoy, aunque como aquellos bisontes pintados en una cueva sigamos apreci\u00e1ndolos porque forman parte de nuestra historia. Y adem\u00e1s nos ense\u00f1an a saber y entender mejor c\u00f3mo somos y c\u00f3mo fuimos.<\/p>\n<p class=\"paragraph-atom &#10;        B-500-500-700-N B-600-500-700-N--md  \">Pero tenemos que avanzar.<\/p>\n<p class=\"paragraph-atom &#10;        B-500-500-700-N B-600-500-700-N--md  \">Dije antes que la Fiesta Nacional de nacional no tiene nada y me explico, a ver si puedo. <\/p>\n<p class=\"paragraph-atom &#10;        B-500-500-700-N B-600-500-700-N--md  \">El flamenco por ejemplo, un arte fabuloso y nuestro con una proyecci\u00f3n internacional incre\u00edble que enamora al mundo y ha influido en toda la m\u00fasica del planeta desde el rock hasta la m\u00fasica caribe\u00f1a, la cl\u00e1sica o el regat\u00f3n y hasta el jazz, e incluso ha llegado a Nueva Orleans y Tokio no es nacional. Es andaluz. Andaluz como el gazpacho o los pesca\u00edtos fritos. Pero desde luego no es gallego ni asturiano. Y sin embargo es de todos. Y lo adoramos.<\/p>\n<p class=\"paragraph-atom &#10;        B-500-500-700-N B-600-500-700-N--md  \">Si hay algo que nos hace mejores es la mezcla. Cuando yo era ni\u00f1o, y tuve tres perros de cr\u00edo, siempre se dec\u00eda que los perros m\u00e1s listos eran los sin raza. Yo tuve una perra d\u00e1lmata que era rematadamente idiota, y dos perros sin raza inteligent\u00edsimos, lo que confirma dicha bobada. Tal vez la mezcla nos hace efectivamente m\u00e1s inteligentes. No como sostienen esas teor\u00edas trumpistas o voxistas que quieren cerrar las fronteras a otros de otro color. Si no nos mezclamos entre nosotros vamos mal, creo yo.<\/p>\n<p class=\"paragraph-atom &#10;        B-500-500-700-N B-600-500-700-N--md  \">Vuelvo al tema inicial, los toros. \u00bfQu\u00e9 tal si intentamos mezclar cosas? Por ejemplo conservar la belleza pl\u00e1stica y est\u00e9tica de la tauromaquia con no maltratar a un animal solo por diversi\u00f3n. Es una idea. Quiz\u00e1 esa mezcla nos vuelva m\u00e1s inteligentes.<\/p>\n<p class=\"paragraph-atom &#10;        B-500-500-700-N B-600-500-700-N--md  \">S\u00e9 que el sufrimiento, la sangre, la agon\u00eda y muerte del toro tienen un valor y un sentido muy importante en ese espect\u00e1culo tremendo que nos remite a nuestros or\u00edgenes ancestrales. Pero al igual que con el tiempo cambiamos otras cosas \u00bfno deber\u00edamos cambiar tambi\u00e9n esa?<\/p>\n","protected":false},"excerpt":{"rendered":"Estoy en contra de la Fiesta Nacional. Me encanta la cultura y la est\u00e9tica brutal, salvaje y sangrienta&hellip;\n","protected":false},"author":2,"featured_media":107009,"comment_status":"","ping_status":"","sticky":false,"template":"","format":"standard","meta":{"footnotes":""},"categories":[277],"tags":[373,19922,168,25,24,23,167,374,444],"class_list":{"0":"post-130884","1":"post","2":"type-post","3":"status-publish","4":"format-standard","5":"has-post-thumbnail","7":"category-toreo","8":"tag-bullfighting","9":"tag-cosas","10":"tag-deportes","11":"tag-es","12":"tag-espana","13":"tag-spain","14":"tag-sports","15":"tag-toreo","16":"tag-toros"},"share_on_mastodon":{"url":"","error":""},"_links":{"self":[{"href":"https:\/\/www.europesays.com\/es\/wp-json\/wp\/v2\/posts\/130884","targetHints":{"allow":["GET"]}}],"collection":[{"href":"https:\/\/www.europesays.com\/es\/wp-json\/wp\/v2\/posts"}],"about":[{"href":"https:\/\/www.europesays.com\/es\/wp-json\/wp\/v2\/types\/post"}],"author":[{"embeddable":true,"href":"https:\/\/www.europesays.com\/es\/wp-json\/wp\/v2\/users\/2"}],"replies":[{"embeddable":true,"href":"https:\/\/www.europesays.com\/es\/wp-json\/wp\/v2\/comments?post=130884"}],"version-history":[{"count":0,"href":"https:\/\/www.europesays.com\/es\/wp-json\/wp\/v2\/posts\/130884\/revisions"}],"wp:featuredmedia":[{"embeddable":true,"href":"https:\/\/www.europesays.com\/es\/wp-json\/wp\/v2\/media\/107009"}],"wp:attachment":[{"href":"https:\/\/www.europesays.com\/es\/wp-json\/wp\/v2\/media?parent=130884"}],"wp:term":[{"taxonomy":"category","embeddable":true,"href":"https:\/\/www.europesays.com\/es\/wp-json\/wp\/v2\/categories?post=130884"},{"taxonomy":"post_tag","embeddable":true,"href":"https:\/\/www.europesays.com\/es\/wp-json\/wp\/v2\/tags?post=130884"}],"curies":[{"name":"wp","href":"https:\/\/api.w.org\/{rel}","templated":true}]}}