{"id":130896,"date":"2025-09-22T03:15:37","date_gmt":"2025-09-22T03:15:37","guid":{"rendered":"https:\/\/www.europesays.com\/es\/130896\/"},"modified":"2025-09-22T03:15:37","modified_gmt":"2025-09-22T03:15:37","slug":"20250702-el-v-festival-literario-gata-negra-arranca-el-31-de-julio-con-presentaciones-de-libros-encuentros-con-autores-conciertos-cine-y-exposiciones","status":"publish","type":"post","link":"https:\/\/www.europesays.com\/es\/130896\/","title":{"rendered":"20250702 El V Festival literario Gata Negra arranca el 31 de julio con presentaciones de libros, encuentros con autores, conciertos, cine y exposiciones"},"content":{"rendered":"<p style=\"text-align: justify;\">La quinta edici\u00f3n del Festival Comarcal y Transfronterizo de Novela Negra en Extremadura &#8216;Gata Negra&#8217;, que se desarrollar\u00e1 en la comarca de Sierra de Gata del 31 de julio al 5 de agosto, ofrecer\u00e1, junto a encuentros y charlas con escritores, conciertos, proyecciones de cine, exposiciones art\u00edsticas, presentaciones de libros o rutas nocturnas. Y lo har\u00e1 en cinco localidades serragatinas: Moraleja, Santib\u00e1\u00f1ez el Alto, San Mart\u00edn de Trevejo, Vegaviana y Cadalso, adem\u00e1s de la lusa de Idanha Nova.<\/p>\n<p>As\u00ed se ha puesto de manifiesto durante la presentaci\u00f3n de este quinto encuentro en el cacere\u00f1o Palacio de Carvajal y al que han asistido, adem\u00e1s del comisario del encuentro, Luis Roso, el secretario general de Cultura, Francisco Palomino, la diputada provincial Mar\u00eda Toscano, el artista Ernesto Montero, el alcalde de Moraleja, C\u00e9sar Herrero, el responsable municipal de Santib\u00e1\u00f1ez el alto, Rub\u00e9n Francisco, o el representante de la C\u00e1mara de Comercio de Idanha Nova, Joao Avelange.<\/p>\n<p>El secretario general de Cultura, Francisco Palomino, ha destacado que festivales como este permiten que la cultura siga estando viva en todos los rincones de Extremadura, al tiempo que ha rese\u00f1ado que all\u00ed donde haya una propuesta y se necesite un apoyo para sacarlo adelante, desde la Junta de Extremadura haremos todo lo posible, poniendo especial \u00e9nfasis en el medio rural.<\/p>\n<p>Francisco Palomino ha subrayado que este Festival es un momento de encuentro entre autores, periodistas o comercio local, adem\u00e1s de ser un ecosistema cultural que debemos potenciar porque nos da identidad y &#8216;Gata Negra&#8217; forma parte de esa identidad serragatina, extreme\u00f1a y rayana.<\/p>\n<p>La diputada provincial Mar\u00eda Toscano ha se\u00f1alado que este festival comarcal y transfronterizo de la Sierra de Gata es un proyecto cultural que dinamiza los pueblos y crea redes de fortaleza.<\/p>\n<p>Igualmente, ha afirmado que, con este Festival, la Sierra de Gata se convierte en el mejor escaparate literario nacional ya que concentra a algunos de los mejores autores y autoras de novela negra del panorama nacional, adem\u00e1s de ser un festival literario en el que caben todas las personas, con todas las capacidades y edades, y que est\u00e1 dise\u00f1ado mirando, adem\u00e1s de a la comarca de Sierra de Gata, a Portugal.<\/p>\n<p>Mientras, Luis Roso, comisario de este encuentro, ha desgranado las actividades que se llevar\u00e1n a cabo durante estos d\u00edas, as\u00ed como los nombres de los autores que participar\u00e1n en esta edici\u00f3n, que llegar\u00e1, adem\u00e1s de a Moraleja, epicentro del encuentro, a Vegaviana, Santib\u00e1\u00f1ez el Alto, Cadalso y San Mart\u00edn de Trevejo, as\u00ed como a Idanha Nova.<\/p>\n<p>Junto a las charlas y encuentros con autores, en esta edici\u00f3n se llevar\u00e1n a cabo conciertos o proyecciones de cine. As\u00ed, del 31 de julio al 5 de agosto, Nagore Su\u00e1rez, May R. Ayamonte, Elia Barcel\u00f3, Manuel R\u00edos San Mart\u00edn, Berna Gonz\u00e1lez Harbour, Jon Arretxe, Antonio Mart\u00ednez Asensio o Arancha Portavales, adem\u00e1s de los extreme\u00f1os Ferm\u00edn Sol\u00eds, Jes\u00fas Gallego, Jorge Corrales, Rosa Lencero, as\u00ed como una mesa, &#8216;Voces extreme\u00f1as&#8217;, conformada por Sergio P\u00e9rez, Juan Ignacio Rengijo y Santiago Avenda\u00f1o y que estar\u00e1 moderada por Antonio Girol, director de la Editora de Extremadura.<\/p>\n<p>Tambi\u00e9n estar\u00e1n presentes autores de novela infantil y juvenil como Beatriz Os\u00e9s, Manuel R\u00edo San Mart\u00edn, Mar\u00eda Frisa o Juana Cort\u00e9s. Y, adem\u00e1s de las charlas y presentaciones de libros como &#8216;Lo que oculta la tierra&#8217;, &#8216;Animales de poder&#8217;, &#8216;Qui\u00e9n teme al tigre feroz&#8217; o &#8216;Bu\u00f1uel y los sue\u00f1os del deseo&#8217;, entre otros, habr\u00e1 conciertos, como el de la banda &#8216;Swin ton ni song&#8217;, un mercado de proximidad, la proyecci\u00f3n de la cinta &#8216;La huella del mal&#8217;, la entrega de los premios del concurso de microrrelatos o coloquios literarios, adem\u00e1s del concierto de la filarm\u00f3nica lusa &#8216;Idanhense&#8217;, entre otras actividades. Completan esta programaci\u00f3n un concurso de postres, exposiciones o rutas nocturnas, adem\u00e1s de flamenco o fado.<\/p>\n","protected":false},"excerpt":{"rendered":"La quinta edici\u00f3n del Festival Comarcal y Transfronterizo de Novela Negra en Extremadura &#8216;Gata Negra&#8217;, que se desarrollar\u00e1&hellip;\n","protected":false},"author":2,"featured_media":130897,"comment_status":"","ping_status":"","sticky":false,"template":"","format":"standard","meta":{"footnotes":""},"categories":[172],"tags":[10954,224,8845,146,147,25,24,8846,8844,225,7080,23,4664,41943],"class_list":{"0":"post-130896","1":"post","2":"type-post","3":"status-publish","4":"format-standard","5":"has-post-thumbnail","7":"category-libros","8":"tag-artes-escenicas","9":"tag-books","10":"tag-consejeria-de-cultura","11":"tag-entertainment","12":"tag-entretenimiento","13":"tag-es","14":"tag-espana","15":"tag-jovenes-y-deportes","16":"tag-junta-de-extremadura","17":"tag-libros","18":"tag-noticia","19":"tag-spain","20":"tag-turismo","21":"tag-visuales-y-literarias"},"share_on_mastodon":{"url":"","error":""},"_links":{"self":[{"href":"https:\/\/www.europesays.com\/es\/wp-json\/wp\/v2\/posts\/130896","targetHints":{"allow":["GET"]}}],"collection":[{"href":"https:\/\/www.europesays.com\/es\/wp-json\/wp\/v2\/posts"}],"about":[{"href":"https:\/\/www.europesays.com\/es\/wp-json\/wp\/v2\/types\/post"}],"author":[{"embeddable":true,"href":"https:\/\/www.europesays.com\/es\/wp-json\/wp\/v2\/users\/2"}],"replies":[{"embeddable":true,"href":"https:\/\/www.europesays.com\/es\/wp-json\/wp\/v2\/comments?post=130896"}],"version-history":[{"count":0,"href":"https:\/\/www.europesays.com\/es\/wp-json\/wp\/v2\/posts\/130896\/revisions"}],"wp:featuredmedia":[{"embeddable":true,"href":"https:\/\/www.europesays.com\/es\/wp-json\/wp\/v2\/media\/130897"}],"wp:attachment":[{"href":"https:\/\/www.europesays.com\/es\/wp-json\/wp\/v2\/media?parent=130896"}],"wp:term":[{"taxonomy":"category","embeddable":true,"href":"https:\/\/www.europesays.com\/es\/wp-json\/wp\/v2\/categories?post=130896"},{"taxonomy":"post_tag","embeddable":true,"href":"https:\/\/www.europesays.com\/es\/wp-json\/wp\/v2\/tags?post=130896"}],"curies":[{"name":"wp","href":"https:\/\/api.w.org\/{rel}","templated":true}]}}