{"id":130898,"date":"2025-09-22T03:16:07","date_gmt":"2025-09-22T03:16:07","guid":{"rendered":"https:\/\/www.europesays.com\/es\/130898\/"},"modified":"2025-09-22T03:16:07","modified_gmt":"2025-09-22T03:16:07","slug":"la-decision-final-de-adara-molinero-tras-activar-el-protocolo-de-abandono-en-supervivientes-all-stars","status":"publish","type":"post","link":"https:\/\/www.europesays.com\/es\/130898\/","title":{"rendered":"La decisi\u00f3n final de Adara Molinero tras activar el protocolo de abandono en &#8216;Supervivientes All Stars&#8217;"},"content":{"rendered":"<p class=\"c-paragraph\"><b><a href=\"https:\/\/www.20minutos.es\/tags\/personas\/adara-molinero.html\" title=\"Adara Molinero\" rel=\"nofollow noopener\" target=\"_blank\">Adara Molinero<\/a><\/b> <b>activ\u00f3 el protocolo de abandono<\/b> durante la noche del s\u00e1bado en <b><a href=\"https:\/\/www.20minutos.es\/tags\/temas\/supervivientes.html\" title=\"Supervivientes\" rel=\"nofollow noopener\" target=\"_blank\">Supervivientes All Stars<\/a><\/b>, como revel\u00f3 <b><a href=\"https:\/\/www.20minutos.es\/tags\/personas\/jesus-vazquez.html\" title=\"Jes\u00fas V\u00e1zquez\" rel=\"nofollow noopener\" target=\"_blank\">Jes\u00fas V\u00e1zquez<\/a><\/b> durante la emisi\u00f3n en directo de Bailando con las estrellas. Entre gritos, y <a href=\"https:\/\/www.20minutos.es\/television\/adara-entre-gritos-totalmente-desesperada-activa-protocolo-abandono-supervivientes-all-stars-ya-basta_6369863_0.html\" title=\"Adara, entre gritos y totalmente desesperada, pide abandonar &#039;Supervivientes All Stars&#039;: &quot;\u00a1Ya basta!&quot;\" rel=\"nofollow noopener\" target=\"_blank\">como informamos en 20 Minutos<\/a>, ped\u00eda marcharse de Honduras.<\/p>\n<p class=\"c-paragraph\">Fue en la noche del domingo, en <b>Conexi\u00f3n Honduras<\/b> con <b><a href=\"https:\/\/www.20minutos.es\/tags\/autores\/sandra-barneda-1.html\" title=\"Sandra Barneda\" rel=\"nofollow noopener\" target=\"_blank\">Sandra Barneda<\/a><\/b>, cuando Adara tom\u00f3 la decisi\u00f3n final. \u00ab<b>Quiero que te lo pienses bien<\/b>, que pienses en la raz\u00f3n que te llev\u00f3 a activar el protocolo y en las razones para abandonar la aventura\u00bb, le aconsej\u00f3 la presentadora.\u00a0<\/p>\n<p class=\"c-paragraph\">\u00abEste programa es muy duro, pero est\u00e1is aqu\u00ed porque hab\u00e9is sido elegido como los mejores\u00bb, intent\u00f3 motivar Barneda a la todav\u00eda concursante. \u00ab<b>Te han dado una tercera oportunidad<\/b> y en Vitoria me dijiste que no aguantar en el primer All Stars te doli\u00f3 much\u00edsimo\u00bb, a\u00f1ad\u00eda, con tacto.\u00a0<\/p>\n<p class=\"c-paragraph\">Tras darle un tiempo para pensarlo, Adara revel\u00f3 su decisi\u00f3n final. Se qued\u00f3 un par de minutos en silencio, mirando la suelo y negando con la cabeza, lo que <b>hizo saltar las alarmas de abandono<\/b>: \u00abMe dije que si me ca\u00eda me levantaba\u00bb.\u00a0<\/p>\n<p class=\"c-paragraph\">\u00abMe he ca\u00eddo, y ahora <b>me he vuelto a levantar<\/b>\u00ab, prosigui\u00f3 su corto discurso. \u00ab<b>Quiero seguir<\/b>\u00ab, acab\u00f3 afirmando, dando por finalizado el protocolo de abandono y confirmando su <b>continuidad en el concurso<\/b>, al menos hasta el jueves.\u00a0<\/p>\n","protected":false},"excerpt":{"rendered":"Adara Molinero activ\u00f3 el protocolo de abandono durante la noche del s\u00e1bado en Supervivientes All Stars, como revel\u00f3&hellip;\n","protected":false},"author":2,"featured_media":130899,"comment_status":"","ping_status":"","sticky":false,"template":"","format":"standard","meta":{"footnotes":""},"categories":[171],"tags":[24893,2347,146,147,25,24,1058,24894,23,575,214],"class_list":{"0":"post-130898","1":"post","2":"type-post","3":"status-publish","4":"format-standard","5":"has-post-thumbnail","7":"category-tv","8":"tag-adara","9":"tag-decision","10":"tag-entertainment","11":"tag-entretenimiento","12":"tag-es","13":"tag-espana","14":"tag-final","15":"tag-molinero","16":"tag-spain","17":"tag-tras","18":"tag-tv"},"share_on_mastodon":{"url":"","error":""},"_links":{"self":[{"href":"https:\/\/www.europesays.com\/es\/wp-json\/wp\/v2\/posts\/130898","targetHints":{"allow":["GET"]}}],"collection":[{"href":"https:\/\/www.europesays.com\/es\/wp-json\/wp\/v2\/posts"}],"about":[{"href":"https:\/\/www.europesays.com\/es\/wp-json\/wp\/v2\/types\/post"}],"author":[{"embeddable":true,"href":"https:\/\/www.europesays.com\/es\/wp-json\/wp\/v2\/users\/2"}],"replies":[{"embeddable":true,"href":"https:\/\/www.europesays.com\/es\/wp-json\/wp\/v2\/comments?post=130898"}],"version-history":[{"count":0,"href":"https:\/\/www.europesays.com\/es\/wp-json\/wp\/v2\/posts\/130898\/revisions"}],"wp:featuredmedia":[{"embeddable":true,"href":"https:\/\/www.europesays.com\/es\/wp-json\/wp\/v2\/media\/130899"}],"wp:attachment":[{"href":"https:\/\/www.europesays.com\/es\/wp-json\/wp\/v2\/media?parent=130898"}],"wp:term":[{"taxonomy":"category","embeddable":true,"href":"https:\/\/www.europesays.com\/es\/wp-json\/wp\/v2\/categories?post=130898"},{"taxonomy":"post_tag","embeddable":true,"href":"https:\/\/www.europesays.com\/es\/wp-json\/wp\/v2\/tags?post=130898"}],"curies":[{"name":"wp","href":"https:\/\/api.w.org\/{rel}","templated":true}]}}