{"id":130900,"date":"2025-09-22T03:17:11","date_gmt":"2025-09-22T03:17:11","guid":{"rendered":"https:\/\/www.europesays.com\/es\/130900\/"},"modified":"2025-09-22T03:17:11","modified_gmt":"2025-09-22T03:17:11","slug":"la-polemica-comparacion-de-un-rapero-italiano-entre-sinner-y-hitler-que-ha-montado-un-incendio-en-el-pais-el-italiano-tiene-un-nuevo-idolo-cope","status":"publish","type":"post","link":"https:\/\/www.europesays.com\/es\/130900\/","title":{"rendered":"La pol\u00e9mica comparaci\u00f3n de un rapero italiano entre Sinner y Hitler que ha montado un incendio en el pa\u00eds: &quot;El italiano tiene un nuevo \u00eddolo&quot; &#8211; COPE"},"content":{"rendered":"<ol>\n<li><a href=\"https:\/\/news.google.com\/rss\/articles\/CBMi_wFBVV95cUxPZDB2N3FhVXdUQ3FGWFZQY0NLWURVak5IRkRUR1R6VC1aTkMxZGRyY0dIMGFYQ3BiMW50WTlrNWFwejNoSmk1UU1oaUE2NER5OU1vcTI5VmFiQnVnMFJuejlnaG91U2duQUhtcm9CN19FQ2sxSzdIWUtjLXJycWVGVVhMY3NHX3RtUTA5YkF0MUZyb1NGXzFINmdBQ2RzT3FWR0JIWXJOUl9WV3V6VnJYbVViTk1SNHhqTGY5YnpLVEJQSWFpYmRuYmdISDV4OEJlZ1NnQlZidnM3REpFTXNjR0dxZ1lNdTBWS1J5bWItUzl1eXktN3NQM3dnWC0zMXPSAYQCQVVfeXFMTzVFUmJnSGRheWRHdzU1cTlpbVdZLUZuNGlybDJuLWlPeW1BVXMtUzd4TWQ2SDhmY0ZGVEM3WDBYWVdTQTZCQTVfT0UtY3QtWnI4YkJUQ2dCbm5WMVFsaThtT2RuX2FyQkxBYXg5ZXNUZzRkNzUybDdPa2ZmWFhwSDNJZnIwdWItR0RKRlEyYjB5WjJNMWgyeHJfd016bkcxRE1TLXI1V2QtMHZvVmVHT1h1QnNKNXE1aXFkZGFiNzZpSzJBaDFWS0dMc3haejhocmRVZEpzUTZTRkMtZ1FpMnZNaHBEUlkyWXdzX3REa3ZPWi1LbjFCME5zT19wU0ZsMXZaVjU?oc=5\" target=\"_blank\" rel=\"nofollow noopener\">La pol\u00e9mica comparaci\u00f3n de un rapero italiano entre Sinner y Hitler que ha montado un incendio en el pa\u00eds: \u00abEl italiano tiene un nuevo \u00eddolo\u00bb<\/a>&nbsp;&nbsp;COPE<\/li>\n<li><a href=\"https:\/\/news.google.com\/rss\/articles\/CBMipwFBVV95cUxPU0djUEFTR3JtNTk5VkVQRzIwQzE3WVRPOW1jVE9KcF84dzB1VUpiV3NHWXlrNVNUTVVUTmdVZW53c0JneTh6VkFBbjN3aVlsUGV5Z2Q2ekIwWXN0UldROGwyMEF5UFNFUDl6c1dRbDF6VFlYVUJJejlOQnAwY3NLTW1JZWJPaExCU1J1QllUd1lnQUpDUWV2Z3RiRUZPNU83M004OHQ2ONIBuwFBVV95cUxNb25XMnlnTW1DeXo4eVd1SGRHRFZIMFJ5Szd3TjNYelA4T3AzMG1vcUV2SmJ3cVhMemppZElHdm9zMkZEWVlaLXFuWThqSWlQeDYxQWx5bWpyZl9NTmZPQ3l1Z3p0N2xPSGRJcGh2SmxNYWgzc1RvOXVScnhWYk9LNmg2a3pVV3E0TWRlRGpIS0xxZkFRNERJa2NSdmpOTWh1Tk1ramcxU09BSTZETVo4V2trYWVfY1RmaERN?oc=5\" target=\"_blank\" rel=\"nofollow noopener\">Pol\u00e9mica en Italia: Fedez, denunciado por sus versos sobre Sinner<\/a>&nbsp;&nbsp;Diario AS<\/li>\n<li><a href=\"https:\/\/news.google.com\/rss\/articles\/CBMi4gFBVV95cUxNTGJXd0plSkhORGpXNUxCMTZlTkxxSGhHbUFEUUNqQ01QbDd6SU9zaGR0REdqMUFWNDdtbzFUSGdrWlJZVFB4VmJoQVBjQlRTSEZYd0ZkTzlpQmlJNWRKY1ZKMjl2ZWx1c1lxc2h2RU01b2VVNGdDU3l4bWhQQlU1RzVMRVdUaGk5RE5xUnpXeHEyTzd6d19MbHo2b1NtWnY1bC1na3MzX3Vielo4bkVwSUNGSkgwN04wZERMbC1NblR6aV9xeVR4dWE3WXhleU5YbHktNmJrR3QwTE52ZzQwb3Rn0gHnAUFVX3lxTE5id2dKNWRrUjBNdzNSVmNqblNXeWQ4a05oOGxMODRmaG13YVJ4VmJtRVVuSERQWkk1ZDdOanBCajBTeFZ2OHdnWXJ4azlVQ0FjVEREclJmU2RUcm94VE81UzZYeWhrUElSUVFuVFVqOG9HSER1cld3bnZESmxuUlpTdEtWLTJ3SzlRV1A0LTdvaUV0WnRweTlaSk1rcHRNa1ZKZmhhekQ2azF6dm5uLWVDbHRITHZfVXQydVNIZmRLb09VVVloV0x0cmlORDk4eGJZS3RRNGJRRlV5MVNpZW50U0RaRGlDcw?oc=5\" target=\"_blank\" rel=\"nofollow noopener\">El cantante Fedez pide perd\u00f3n a Sinner por llamarle &#8216;purasangre con acento de Hitler&#8217;<\/a>&nbsp;&nbsp;heraldo.es<\/li>\n<li><a href=\"https:\/\/news.google.com\/rss\/articles\/CBMiswFBVV95cUxONnJJaVJWdk9nRzI5QW1WN3RiZnAyQ3RvRTFUWXJZOVkybHB4TG1PQTltS1BNQVhEa296LVpYdTlvcVRBRkN4dUlEQTZYS0pDMV9LZ2JXWnZZbmFtenhEZlA1SGNhWkx0SEpwMmVxVE02U0ZEb0lTZ2xDRnZmVGxwNUxDSUpWd3VZbHJDSGNaZHE1d2U2LVVTZlVmWWxLb1k5VmlZaXBiaWRtQUVXeW5XYWphVQ?oc=5\" target=\"_blank\" rel=\"nofollow noopener\">Disculpas del rapero italiano Paradise Sinar-Hitler por la letra<\/a>&nbsp;&nbsp;noticiashuesca.com<\/li>\n<li><a href=\"https:\/\/news.google.com\/rss\/articles\/CBMi8gFBVV95cUxQQmtwOHdKWVphWHZTMUsySnpVN25ldW05aGh0ZnU0aDgwaWlOMm4xSFBCSUtQSlRzcjhCU0RCR1laRW1yREQyNmg3N1VUMUlDSFAtdl90T1lSZDhsSWVNU29IdmV1cGFfWEJKdVVXZnNJekR2VzR3eHZYbVNzN1hfV3VTbWpENEw0MEwtakRUWG5SdE9UdWhBMWttcUZtVHlBaFJKcVBnVEdEcm84TkVTcGFRaElkZTYxaEF3TXRXNmpmcVVnM1FJWjJ0cHZEWGZ3QUNZN2EzNUtfcVJPa25TNExHNXdQNjhxZzNsWjF6QkY1d9IB9wFBVV95cUxNNERoQ3hfMkdIYnZadWpQLVJ1OUNBYTgyblFfR2J2djhad3ZDeDY4SmJSUU1MdENEOUJTbEU0YXlOSFozc3lrcDk2eDRHeXhaRUliMmVFemJpbUZVQlJHMDdnMnduSnhkMDV3eHl4MzFnWHFCR290eHlreVotekYwTkZGMUF6M3poUUF2dngxRnlrQmlVQmpSakNuU2ltYWF5bk5sLVJ4Rm9QNmREbjZXWW9UMUlwWlcwN3dZZ0ZZN1k5Wk9CMTZDTkp6Y3hSRnJCVTA3MXFQVWNIWFZ5M2E2SmtXMmRZTU1IUXRaZDBpZHo0NHdES1lB?oc=5\" target=\"_blank\" rel=\"nofollow noopener\">Fedez: Sinner, Hitler y una disculpa obligada<\/a>&nbsp;&nbsp;ANSA Latina<\/li>\n<\/ol>\n","protected":false},"excerpt":{"rendered":"La pol\u00e9mica comparaci\u00f3n de un rapero italiano entre Sinner y Hitler que ha montado un incendio en el&hellip;\n","protected":false},"author":2,"featured_media":128102,"comment_status":"","ping_status":"","sticky":false,"template":"","format":"standard","meta":{"footnotes":""},"categories":[170],"tags":[146,147,25,24,184,185,23],"class_list":{"0":"post-130900","1":"post","2":"type-post","3":"status-publish","4":"format-standard","5":"has-post-thumbnail","7":"category-musica","8":"tag-entertainment","9":"tag-entretenimiento","10":"tag-es","11":"tag-espana","12":"tag-music","13":"tag-musica","14":"tag-spain"},"share_on_mastodon":{"url":"","error":""},"_links":{"self":[{"href":"https:\/\/www.europesays.com\/es\/wp-json\/wp\/v2\/posts\/130900","targetHints":{"allow":["GET"]}}],"collection":[{"href":"https:\/\/www.europesays.com\/es\/wp-json\/wp\/v2\/posts"}],"about":[{"href":"https:\/\/www.europesays.com\/es\/wp-json\/wp\/v2\/types\/post"}],"author":[{"embeddable":true,"href":"https:\/\/www.europesays.com\/es\/wp-json\/wp\/v2\/users\/2"}],"replies":[{"embeddable":true,"href":"https:\/\/www.europesays.com\/es\/wp-json\/wp\/v2\/comments?post=130900"}],"version-history":[{"count":0,"href":"https:\/\/www.europesays.com\/es\/wp-json\/wp\/v2\/posts\/130900\/revisions"}],"wp:featuredmedia":[{"embeddable":true,"href":"https:\/\/www.europesays.com\/es\/wp-json\/wp\/v2\/media\/128102"}],"wp:attachment":[{"href":"https:\/\/www.europesays.com\/es\/wp-json\/wp\/v2\/media?parent=130900"}],"wp:term":[{"taxonomy":"category","embeddable":true,"href":"https:\/\/www.europesays.com\/es\/wp-json\/wp\/v2\/categories?post=130900"},{"taxonomy":"post_tag","embeddable":true,"href":"https:\/\/www.europesays.com\/es\/wp-json\/wp\/v2\/tags?post=130900"}],"curies":[{"name":"wp","href":"https:\/\/api.w.org\/{rel}","templated":true}]}}