{"id":130901,"date":"2025-09-22T03:18:11","date_gmt":"2025-09-22T03:18:11","guid":{"rendered":"https:\/\/www.europesays.com\/es\/130901\/"},"modified":"2025-09-22T03:18:11","modified_gmt":"2025-09-22T03:18:11","slug":"tom-holland-asegura-que-spider-man-brand-new-day-se-siente-como-un-reinicio-no-como-una-cuarta-parte","status":"publish","type":"post","link":"https:\/\/www.europesays.com\/es\/130901\/","title":{"rendered":"Tom Holland asegura que &#8216;Spider-Man: Brand New Day&#8217; \u00abse siente como un reinicio, no como una cuarta parte\u00bb"},"content":{"rendered":"<p>Hace un par de a\u00f1os, la carrera de <a href=\"https:\/\/www.ecartelera.com\/personas\/tom-holland\/\" rel=\"nofollow noopener\" target=\"_blank\">Tom Holland<\/a> parec\u00eda algo estancada entre proyectos que no funcionaban y su vinculaci\u00f3n al <a href=\"https:\/\/www.ecartelera.com\/sagas\/universo-marvel\/\" rel=\"nofollow noopener\" target=\"_blank\">UCM<\/a> que empezaba a sentirse como una c\u00e1rcel. <b>Pero el actor parece otro desde entonces<\/b>, como si haberse alejado durante una temporada del foco y probar otras facetas como el teatro le hubiera sentado de maravilla. Y protagonizar la nueva pel\u00edcula de <a href=\"https:\/\/www.ecartelera.com\/personas\/christopher-nolan\/\" rel=\"nofollow noopener\" target=\"_blank\">Christopher Nolan<\/a>, claro, eso da alas a cualquiera. <\/p>\n<p>Avance &#8216;Spider-Man: Brand New Day&#8217;: D\u00eda 1 en el rodaje<\/p>\n<p><video id=\"vid-35635\" class=\"video-js vjs-default-skin\" data-title=\"Avance 'Spider-Man: Brand New Day': D\u00eda 1 en el rodaje\" poster=\"https:\/\/www.ecartelera.com\/images\/videos\/35600\/f35635.jpg\" controls=\"\" preload=\"auto\" width=\"640\" height=\"360\" playsinline=\"\" data-vtt=\"\/\/v1.ecartelera.com\/video\/35600\/35635_sprite.vtt\" data-stream=\"1\">El navegador no soporta el tag de v\u00eddeo.<\/video><\/p>\n<p>X<\/p>\n<p>Pero, \u00bfy qu\u00e9 hay de su papel como Spider-Man? Aunque Holland ha fortalecido su relaci\u00f3n con Marvel Studios hasta el punto de que hay una cuarta entrega de su Peter Parker en camino, lo cierto es que &#8216;<a href=\"https:\/\/www.ecartelera.com\/peliculas\/spider-man-4\/\" rel=\"nofollow noopener\" target=\"_blank\">Spider-Man: Brand New Day<\/a>&#8216; no da la sensaci\u00f3n de ser el meme del \u00abOh shit, here we go again\u00bb, sino que <b>hay energ\u00edas renovadas al respecto<\/b>. <\/p>\n<p>Esta sensaci\u00f3n generalizada la ha venido a confirmar el propio Holland en una entrevista para Complex. El actor, al que hemos visto muy feliz durante el rodaje de &#8216;Brand New Day&#8217;, se muestra encantado con las vibras de la cuarta parte y <b>con el hecho de que, precisamente, no parezca una cuarta parte<\/b>. <\/p>\n<p>\t\t\t\t\t\t\t<img decoding=\"async\" loading=\"lazy\" src=\"https:\/\/www.europesays.com\/es\/wp-content\/uploads\/2025\/09\/241951_spider-man-brand-new-day-tom-holland-nos-guia-.jpg\" alt=\"Tom Holland durante el rodaje de 'Spider-Man: Brand New Day'\" width=\"1200\" height=\"704\"\/>\t<\/p>\n<p>\t\t\t\t\t\tTom Holland durante el rodaje de &#8216;Spider-Man: Brand New Day&#8217; (Disney)<\/p>\n<blockquote><p>\u00abNo sentimos como si estuvi\u00e9ramos haciendo la cuarta pel\u00edcula. Estamos haciendo la primera pel\u00edcula de un nuevo cap\u00edtulo. <b>Esto es un reinicio<\/b>. Esto es algo completamente nuevo\u00bb.<\/p><\/blockquote>\n<p>Homenaje en el traje<\/p>\n<p>Uno de los aspectos que han hecho ilusionarse a los fans es el nuevo traje de Spider-Man de Holland, m\u00e1s en la l\u00ednea cl\u00e1sica de los de <a href=\"https:\/\/www.ecartelera.com\/personas\/tobey-maguire\/\" rel=\"nofollow noopener\" target=\"_blank\">Tobey Maguire<\/a> y <a href=\"https:\/\/www.ecartelera.com\/personas\/andrew-garfield\/\" rel=\"nofollow noopener\" target=\"_blank\">Andrew Garfield<\/a> y mucho menos tecnificado. Era evidente, pero el propio Holland ha corroborado en la entrevista que <b>el dise\u00f1o est\u00e1 inspirado en los trajes de sus predecesores<\/b>. <\/p>\n<blockquote><p>\u00abMe encanta la idea de que <b>est\u00e1 intentando ser como sus hermanos mayores<\/b>, de que los admire y vea detalles en sus trajes que le parezcan geniales, que ahora que no forma parte de un equipo m\u00e1s grande est\u00e9 haciendo su propio traje\u00bb.<\/p><\/blockquote>\n<p>\t\t\t\t\t\t\t<img decoding=\"async\" loading=\"lazy\" src=\"https:\/\/www.europesays.com\/es\/wp-content\/uploads\/2025\/09\/243875_tom-holland-asegura-que-spider-man-brand-new-day.jpg\" alt=\"El traje de Holland est\u00e1 inspirado en sus predecesores\" width=\"1200\" height=\"675\"\/>\t<\/p>\n<p>\t\t\t\t\t\tEl traje de Holland est\u00e1 inspirado en sus predecesores (Disney)<\/p>\n<p>&#8216;Spider-Man: Brand New Day&#8217; se estrena en cines el 31 de julio de 2027.<\/p>\n","protected":false},"excerpt":{"rendered":"Hace un par de a\u00f1os, la carrera de Tom Holland parec\u00eda algo estancada entre proyectos que no funcionaban&hellip;\n","protected":false},"author":2,"featured_media":130902,"comment_status":"","ping_status":"","sticky":false,"template":"","format":"standard","meta":{"footnotes":""},"categories":[169],"tags":[1014,1015,1013,177,1011,146,147,25,24,782,176,1019,1016,175,753,1012,23,1017,1018],"class_list":{"0":"post-130901","1":"post","2":"type-post","3":"status-publish","4":"format-standard","5":"has-post-thumbnail","7":"category-cine","8":"tag-actores","9":"tag-actrices","10":"tag-cartelera","11":"tag-cine","12":"tag-ecartelera","13":"tag-entertainment","14":"tag-entretenimiento","15":"tag-es","16":"tag-espana","17":"tag-estrellas","18":"tag-film","19":"tag-fotogramas","20":"tag-fotos","21":"tag-movies","22":"tag-peliculas","23":"tag-pelis","24":"tag-spain","25":"tag-trailers","26":"tag-videos"},"share_on_mastodon":{"url":"","error":""},"_links":{"self":[{"href":"https:\/\/www.europesays.com\/es\/wp-json\/wp\/v2\/posts\/130901","targetHints":{"allow":["GET"]}}],"collection":[{"href":"https:\/\/www.europesays.com\/es\/wp-json\/wp\/v2\/posts"}],"about":[{"href":"https:\/\/www.europesays.com\/es\/wp-json\/wp\/v2\/types\/post"}],"author":[{"embeddable":true,"href":"https:\/\/www.europesays.com\/es\/wp-json\/wp\/v2\/users\/2"}],"replies":[{"embeddable":true,"href":"https:\/\/www.europesays.com\/es\/wp-json\/wp\/v2\/comments?post=130901"}],"version-history":[{"count":0,"href":"https:\/\/www.europesays.com\/es\/wp-json\/wp\/v2\/posts\/130901\/revisions"}],"wp:featuredmedia":[{"embeddable":true,"href":"https:\/\/www.europesays.com\/es\/wp-json\/wp\/v2\/media\/130902"}],"wp:attachment":[{"href":"https:\/\/www.europesays.com\/es\/wp-json\/wp\/v2\/media?parent=130901"}],"wp:term":[{"taxonomy":"category","embeddable":true,"href":"https:\/\/www.europesays.com\/es\/wp-json\/wp\/v2\/categories?post=130901"},{"taxonomy":"post_tag","embeddable":true,"href":"https:\/\/www.europesays.com\/es\/wp-json\/wp\/v2\/tags?post=130901"}],"curies":[{"name":"wp","href":"https:\/\/api.w.org\/{rel}","templated":true}]}}