{"id":130906,"date":"2025-09-22T03:21:14","date_gmt":"2025-09-22T03:21:14","guid":{"rendered":"https:\/\/www.europesays.com\/es\/130906\/"},"modified":"2025-09-22T03:21:14","modified_gmt":"2025-09-22T03:21:14","slug":"diseno-experimental-y-moda-joven-ego-reinventa-la-pasarela-mercedes-benz-fashion-week-madrid","status":"publish","type":"post","link":"https:\/\/www.europesays.com\/es\/130906\/","title":{"rendered":"Dise\u00f1o experimental y moda joven: Ego reinventa la pasarela Mercedes-Benz Fashion Week Madrid"},"content":{"rendered":"<p>Mercedes-Benz Fashion Week Madrid potencia el talento emergente. La pasarela madrile\u00f1a cerr\u00f3 las puertas de su jornada n\u00famero 82 el pasado domingo 21 de septiembre con miles de asistentes y con otra edici\u00f3n de la plataforma Ego, nacida con el objetivo de aportar visibilidad a los catorce dise\u00f1adores emergentes que han participado este a\u00f1o mediante desfiles y showrooms.<\/p>\n<p>\u00a0<\/p>\n<p>El showroom de Ego, expuesto durante los cuatro d\u00edas del evento con el objetivo de promocionar y comercializar las prendas de los catorce dise\u00f1adores emergentes que han participado este a\u00f1o, ha exhibido dise\u00f1os de <strong>AAA Studio, Alameda, Byan, Conae, Crypta, Dafne Per Se, Devol, Et\u00e9me, Fatima Mi\u00f1ana, Guillermo Justicia, Kolonaki, Paola Molet, Santamarta y The Curiousers<\/strong>.<\/p>\n<p>\u00a0<\/p>\n<p>\u00a0<\/p>\n<p><img decoding=\"async\" src=\"https:\/\/www.europesays.com\/es\/wp-content\/uploads\/2025\/09\/ego-mbfw-madrid-2025-alamedabrand-1200.jpg\" alt=\"ego mbfw madrid 2025 alamedabrand 1200\"\/><\/p>\n<p>\u00a0<\/p>\n<p>\u00a0<\/p>\n<p>La exposici\u00f3n en Mercedes-Benz Fashion Week Madrid es una oportunidad para aquellas marcas que trabajan al cien por cien de manera online, \u201c<strong>ha sido muy enriquecedor hablar con la gente, conocer el feedback<\/strong>, ver c\u00f3mo miran las prendas, en qu\u00e9 se fijan, qu\u00e9 les gustan m\u00e1s, qu\u00e9 les llama menos la atenci\u00f3n\u201d, explican en Alameda Brand, una de las firmas participantes de Ego.<\/p>\n<p>\u00a0<\/p>\n<p>\u00a0<\/p>\n<p class=\"news_featured_text\">Ego acogi\u00f3 catorce dise\u00f1adores emergentes como AAA Studio, Dafne Per Se o The Couriousers<\/p>\n<p>\u00a0<\/p>\n<p>\u00a0<\/p>\n<p>Ego estuvo ubicado en paralelo al escenario principal de las pasarelas, en un punto estrat\u00e9gico para los asistentes que han visitado el pabell\u00f3n 14.1 del recinto ferial durante la edici\u00f3n n\u00famero 82 de la pasarela madrile\u00f1a, coincidiendo con su cuarenta aniversario. El tr\u00e1fico de estilistas, dise\u00f1adores y consumidores del sector ha permitido a los participantes recibir un feedback directo del p\u00fablico, reafirmando que <strong>\u201cla moda no tiene sentido si no se establece una relaci\u00f3n con quien la consume\u201d<\/strong>, se\u00f1alan en Dafne Per Se, una de las marcas participantes de la plataforma.<\/p>\n<p>\u00a0<\/p>\n<p>\u00a0<\/p>\n<p><img decoding=\"async\" src=\"https:\/\/www.europesays.com\/es\/wp-content\/uploads\/2025\/09\/ego-mbfw-madrid-2025-fatima-minana-1200.jpg\" alt=\"ego mbfw madrid 2025 fatima minana 1200\"\/><\/p>\n<p>\u00a0<\/p>\n<p>Ante un mercado saturado y con un abanico de precios cada vez m\u00e1s grande, Dafne Per Se pone el foco en lo que ha sido una opini\u00f3n generalizada entre los participantes, apuntando que \u201c<strong>lo que hace falta es invertir en un dise\u00f1o de m\u00e1xima calidad y potenciar la idea del dise\u00f1ador local<\/strong> que vende en un entorno social peque\u00f1o, no tanto al internacional ni pensando en globalizar la marca, sino en la vida real y en el negocio local\u201d.<\/p>\n<p>\u00a0<\/p>\n<p><img decoding=\"async\" src=\"https:\/\/www.europesays.com\/es\/wp-content\/uploads\/2025\/09\/ego-mbfw-madrid-2025-aaastudio-1200.jpg\" alt=\"ego mbfw madrid 2025 aaastudio 1200\"\/><\/p>\n<p>\u00a0<\/p>\n<p>Entre la diversidad de marcas que cuentan con su espacio en Ego, donde se encuentran desde estilos m\u00e1s cl\u00e1sicos como los de Kolonaki, lo m\u00e1s experimental de la mano de AAA Studio, y las prendas m\u00e1s coloridas de The Couriouser, con un concepto inspirado en el Alicia en el Pa\u00eds de las Maravillas, todas coinciden en la importancia y el valor de poder interactuar con el p\u00fablico de manera f\u00edsica \u201cy <strong>darnos a conocer a otras personas que no son de nuestro p\u00fablico com\u00fan, por Ifema pasa mucha gente con estilos diferentes y que no nos conocer\u00edan en otras circunstancias<\/strong>\u201d, se\u00f1alan en AAA Estudio.<\/p>\n<p>\u00a0<\/p>\n<p>\u00a0<\/p>\n<p class=\"news_featured_text\">Mercedes-Benz Fashion Week cont\u00f3 con el desfile de Carolina Herrera en la Plaza Mayor de Madrid<\/p>\n<p>\u00a0<\/p>\n<p>\u00a0<\/p>\n<p>Ego es la <strong>plataforma de talentos emergentes de la moda organizada por Ifema Madrid<\/strong> y celebrada dos veces al a\u00f1o en el marco de Mercedes-Benz Fashion Week Madrid. Fundada en 2006, Ego busca dar visibilidad a dise\u00f1adores que ven la moda como un medio de expresi\u00f3n, arte y cultura.<\/p>\n<p>\u00a0<\/p>\n<p><a href=\"https:\/\/www.modaes.com\/tendencias\/mercedes-benz-fashion-week-madrid-celebrara-su-cuarenta-aniversario-premiando-al-talento-novel\" rel=\"nofollow noopener\" target=\"_blank\">Mercedes-Benz Fashion Week Madrid ha extendido sus actividades por toda la ciudad como novedad en esta edici\u00f3n<\/a>, desde el centro urbano hasta el recinto ferial Ifema Madrid. Adem\u00e1s, <a href=\"https:\/\/www.modaes.com\/tendencias\/mercedes-benz-fashion-week-madrid-celebra-su-cuarenta-aniversario-el-proximo-septiembre\" rel=\"nofollow noopener\" target=\"_blank\">ha acogido a la colombiana Silvia Tcherassi, la primera dise\u00f1adora internacional invitada al certamen<\/a>, adem\u00e1s de <strong>Palomo, Pedro del Hierro, Adolfo Dom\u00ednguez y Simorra, que han repetido un a\u00f1o m\u00e1s en la pasarela.<\/strong> Entre el resto de los dise\u00f1adores que han completado el evento se encuentran Agatha Ruiz de la Prada, Flabelus y Lola Casademunt, entre otros.<\/p>\n<p>\u00a0<\/p>\n<p><a href=\"https:\/\/www.modaes.com\/tendencias\/asier-labarga-nuevo-director-de-mercedes-benz-fashion-week-madrid\" rel=\"nofollow noopener\" target=\"_blank\">Tras cuatro ediciones de pasarela lideradas por Ana Rodr\u00edguez, desde el pasado abril el evento de moda est\u00e1 liderado por Asier Labarga<\/a>, un directivo de largo recorrido en Ifema Madrid.<strong> Con una trayectoria de m\u00e1s de quince a\u00f1os en la instituci\u00f3n ferial<\/strong>, el hasta ahora responsable de ferias y eventos de p\u00fablico y conciertos cuenta con \u201camplia experiencia en proyectos relacionados con lifestyle e industrias creativas\u201d.<\/p>\n","protected":false},"excerpt":{"rendered":"Mercedes-Benz Fashion Week Madrid potencia el talento emergente. La pasarela madrile\u00f1a cerr\u00f3 las puertas de su jornada n\u00famero&hellip;\n","protected":false},"author":2,"featured_media":130907,"comment_status":"","ping_status":"","sticky":false,"template":"","format":"standard","meta":{"footnotes":""},"categories":[91],"tags":[146,147,25,24,23],"class_list":{"0":"post-130906","1":"post","2":"type-post","3":"status-publish","4":"format-standard","5":"has-post-thumbnail","7":"category-entretenimiento","8":"tag-entertainment","9":"tag-entretenimiento","10":"tag-es","11":"tag-espana","12":"tag-spain"},"share_on_mastodon":{"url":"","error":""},"_links":{"self":[{"href":"https:\/\/www.europesays.com\/es\/wp-json\/wp\/v2\/posts\/130906","targetHints":{"allow":["GET"]}}],"collection":[{"href":"https:\/\/www.europesays.com\/es\/wp-json\/wp\/v2\/posts"}],"about":[{"href":"https:\/\/www.europesays.com\/es\/wp-json\/wp\/v2\/types\/post"}],"author":[{"embeddable":true,"href":"https:\/\/www.europesays.com\/es\/wp-json\/wp\/v2\/users\/2"}],"replies":[{"embeddable":true,"href":"https:\/\/www.europesays.com\/es\/wp-json\/wp\/v2\/comments?post=130906"}],"version-history":[{"count":0,"href":"https:\/\/www.europesays.com\/es\/wp-json\/wp\/v2\/posts\/130906\/revisions"}],"wp:featuredmedia":[{"embeddable":true,"href":"https:\/\/www.europesays.com\/es\/wp-json\/wp\/v2\/media\/130907"}],"wp:attachment":[{"href":"https:\/\/www.europesays.com\/es\/wp-json\/wp\/v2\/media?parent=130906"}],"wp:term":[{"taxonomy":"category","embeddable":true,"href":"https:\/\/www.europesays.com\/es\/wp-json\/wp\/v2\/categories?post=130906"},{"taxonomy":"post_tag","embeddable":true,"href":"https:\/\/www.europesays.com\/es\/wp-json\/wp\/v2\/tags?post=130906"}],"curies":[{"name":"wp","href":"https:\/\/api.w.org\/{rel}","templated":true}]}}