{"id":130920,"date":"2025-09-22T03:33:09","date_gmt":"2025-09-22T03:33:09","guid":{"rendered":"https:\/\/www.europesays.com\/es\/130920\/"},"modified":"2025-09-22T03:33:09","modified_gmt":"2025-09-22T03:33:09","slug":"doble-error-de-isack-hadjar-un-poco-enfadado-tras-el-gp-de-azerbaiyan","status":"publish","type":"post","link":"https:\/\/www.europesays.com\/es\/130920\/","title":{"rendered":"Doble error de Isack Hadjar, \u00abun poco enfadado\u00bb tras el GP de Azerbaiy\u00e1n"},"content":{"rendered":"<p>Tras conseguir su primer podio en el circuito de Zandvoort (Pa\u00edses Bajos) a finales de agosto, Isack Hadjar solo sum\u00f3 un punto en Monza y otro en Bak\u00fa (Azerbaiy\u00e1n). Tras terminar la sesi\u00f3n de clasificaci\u00f3n en Bak\u00fa de mal humor, Isack Hadjar comenz\u00f3 el GP de Azerbaiy\u00e1n en octavo lugar. Durante la vuelta de reconocimiento, un problema hidr\u00e1ulico lo oblig\u00f3 a llevar sus Racing Bulls a boxes para las reparaciones necesarias. Con dificultades para defender su posici\u00f3n al principio de la carrera, y luego siendo sorprendido de nuevo en la \u00faltima curva de la quinta vuelta, el franc\u00e9s repiti\u00f3 el error del d\u00eda anterior en la clasificaci\u00f3n, a pesar de realizar una gran actuaci\u00f3n tras encontrar su ritmo. El resultado: un d\u00e9cimo puesto, del que se culpa profundamente.<\/p>\n<p class=\"gt-block\">\u00ab\u00a0Creo que estamos haciendo una buena carrera, El piloto de Racing Bulls lo pone en perspectiva en Canal+. Estoy un poco enfadado porque comet\u00ed un error, igual que ayer, en el primer stint. Perd\u00ed dos posiciones. Eso me meti\u00f3 en una espiral. Da\u00f1\u00e9 los neum\u00e1ticos, sobre todo porque no \u00edbamos muy r\u00e1pido con los medios. Por otro lado, cuando entramos en boxes y elegimos los duros, empezamos a ser muy fuertes y volvemos al grupo, pero no sirve de nada&#8230;\u00a0\u00bb<\/p>\n<p class=\"gt-block\">Liam Lawson, su compa\u00f1ero de equipo neozeland\u00e9s, cruz\u00f3 la meta en quinto lugar. Una posici\u00f3n envidiada por un Hadjar en busca de rendimiento. Claro, idealmente, me hubiera gustado terminar el fin de semana como \u00e9l. Comet\u00ed un error, as\u00ed que no estoy. Tomo nota: en dos semanas lo haremos mejor. \u00bb anticipa el parisino.<\/p>\n<p class=\"gt-block\"><strong>LEA TAMBI\u00c9N &gt; <a href=\"https:\/\/es.autohebdo.fr\/noticias\/f1\/Verstappen-gana-el-Gran-Premio-de-Azerbaiy%C3%A1n-Piastri-en-el-muro.html\" rel=\"nofollow noopener\" target=\"_blank\">Verstappen gana el Gran Premio de Azerbaiy\u00e1n, Piastri se estrella<\/a><\/strong><\/p>\n","protected":false},"excerpt":{"rendered":"Tras conseguir su primer podio en el circuito de Zandvoort (Pa\u00edses Bajos) a finales de agosto, Isack Hadjar&hellip;\n","protected":false},"author":2,"featured_media":130921,"comment_status":"","ping_status":"","sticky":false,"template":"","format":"standard","meta":{"footnotes":""},"categories":[270],"tags":[168,25,24,306,271,272,41946,2109,11597,2090,23,167],"class_list":{"0":"post-130920","1":"post","2":"type-post","3":"status-publish","4":"format-standard","5":"has-post-thumbnail","7":"category-formula-1","8":"tag-deportes","9":"tag-es","10":"tag-espana","11":"tag-f1","12":"tag-formula-1","13":"tag-formula1","14":"tag-gp-dazerbaidjan","15":"tag-isack-hadjar","16":"tag-liam-lawson","17":"tag-racing-bulls","18":"tag-spain","19":"tag-sports"},"share_on_mastodon":{"url":"","error":""},"_links":{"self":[{"href":"https:\/\/www.europesays.com\/es\/wp-json\/wp\/v2\/posts\/130920","targetHints":{"allow":["GET"]}}],"collection":[{"href":"https:\/\/www.europesays.com\/es\/wp-json\/wp\/v2\/posts"}],"about":[{"href":"https:\/\/www.europesays.com\/es\/wp-json\/wp\/v2\/types\/post"}],"author":[{"embeddable":true,"href":"https:\/\/www.europesays.com\/es\/wp-json\/wp\/v2\/users\/2"}],"replies":[{"embeddable":true,"href":"https:\/\/www.europesays.com\/es\/wp-json\/wp\/v2\/comments?post=130920"}],"version-history":[{"count":0,"href":"https:\/\/www.europesays.com\/es\/wp-json\/wp\/v2\/posts\/130920\/revisions"}],"wp:featuredmedia":[{"embeddable":true,"href":"https:\/\/www.europesays.com\/es\/wp-json\/wp\/v2\/media\/130921"}],"wp:attachment":[{"href":"https:\/\/www.europesays.com\/es\/wp-json\/wp\/v2\/media?parent=130920"}],"wp:term":[{"taxonomy":"category","embeddable":true,"href":"https:\/\/www.europesays.com\/es\/wp-json\/wp\/v2\/categories?post=130920"},{"taxonomy":"post_tag","embeddable":true,"href":"https:\/\/www.europesays.com\/es\/wp-json\/wp\/v2\/tags?post=130920"}],"curies":[{"name":"wp","href":"https:\/\/api.w.org\/{rel}","templated":true}]}}