{"id":130922,"date":"2025-09-22T03:34:10","date_gmt":"2025-09-22T03:34:10","guid":{"rendered":"https:\/\/www.europesays.com\/es\/130922\/"},"modified":"2025-09-22T03:34:10","modified_gmt":"2025-09-22T03:34:10","slug":"kalinoski-la-mejor-noticia-es-ganar-el-torneo-pero-esta-guay-la-sensacion-de-ganar-el-mvp","status":"publish","type":"post","link":"https:\/\/www.europesays.com\/es\/130922\/","title":{"rendered":"Kalinoski: \u00abLa mejor noticia es ganar el torneo, pero est\u00e1 guay la sensaci\u00f3n de ganar el MVP\u00bb"},"content":{"rendered":"<p>Radiantes tras proclamarse campeones de la Copa Intercontinental comparecieron, de forma breve, algunos de los protagonistas de la jornada en la pista del Singapore Indoor  &#8230; Stadium. El nuevo fichaje Duarte, el MVP Kalinoski y el siempre importante Perry se pararon a compartir su alegr\u00eda con este medio, presente esta semana en el pa\u00eds asi\u00e1tico.<\/p>\n<p class=\"v-p\">El dominicano, flamante fichaje estrella del Unicaja este verano, se mostr\u00f3 feliz a la par que autocr\u00edtico tras ganar su primer trofeo como jugador verdimorado: \u00abContento con el trabajo que hicimos en Singapur. No tanto en lo individual, pero s\u00ed en lo colectivo\u00bb. Lo dijo con semblante de felicidad, mordiendo la medalla de oro que llevaba colgada al cuello.<\/p>\n<p class=\"v-p\">S\u00ed se extendi\u00f3 algo m\u00e1s Tyler Kalinoski, el hombre que mejor ha jugado en todo el torneo: \u00abMuy contento. Para m\u00ed, la mejor noticia era ganar el torneo, pero es una sensaci\u00f3n muy guay la de ganar el MVP. Hemos jugado juntos, como un equipo, tambi\u00e9n con los nuevos&#8230; Muy feliz. Tenemos que hablar con los chicos nuevos y ense\u00f1arles c\u00f3mo funcionamos aqu\u00ed. Perry y Alberto hacen un gran trabajo en ese sentido y los nuevos, tambi\u00e9n\u00bb.<\/p>\n<p class=\"v-p\">Por \u00faltimo, uno de los grandes referentes en el vestuario, Perry, volvi\u00f3 a atreverse con el espa\u00f1ol para mandar un mensaje a la afici\u00f3n del Unicaja: \u00abEstamos muy felices en este momento. Para la gente de M\u00e1laga, muchas gracias. Este trofeo es para vosotros. Celebramos, pero el siguiente es la Supercopa. Nos vemos\u00bb.<\/p>\n","protected":false},"excerpt":{"rendered":"Radiantes tras proclamarse campeones de la Copa Intercontinental comparecieron, de forma breve, algunos de los protagonistas de la&hellip;\n","protected":false},"author":2,"featured_media":130923,"comment_status":"","ping_status":"","sticky":false,"template":"","format":"standard","meta":{"footnotes":""},"categories":[269],"tags":[299,298,168,25,24,2000,41947,41731,1684,24242,7080,14749,23,167,775],"class_list":{"0":"post-130922","1":"post","2":"type-post","3":"status-publish","4":"format-standard","5":"has-post-thumbnail","7":"category-baloncesto","8":"tag-baloncesto","9":"tag-basketball","10":"tag-deportes","11":"tag-es","12":"tag-espana","13":"tag-ganar","14":"tag-guay","15":"tag-kalinoski","16":"tag-mejor","17":"tag-mvp","18":"tag-noticia","19":"tag-sensacion","20":"tag-spain","21":"tag-sports","22":"tag-torneo"},"share_on_mastodon":{"url":"","error":""},"_links":{"self":[{"href":"https:\/\/www.europesays.com\/es\/wp-json\/wp\/v2\/posts\/130922","targetHints":{"allow":["GET"]}}],"collection":[{"href":"https:\/\/www.europesays.com\/es\/wp-json\/wp\/v2\/posts"}],"about":[{"href":"https:\/\/www.europesays.com\/es\/wp-json\/wp\/v2\/types\/post"}],"author":[{"embeddable":true,"href":"https:\/\/www.europesays.com\/es\/wp-json\/wp\/v2\/users\/2"}],"replies":[{"embeddable":true,"href":"https:\/\/www.europesays.com\/es\/wp-json\/wp\/v2\/comments?post=130922"}],"version-history":[{"count":0,"href":"https:\/\/www.europesays.com\/es\/wp-json\/wp\/v2\/posts\/130922\/revisions"}],"wp:featuredmedia":[{"embeddable":true,"href":"https:\/\/www.europesays.com\/es\/wp-json\/wp\/v2\/media\/130923"}],"wp:attachment":[{"href":"https:\/\/www.europesays.com\/es\/wp-json\/wp\/v2\/media?parent=130922"}],"wp:term":[{"taxonomy":"category","embeddable":true,"href":"https:\/\/www.europesays.com\/es\/wp-json\/wp\/v2\/categories?post=130922"},{"taxonomy":"post_tag","embeddable":true,"href":"https:\/\/www.europesays.com\/es\/wp-json\/wp\/v2\/tags?post=130922"}],"curies":[{"name":"wp","href":"https:\/\/api.w.org\/{rel}","templated":true}]}}