{"id":130924,"date":"2025-09-22T03:35:10","date_gmt":"2025-09-22T03:35:10","guid":{"rendered":"https:\/\/www.europesays.com\/es\/130924\/"},"modified":"2025-09-22T03:35:10","modified_gmt":"2025-09-22T03:35:10","slug":"cronica-de-pedro-rojas-del-cartagena-hercules-de-la-jornada-4-en-primera-federacion","status":"publish","type":"post","link":"https:\/\/www.europesays.com\/es\/130924\/","title":{"rendered":"Cr\u00f3nica de Pedro Rojas del Cartagena-H\u00e9rcules de la jornada 4 en Primera Federaci\u00f3n"},"content":{"rendered":"<p class=\"ft-text ft-helper-closenews\">Sensaciones, detalles, opiniones&#8230; Lo pueden llamar como quieran, pero <strong>en realidad son pifias, falta de control, de dominio del juego, de presencia en campo rival y una debilidad defensiva atroz.<\/strong> Ni con cinco zagueros en l\u00ednea el H\u00e9rcules es capaz de contener a su adversario. Y as\u00ed, por m\u00e1s que se quiera circunvalar el desastre, se acabar\u00e1 consumando porque la realidad es tozuda y no perdona los<strong> errores de bulto<\/strong>.<\/p>\n<p class=\"ft-text\">Tercera derrota seguida y nuevo sistema probado. Esta vez con tres centrales \u2013<strong>Bolo<\/strong>, <strong>Sotillos <\/strong>y <strong>Retu <\/strong>reconvertido\u2013, y dos carrileros, <strong>Samu V\u00e1zquez<\/strong> y <strong>Javi Jim\u00e9nez<\/strong>. \u00bfEl resultado? M\u00e1s presencia del equipo de Torrecilla en campo ajeno, pero mayor sensaci\u00f3n de bloque diluido sin control del centro del campo y con exceso de idas y venidas en recorridos muy largos que, en el comienzo de la temporada, matan de cansancio al m\u00e1s pintado, en este caso <strong>Roger Colomina<\/strong>.<\/p>\n<p class=\"ft-text\">Nuevo tropiezo y nueve de doce puntos al limbo. Los blanquiazules caen a zona de descenso por primera vez con el extreme\u00f1o en el banquillo y se activan las alertas en la v\u00edspera de la visita del Alcorc\u00f3n al Rico P\u00e9rez. De momento, una buena mayor\u00eda de los<strong> 800 herculanos presentes <\/strong>en Cartagonova ya reclam\u00f3, de pura impotencia, <strong>la dimisi\u00f3n del preparador cacere\u00f1o<\/strong>. Es la chispa que puede provocar el incendio en siete d\u00edas si algo no cambia, si no se atisba la presunta fortaleza de una plantilla aparentemente mejorada que <a class=\"ft-link ft-link--decoration\" href=\"https:\/\/www.informacion.es\/hercules-cf\/2025\/09\/14\/hercules-viajara-cartagena-peor-posicion-121569780.html\" target=\"_blank\" rel=\"nofollow noopener\">sigue peligrosamente la din\u00e1mica derrotista con la que se cerr\u00f3 la campa\u00f1a anterior<\/a>, la que acab\u00f3 con el cuestionamiento, a todos los niveles, de la <strong>idoneidad de mantener al t\u00e9cnico<\/strong>.<\/p>\n<p class=\"ft-text\">La primera parte, en mitad de un desgobierno general que hace atractivos los encuentros al espectador, pero echan por tierra el trabajo de los entrenadores, la gan\u00f3 <strong>Kevin S\u00e1nchez<\/strong>, incontenible por la derecha como lo fue <strong>Beb\u00e9 <\/strong>en Ibiza o <strong>Rastrojo <\/strong>en el tropiezo contra el Algeciras. Como ese viernes, se puede esconder el fiasco en una tarjeta roja, esta vez, al contrario que la de <strong>Rentero <\/strong>(que fue justo al comienzo), a falta de diez minutos para el final. El marcador era de empate a uno, y esa inferioridad, esa concesi\u00f3n postrera, no la perdon\u00f3 <strong>Javi Rey<\/strong>.<\/p>\n<p>Reacci\u00f3n inmediata<\/p>\n<p class=\"ft-text\"><a class=\"ft-link ft-link--decoration\" href=\"https:\/\/www.youtube.com\/watch?v=FxIRyzCb_IU\" target=\"_blank\" rel=\"nofollow noopener\">El preparador del Efes\u00e9<\/a> meti\u00f3 de golpe la artiller\u00eda que le quedaba: <strong>Pablo De Blasis<\/strong>, <strong>Alfredo Ortu\u00f1o<\/strong> y a <strong>Nacho S\u00e1nchez<\/strong>. Entre los tres acabaron de hundir atr\u00e1s a un H\u00e9rcules ya muy fatigado, casi resignado a su mala suerte despu\u00e9s de que Retu, con una amarilla vista justo tras el descanso, decidiera colgarse de <strong>Diego G\u00f3mez<\/strong> despu\u00e9s de comerse un enga\u00f1o monstruoso en el centro del campo.<\/p>\n<p class=\"ft-text\">No pens\u00f3 el lateral, para qu\u00e9, hizo lo primero que se le pas\u00f3 por la cabeza y dej\u00f3 a su equipo en inferioridad cuando ya estaba con el resuello justo. A esas alturas, eran papel mojado el tanto de Sotillos, culminando una acci\u00f3n individual de <strong>Javi Jim\u00e9nez<\/strong> por el carril zurdo, siendo el m\u00e1s listo, metiendo lo justo el pie; y tambi\u00e9n el que vali\u00f3 para contrarrestar la ventaja, el de <strong>Chiki<\/strong>, cabeceando a placer en el \u00e1rea peque\u00f1a despu\u00e9s de que el expulsado se olvidara de seguirle para enfado morrocotudo de <strong>Bolo<\/strong>, que se lo recrimin\u00f3 sobre la hierba.<\/p>\n<p class=\"ft-text\">El reparto de puntos se antojaba el desenlace m\u00e1s l\u00f3gico para el duelo de rivalidad en mitad de las <a class=\"ft-link ft-link--decoration\" href=\"https:\/\/cartaginesesyromanos.es\/\" target=\"_blank\" rel=\"nofollow noopener\">fiestas de Cartagineses y Romanos<\/a>, uno sin un dominador evidente, pero con m\u00e1s peligro local por la mayor calidad de sus aproximaciones, con m\u00e1s sello de gol que las alicantinas que, o se limitaban a disparos lejanos o no acertaban a encontrar rematador cerca de Lucho Garc\u00eda.<\/p>\n<p class=\"ft-text\">Pero abrirle la puerta al desprop\u00f3sito en este club que ha convertido la desgracia en sello identitario es arriesgarse demasiado. Y justo fue as\u00ed. Primero Samu se dej\u00f3 un bal\u00f3n atr\u00e1s y facilit\u00f3 una contra que<strong> no termin\u00f3 en gol de milagro<\/strong> y, sesenta segundo despu\u00e9s, la inconsistencia en la medular dio pie a la internada de <strong>Perej\u00f3n<\/strong>, incombustible, que tuvo tiempo de levantar la cabeza y ver la entrada en el \u00e1rea del hermano de Juanto. Cualquier otro delantero habr\u00eda querido finalizar la acci\u00f3n, cubrirse de la gloria que le niega su entrenador, pero \u00e9l, reci\u00e9n llegado al partido, con las piernas descansadas y la mente fr\u00eda, opt\u00f3 por descargar atr\u00e1s viendo la llegada de De Blasis.<\/p>\n<p class=\"ft-text\">El argentino, con<strong> 37 a\u00f1os<\/strong> y muchas batallas ganadas, arm\u00f3 la pierna y envi\u00f3 el bal\u00f3n a la escuadra apoy\u00e1ndose en la madera. Otro veterano que recupera s\u00fabitamente su juventud frente al H\u00e9rcules de Torrecilla. Igual es casualidad, pero s\u00ed no lo es, se repite un patr\u00f3n peligroso: <strong>todo el mundo parece mejor de lo que es cuando tiene enfrente a la defensa blanquiazul.<\/strong><\/p>\n<p class=\"ft-text\">Con el \u00abderbi\u00bb languideciendo de alegr\u00eda en la grada visitante, a\u00fan tuvo tiempo el sub-23 Diego G\u00f3mez de redondear la victoria con un disparo franco, seco, cruzado,<strong> justo desde la zona abandonada por Retuerta<\/strong>. Cuando el lateral se marchaba del campo, solo, sin que nadie le arropara ni le diera consuelo<strong>, le dedic\u00f3 una \u00abpeineta\u00bb al p\u00fablico m\u00e1s cercano. <\/strong>Los <a class=\"ft-link ft-link--decoration\" href=\"https:\/\/www.informacion.es\/hercules-cf\/2025\/09\/21\/ruben-torrecilla-cara-tontos-121815888.html\" target=\"_blank\" rel=\"nofollow noopener\">ataques de orgullo<\/a> sirven de poco fuera del c\u00e9sped&#8230; solo para quedar retratado.<\/p>\n<p>FC Cartagena 2 -1 H\u00e9rcules CF<\/p>\n<p class=\"ft-text\"><strong>Ficha t\u00e9cnica<\/strong><\/p>\n<p class=\"ft-text\">\u25ba<strong> CARTAGENA: <\/strong>Lucho; Nacho, Imanol, Rub\u00e9n Serrano, Dani Perej\u00f3n; Fidalgo (Ortu\u00f1o, min. 82), Larrea (Alc\u00e1\u00f1iz, min. 67); Ander Mart\u00edn (Diego G\u00f3mez, min. 67), Redondo (De Blasis, min. 82), Kevin S\u00e1nchez (Nacho S\u00e1nchez, min. 82); Chiki.<\/p>\n<p class=\"ft-text\">\u25ba <strong>H\u00c9RCULES: <\/strong>Carlos Abad; Samu V\u00e1zquez, Sotillos, Retu, Bolo, Javi Jim\u00e9nez; Carlos Rojas (Jeremy de Le\u00f3n, min. 73), Roger Colomina (Mangada, min. 70), Ben Hamed (Ropero, min. 92), Oriol Soldevila y Fran Sol (Slavy, min. 70).<\/p>\n<p class=\"ft-text\">\u25ba<strong> GOLES: <\/strong>0-1, min. 32: <strong>Sotillos<\/strong>. 1-1, min. 38: <strong>Chiki<\/strong>. 2-1, min. 88: <strong>De Blasis<\/strong>.<\/p>\n<p class=\"ft-text\">\u25ba <strong>\u00c1RBITRO:<\/strong> Abraham Dom\u00ednguez Cervantes (M\u00e1laga). Amonest\u00f3 a Nacho Mart\u00ednez y Dani Perej\u00f3n, del Cartagena; y a Sotillos y Retuerta , al que expuls\u00f3 por doble amarilla en el minuto 80), ambos del H\u00e9rcules.<\/p>\n<p class=\"ft-text\">\u25ba<strong> INCIDENCIAS: <\/strong>partido correspondiente a la jornada 4 en Primera RFEF disputado en el estadio de Cartaganova, en Cartagena, con poco m\u00e1s de 7.000 espectadores en la grada, cerca de un millar de ellos desplazados desde Alicante.<\/p>\n<p data-close=\"closedContent\" class=\"subscribeHideForDisplay\">Suscr\u00edbete para seguir leyendo<\/p>\n","protected":false},"excerpt":{"rendered":"Sensaciones, detalles, opiniones&#8230; Lo pueden llamar como quieran, pero en realidad son pifias, falta de control, de dominio&hellip;\n","protected":false},"author":2,"featured_media":130925,"comment_status":"","ping_status":"","sticky":false,"template":"","format":"standard","meta":{"footnotes":""},"categories":[268],"tags":[4995,4616,18861,168,2244,25,24,11220,280,282,7409,7412,531,41948,6958,41949,281,23,167,2393],"class_list":{"0":"post-130924","1":"post","2":"type-post","3":"status-publish","4":"format-standard","5":"has-post-thumbnail","7":"category-futbol","8":"tag-cartagena","9":"tag-clasificacion","10":"tag-consecutiva","11":"tag-deportes","12":"tag-derrota","13":"tag-es","14":"tag-espana","15":"tag-fc-cartagena","16":"tag-football","17":"tag-futbol","18":"tag-hercules","19":"tag-hercules-cf","20":"tag-once","21":"tag-placer","22":"tag-primera-rfef","23":"tag-ruben-torrecilla","24":"tag-soccer","25":"tag-spain","26":"tag-sports","27":"tag-tercera"},"share_on_mastodon":{"url":"","error":""},"_links":{"self":[{"href":"https:\/\/www.europesays.com\/es\/wp-json\/wp\/v2\/posts\/130924","targetHints":{"allow":["GET"]}}],"collection":[{"href":"https:\/\/www.europesays.com\/es\/wp-json\/wp\/v2\/posts"}],"about":[{"href":"https:\/\/www.europesays.com\/es\/wp-json\/wp\/v2\/types\/post"}],"author":[{"embeddable":true,"href":"https:\/\/www.europesays.com\/es\/wp-json\/wp\/v2\/users\/2"}],"replies":[{"embeddable":true,"href":"https:\/\/www.europesays.com\/es\/wp-json\/wp\/v2\/comments?post=130924"}],"version-history":[{"count":0,"href":"https:\/\/www.europesays.com\/es\/wp-json\/wp\/v2\/posts\/130924\/revisions"}],"wp:featuredmedia":[{"embeddable":true,"href":"https:\/\/www.europesays.com\/es\/wp-json\/wp\/v2\/media\/130925"}],"wp:attachment":[{"href":"https:\/\/www.europesays.com\/es\/wp-json\/wp\/v2\/media?parent=130924"}],"wp:term":[{"taxonomy":"category","embeddable":true,"href":"https:\/\/www.europesays.com\/es\/wp-json\/wp\/v2\/categories?post=130924"},{"taxonomy":"post_tag","embeddable":true,"href":"https:\/\/www.europesays.com\/es\/wp-json\/wp\/v2\/tags?post=130924"}],"curies":[{"name":"wp","href":"https:\/\/api.w.org\/{rel}","templated":true}]}}