{"id":130926,"date":"2025-09-22T03:36:12","date_gmt":"2025-09-22T03:36:12","guid":{"rendered":"https:\/\/www.europesays.com\/es\/130926\/"},"modified":"2025-09-22T03:36:12","modified_gmt":"2025-09-22T03:36:12","slug":"el-sobrino-de-kate-middleton-cumple-2-anos-y-la-foto-para-celebrarlo-no-puede-ser-mas-tierna","status":"publish","type":"post","link":"https:\/\/www.europesays.com\/es\/130926\/","title":{"rendered":"El sobrino de Kate Middleton cumple 2 a\u00f1os y la foto para celebrarlo no puede ser m\u00e1s tierna"},"content":{"rendered":"<p id=\"ezdyYnBxg5\" data-wc=\"81\">Lleg\u00f3 al mundo un 21 de septiembre de hace justo dos a\u00f1os, en un d\u00eda que cambi\u00f3 para siempre sus vidas. Hablamos del <strong>hijo de James Middleton, sobrino de la princesa Kate<\/strong>, quien este domingo sopla las velas de la tarta y recibe -como no pod\u00eda ser de otra forma- el amor incondicional de su familia. Fecha marcada en rojo en el calendario que el orgulloso pap\u00e1 celebraba con un fotograf\u00eda que, a la vista est\u00e1, no puede ser m\u00e1s adorable.<\/p>\n<p> <img src=\"https:\/\/www.europesays.com\/es\/wp-content\/uploads\/2025\/09\/0887a979b401-55166684319128327574020807768031855401162122n.jpg\"   width=\"768\" height=\"1024\" loading=\"lazy\" decoding=\"async\" alt=\"Media Image\" fetchpriority=\"auto\" class=\"image ho-image\"\/>\u00a9 jmidy<\/p>\n<p id=\"eB7naLoRg8\" data-wc=\"78\"><strong>\u00abTe queremos tanto como t\u00fa a Mabel&#8230; y eso es mucho\u00bb,<\/strong> le dec\u00eda a su reto\u00f1o el cu\u00f1ado del pr\u00edncipe Guillermo, en alusi\u00f3n al tierno abrazo que el peque\u00f1o Inigo le da en ese momento a su preciosa golden retriever. Todo ello, adem\u00e1s, en una m\u00e1gico entorno de verde naturaleza. De hecho, aprovechando que al fondo se divisa un bonito arco\u00edris, el empresario a\u00f1ad\u00eda lo siguiente de forma conmovedora: <strong>\u00abElla tambi\u00e9n te est\u00e1 saludando hoy\u00bb (desde el cielo)<\/strong>.<\/p>\n<p id=\"e1yS2k7r-3_\" data-wc=\"75\">Se refer\u00eda as\u00ed el hermano de Kate Middleton a <strong>su otra perra ya fallecida<\/strong>, que se llamaba Ella, una cocker spaniel que les dej\u00f3 en enero de 2023. La instant\u00e1nea, adem\u00e1s de todo el sentimiento que transmite, es profundamente bella. Tiene un colorido majestuoso a pesar del cielo nublado que hay en parte, ya que a los dos protagonistas de la escena los ilumina el sol como si de un foco de luz se tratase.<\/p>\n<p> <img src=\"https:\/\/www.europesays.com\/es\/wp-content\/uploads\/2025\/09\/9f8e3e481b93-ella.jpg\"   width=\"1024\" height=\"682\" loading=\"lazy\" decoding=\"async\" alt=\"Media Image\" fetchpriority=\"auto\" class=\"image ho-image\"\/>\u00a9 jmidy<\/p>\n<p id=\"ec9CPja5VKw\" data-wc=\"96\">El primo de los pr\u00edncipes George, Charlotte y Louis, por su parte, luce un pantal\u00f3n corto azul y camiseta a juego, adem\u00e1s de calcetines a rayas, en una foto que parece haber sido tomada cerca de la casa de campo donde viven en Berkshire. Otra lectura que nos deja esa estampa es el amor por los animales que James ha inculcado a su reto\u00f1o, algo que \u00e9l tiene muy presente en su d\u00eda a d\u00eda. Sobre todo despu\u00e9s de reconocer hace un tiempo que su fiel compa\u00f1era <strong>\u00abme salv\u00f3 la vida tras sufrir una depresi\u00f3n\u00bb,<\/strong> cont\u00f3.<\/p>\n<p id=\"ecgP2_W2Jjj\" data-wc=\"83\">Est\u00e1 siendo un mes de celebraciones para Middleton (38 a\u00f1os) y sus seres queridos, puesto que hace poco m\u00e1s de una semana les toc\u00f3 festejar el <a class=\"hm-link ho-link\" href=\"https:\/\/www.hola.com\/actualidad\/20250912855415\/james-middleton-abre-album-boda-celebrar-aniversario-alizee-thevenet\/\" data-mrf-recirculation=\"article-body-link\" rel=\"nofollow noopener\" target=\"_blank\">cuarto aniversario de su boda<\/a> con Aliz\u00e9e Thevenet (35). \u00a0Su historia de amor comenz\u00f3 en 2018 y llevaron su relaci\u00f3n con mucha discreci\u00f3n, completamente alejada de los focos, hasta que en 2021 pasaron el altar no sin antes tener que posponer la fecha de su enlace -hasta en dos ocasiones- a causa de la pandemia del covid.<\/p>\n<p> <img src=\"https:\/\/www.europesays.com\/es\/wp-content\/uploads\/2025\/09\/c187c58bfbf1-544106472191266393840208075781820981954632572n.jpg\"   width=\"768\" height=\"1024\" loading=\"lazy\" decoding=\"async\" alt=\"Media Image\" fetchpriority=\"auto\" class=\"image ho-image\"\/>\u00a9 jmidy<\/p>\n<p id=\"eeH55eDIJ5\" data-wc=\"68\">Para el &#8216;s\u00ed, quiero&#8217; eligieron la Provenza como escenario, concretamente el pueblo natal de la novia llamado Bormes-les-Mimosas, con una ceremonia \u00edntima que tuvo entonces a<strong>\u00a0los pr\u00edncipes de Gales<\/strong> entre sus invitados (adem\u00e1s de Pippa Middleton, la mediana de los tres hermanos). Posteriormente, el matrimonio dar\u00eda la bienvenida a su primog\u00e9nito, Inigo Gabriel Middleton, cuyo nombre fue elegido en homenaje al padre de la analista financiera francesa.<\/p>\n","protected":false},"excerpt":{"rendered":"Lleg\u00f3 al mundo un 21 de septiembre de hace justo dos a\u00f1os, en un d\u00eda que cambi\u00f3 para&hellip;\n","protected":false},"author":2,"featured_media":130927,"comment_status":"","ping_status":"","sticky":false,"template":"","format":"standard","meta":{"footnotes":""},"categories":[174],"tags":[517,255,146,147,25,24,256,18700,23],"class_list":{"0":"post-130926","1":"post","2":"type-post","3":"status-publish","4":"format-standard","5":"has-post-thumbnail","7":"category-famosos","8":"tag-actualidad","9":"tag-celebrities","10":"tag-entertainment","11":"tag-entretenimiento","12":"tag-es","13":"tag-espana","14":"tag-famosos","15":"tag-kate-middleton","16":"tag-spain"},"share_on_mastodon":{"url":"","error":""},"_links":{"self":[{"href":"https:\/\/www.europesays.com\/es\/wp-json\/wp\/v2\/posts\/130926","targetHints":{"allow":["GET"]}}],"collection":[{"href":"https:\/\/www.europesays.com\/es\/wp-json\/wp\/v2\/posts"}],"about":[{"href":"https:\/\/www.europesays.com\/es\/wp-json\/wp\/v2\/types\/post"}],"author":[{"embeddable":true,"href":"https:\/\/www.europesays.com\/es\/wp-json\/wp\/v2\/users\/2"}],"replies":[{"embeddable":true,"href":"https:\/\/www.europesays.com\/es\/wp-json\/wp\/v2\/comments?post=130926"}],"version-history":[{"count":0,"href":"https:\/\/www.europesays.com\/es\/wp-json\/wp\/v2\/posts\/130926\/revisions"}],"wp:featuredmedia":[{"embeddable":true,"href":"https:\/\/www.europesays.com\/es\/wp-json\/wp\/v2\/media\/130927"}],"wp:attachment":[{"href":"https:\/\/www.europesays.com\/es\/wp-json\/wp\/v2\/media?parent=130926"}],"wp:term":[{"taxonomy":"category","embeddable":true,"href":"https:\/\/www.europesays.com\/es\/wp-json\/wp\/v2\/categories?post=130926"},{"taxonomy":"post_tag","embeddable":true,"href":"https:\/\/www.europesays.com\/es\/wp-json\/wp\/v2\/tags?post=130926"}],"curies":[{"name":"wp","href":"https:\/\/api.w.org\/{rel}","templated":true}]}}