{"id":130928,"date":"2025-09-22T03:37:26","date_gmt":"2025-09-22T03:37:26","guid":{"rendered":"https:\/\/www.europesays.com\/es\/130928\/"},"modified":"2025-09-22T03:37:26","modified_gmt":"2025-09-22T03:37:26","slug":"el-museo-del-prado-colabora-con-el-palacio-de-versalles-en-una-exposicion-sobre-el-gran-delfin-el-hijo-de-luis-xiv-que-nunca-reino","status":"publish","type":"post","link":"https:\/\/www.europesays.com\/es\/130928\/","title":{"rendered":"El Museo del Prado colabora con el palacio de Versalles en una exposici\u00f3n sobre El Gran Delf\u00edn, el hijo de Luis XIV que nunca rein\u00f3"},"content":{"rendered":"<p class=\"c-paragraph\">El Museo Nacional del Prado participar\u00e1 en la exposici\u00f3n Le Grand Dauphin, (el gran delf\u00edn, como se llamaba a Luis de Francia, hijo de Luis XIV que nunca rein\u00f3) organizada por el Palacio de Versalles del 14 de octubre de 2025 al 15 de febrero de 2026. La pinacoteca madrile\u00f1a presta un conjunto \u00abexcepcional\u00bb de piezas del tesoro del Delf\u00edn y <b>varios retratos de la familia Borb\u00f3n.<\/b><\/p>\n<p class=\"c-paragraph\">La muestra, de car\u00e1cter monogr\u00e1fico, plantea redescubrir la figura de Luis de Francia, hijo de Luis XIV y <b>padre de Felipe V,<\/b> a trav\u00e9s de su faceta como coleccionista y mecenas.<\/p>\n<p class=\"c-paragraph\">El Prado, que conserva <b>la colecci\u00f3n m\u00e1s relevante de su tesoro<\/b>, contribuye con este pr\u00e9stamo a contextualizar y dar a conocer una de las colecciones m\u00e1s singulares de Europa.<\/p>\n<p class=\"c-paragraph\">La muestra, de car\u00e1cter monogr\u00e1fico, plantea redescubrir la figura de Luis de Francia a trav\u00e9s de su faceta como coleccionista y mecenas. Los retratos que cede El Prado son: Luis de Francia, el Gran Delf\u00edn de Jean Nocret, restaurado especialmente para la exposici\u00f3n y que representa al Delf\u00edn en su bautismo, junto a Mar\u00eda Teresa de Francia, del mismo autor. Y la reina Mar\u00eda Teresa de Austria y el Gran Delf\u00edn de Francia y Luis de Francia, el Gran Delf\u00edn, padre de Felipe V, <b>ambos de Charles y Henri Beaubrun.<\/b><\/p>\n<p class=\"c-paragraph\">La pinacoteca prestar\u00e1 un conjunto de piezas del tesoro del Delf\u00edn, entre ellas <b>el vaso oriental de jade con pie de plata dorada<\/b> (siglo XVII), la bandeja oval de heliotropo con ret\u00edcula octogonal y el jarro de pico de heliotropo del taller de los Miseroni, junto a varios estuches originales que se conservan \u00fanicamente en esta instituci\u00f3n y constituyen un ejemplo \u00fanico en el mundo.\u00a0<\/p>\n<p class=\"c-paragraph\">Estas obras reflejan el gusto <b>refinado y el coleccionismo de lujo del Delf\u00edn,<\/b> que reuni\u00f3 objetos \u00fanicos de cristal de roca, jade, lapisl\u00e1zuli y metales preciosos. Luis fue hijo de rey, padre de rey y nunca rey.<\/p>\n","protected":false},"excerpt":{"rendered":"El Museo Nacional del Prado participar\u00e1 en la exposici\u00f3n Le Grand Dauphin, (el gran delf\u00edn, como se llamaba&hellip;\n","protected":false},"author":2,"featured_media":130929,"comment_status":"","ping_status":"","sticky":false,"template":"","format":"standard","meta":{"footnotes":""},"categories":[173],"tags":[229,233,231,230,41950,24171,232,234,146,147,25,24,470,6481,16126,23],"class_list":{"0":"post-130928","1":"post","2":"type-post","3":"status-publish","4":"format-standard","5":"has-post-thumbnail","7":"category-arte-y-diseno","8":"tag-arte","9":"tag-arte-y-diseno","10":"tag-arts","11":"tag-arts-and-design","12":"tag-colaborara","13":"tag-con","14":"tag-design","15":"tag-diseno","16":"tag-entertainment","17":"tag-entretenimiento","18":"tag-es","19":"tag-espana","20":"tag-museo","21":"tag-palacio","22":"tag-prado","23":"tag-spain"},"share_on_mastodon":{"url":"","error":""},"_links":{"self":[{"href":"https:\/\/www.europesays.com\/es\/wp-json\/wp\/v2\/posts\/130928","targetHints":{"allow":["GET"]}}],"collection":[{"href":"https:\/\/www.europesays.com\/es\/wp-json\/wp\/v2\/posts"}],"about":[{"href":"https:\/\/www.europesays.com\/es\/wp-json\/wp\/v2\/types\/post"}],"author":[{"embeddable":true,"href":"https:\/\/www.europesays.com\/es\/wp-json\/wp\/v2\/users\/2"}],"replies":[{"embeddable":true,"href":"https:\/\/www.europesays.com\/es\/wp-json\/wp\/v2\/comments?post=130928"}],"version-history":[{"count":0,"href":"https:\/\/www.europesays.com\/es\/wp-json\/wp\/v2\/posts\/130928\/revisions"}],"wp:featuredmedia":[{"embeddable":true,"href":"https:\/\/www.europesays.com\/es\/wp-json\/wp\/v2\/media\/130929"}],"wp:attachment":[{"href":"https:\/\/www.europesays.com\/es\/wp-json\/wp\/v2\/media?parent=130928"}],"wp:term":[{"taxonomy":"category","embeddable":true,"href":"https:\/\/www.europesays.com\/es\/wp-json\/wp\/v2\/categories?post=130928"},{"taxonomy":"post_tag","embeddable":true,"href":"https:\/\/www.europesays.com\/es\/wp-json\/wp\/v2\/tags?post=130928"}],"curies":[{"name":"wp","href":"https:\/\/api.w.org\/{rel}","templated":true}]}}