{"id":130936,"date":"2025-09-22T03:41:18","date_gmt":"2025-09-22T03:41:18","guid":{"rendered":"https:\/\/www.europesays.com\/es\/130936\/"},"modified":"2025-09-22T03:41:18","modified_gmt":"2025-09-22T03:41:18","slug":"paul-urkijo-busca-llenar-el-kursaal-de-seres-de-la-noche","status":"publish","type":"post","link":"https:\/\/www.europesays.com\/es\/130936\/","title":{"rendered":"Paul Urkijo busca llenar el Kursaal de seres de la noche"},"content":{"rendered":"<p>\n        Paul Urkijo quiere volver a hacerse con la complicidad del p\u00fablico en la Semana de Cine Fant\u00e1stico y de Terror de Donostia. Despu\u00e9s de haberse hecho con el premio que concede el respetable con sus dos primeros largometrajes, Errementari e Irati, <strong>el cineasta alav\u00e9s busca la triple corona con Gaua,<\/strong> su acercamiento a la mitolog\u00eda vasca nocturna, que se proyectar\u00e1 en la sesi\u00f3n inaugural del encuentro cinematogr\u00e1fico. Con Irati en 2022 el Victoria Eugenia se le qued\u00f3 peque\u00f1o \u2013tuvieron que programarse dos sesiones ante la demanda de entradas\u2013, as\u00ed que ahora el reto ser\u00e1 el de llenar el pr\u00f3ximo 31 de octubre las 1.800 localidades del auditorio del Kursaal, un espacio que la Semana de Terror ya hab\u00eda utilizado con anterioridad, <strong>por ejemplo en 2007, cuando se proyect\u00f3 aquel boom del g\u00e9nero que fue REC, de Paco Plaza.<\/strong>\n<\/p>\n<p class=\"article-body__text \">\n        Antes de competir en Donostia, Gaua, protagonizada por Yune Nogueiras, Elena Irureta, Ane Gabarain e I\u00f1ake Irastorza, <strong>se ver\u00e1 en la Secci\u00f3n Oficial del Festival Internacional de Cine Fant\u00e1stico de Sitges.<\/strong> Tras su paso por la Semana, el largometraje se estrenar\u00e1 el 14 de noviembre en el circuito comercial.\n<\/p>\n<p>            <a href=\"https:\/\/www.noticiasdealava.eus\/cultura\/2025\/09\/16\/gaua-nuevo-filme-paul-urkijo-10090358.html\" title=\"&#039;Gaua&#039;, el nuevo filme de Paul Urkijo, abrir\u00e1 la 36 Semana de Cine de Terror de Donostia\" class=\"new__media\" rel=\"nofollow noopener\" target=\"_blank\"><\/p>\n<p>                <img alt=\"'Gaua', el nuevo filme de Paul Urkijo, abrir\u00e1 la 36 Semana de Cine de Terror de Donostia\" data-src=\"https:\/\/www.europesays.com\/es\/wp-content\/uploads\/2025\/09\/3c58c38b-f8c6-41c3-8708-a433b10b7c72_16-9-aspect-ratio_default_0_x4171y2201.jpg\" class=\"lozad\"\/><\/p>\n<p>        <\/a><\/p>\n<p>        <a href=\"https:\/\/www.noticiasdealava.eus\/cultura\/2025\/09\/16\/gaua-nuevo-filme-paul-urkijo-10090358.html\" title=\"&#039;Gaua&#039;, el nuevo filme de Paul Urkijo, abrir\u00e1 la 36 Semana de Cine de Terror de Donostia\" class=\"new__headline\" rel=\"nofollow noopener\" target=\"_blank\"><br \/>\n            &#8216;Gaua&#8217;, el nuevo filme de Paul Urkijo, abrir\u00e1 la 36 Semana de Cine de Terror de Donostia<br \/>\n        <\/a><\/p>\n<p class=\"article-body__text \">\n        En esta ocasi\u00f3n, Urkijo vuelve a explorar la mitolog\u00eda vasca, en concreto, aquella que tiene que ver la noche. Ambientada en las monta\u00f1as vascas del siglo XVII, la historia se enmarca en la \u00e9poca de la caza de brujas. Kattalin (Nogueras) huye de su marido y en la negrura del bosque <strong>se encuentra con tres ancianas que comparten cuentos de miedo y habladur\u00edas del pueblo.<\/strong>\n<\/p>\n<p>  <strong>Adelanto de la programaci\u00f3n <\/strong><\/p>\n<p class=\"article-body__text \">\n        La 36\u00aa Semana de Cine Fant\u00e1stico y de Terror se desarrollar\u00e1 este a\u00f1o entre el 31 de octubre y el 7 de noviembre, principalmente, en los teatros Principal y Victoria Eugenia. La organizaci\u00f3n present\u00f3 ayer un adelanto de la programaci\u00f3n, <strong>en la que tambi\u00e9n se ha incluido otra cinta vasca:<\/strong> Decorado, la nueva pel\u00edcula del director de Unicorn Wars, Alberto V\u00e1zquez, y desarrollada por el estudio de animaci\u00f3n vizca\u00edno UniKo. No ser\u00e1 la \u00fanica cinta de animaci\u00f3n de esta edici\u00f3n, dado que la Semana tambi\u00e9n ha programado Dog of god, dirigida por Raitis y Lauris \u00c4bele, desarrollada con la t\u00e9cnica de la rotoscopia y ambientada en la Letonia de la Edad Media.\n<\/p>\n<p class=\"article-body__text \">\n        Asimismo, sobresale en el adelanto de la programaci\u00f3n la nueva versi\u00f3n de Dr\u00e1cula, que ha dirigido Luc Besson, responsable de Le\u00f3n, el profesional o El quinto elemento. Protagonizada por Caleb Landry Jones, Zo\u00eb Bleu Sidel y Christoph Waltz,<strong> se trata de una nueva versi\u00f3n del cl\u00e1sico vamp\u00edrico de Bram Stoker.<\/strong>\n<\/p>\n<p>            <a href=\"https:\/\/www.noticiasdealava.eus\/cultura\/2025\/07\/16\/gaua-nueva-pelicula-paul-urkijo-cine-director-vitoria-gasteiz-alava-araba-9887594.html\" title=\"&#039;Gaua&#039;, la nueva pel\u00edcula de Paul Urkijo, se estrenar\u00e1 en Sitges\" class=\"new__media\" rel=\"nofollow noopener\" target=\"_blank\"><\/p>\n<p>                <img alt=\"'Gaua', la nueva pel\u00edcula de Paul Urkijo, se estrenar\u00e1 en Sitges\" data-src=\"https:\/\/www.europesays.com\/es\/wp-content\/uploads\/2025\/09\/4849dd65-3713-4f40-b6f3-41576cbb95aa_16-9-aspect-ratio_default_0_x1617y759.jpg\" class=\"lozad\"\/><\/p>\n<p>        <\/a><\/p>\n<p>        <a href=\"https:\/\/www.noticiasdealava.eus\/cultura\/2025\/07\/16\/gaua-nueva-pelicula-paul-urkijo-cine-director-vitoria-gasteiz-alava-araba-9887594.html\" title=\"&#039;Gaua&#039;, la nueva pel\u00edcula de Paul Urkijo, se estrenar\u00e1 en Sitges\" class=\"new__headline\" rel=\"nofollow noopener\" target=\"_blank\"><br \/>\n            &#8216;Gaua&#8217;, la nueva pel\u00edcula de Paul Urkijo, se estrenar\u00e1 en Sitges<br \/>\n        <\/a><\/p>\n<p class=\"article-body__text \">\n        Siguiendo con el cine protagonizado por seres de otro mundo, competir\u00e1 en la Secci\u00f3n Oficial The Creeps, del finland\u00e9s Marko M\u00e4kilaakso, una pel\u00edcula con un aire gamberro sobre unos seres de otro mundo que estropean un viaje estudiantil que promet\u00eda ser puro desenfreno.\n<\/p>\n<p class=\"article-body__text \">\n        En el plano de la brujer\u00eda y la caballer\u00eda, Steve Kostanski presentar\u00e1 Deatstalker, un remake del cl\u00e1sico de Roger Corman, <strong>que se suma en esta categor\u00eda a la ya citada Dog of god.<\/strong> La magia, adem\u00e1s de en Gaua, tambi\u00e9n hechizar\u00e1 al p\u00fablico en pel\u00edculas como Que ma volont\u00e9 soit faite, de Julia Kowalski, sobre una joven que hereda los poderes de su madre, y La virgen de la tosquera, que adapta varios relatos de Mariana Enriquez.\n<\/p>\n<p class=\"article-body__text \">\n        El cine de fantasmas, esp\u00edritus y posesiones se ver\u00e1 representado por The curse, de Kenichi Ugana, sobre una joven que ve c\u00f3mo las redes sociales de una amiga fallecida siguen actualiz\u00e1ndose de forma misteriosa; por Un fantasma \u00fatil, de Ratchapoom Boonbunchachoke, que cuenta la historia de amor entre un viudo y la aspiradora en la que se reencarna su esposa fallecida; y por OTHER, protagonizada por Olga Kurylenko,<strong> en el papel de una hija que vuelve a la casa de su difunta madre, hogar en el que presiente una extra\u00f1a figura que la acecha.<\/strong>\n<\/p>\n<p>            <a href=\"https:\/\/www.noticiasdealava.eus\/cultura\/2025\/02\/10\/paul-urkijo-promete-gaua-nueva-rodaje-9263678.html\" title=\"Paul Urkijo promete que \u2018Gaua\u2019, su nueva pel\u00edcula en euskera, ser\u00e1 igual de ambiciosa que \u2018Irati\u2019\" class=\"new__media\" rel=\"nofollow noopener\" target=\"_blank\"><\/p>\n<p>                <img alt=\"Paul Urkijo promete que \u2018Gaua\u2019, su nueva pel\u00edcula en euskera, ser\u00e1 igual de ambiciosa que \u2018Irati\u2019\" data-src=\"https:\/\/www.europesays.com\/es\/wp-content\/uploads\/2025\/09\/d870af7b-7a24-4489-a4d5-b6a6a6cec417_16-9-aspect-ratio_default_0.jpg\" class=\"lozad\"\/><\/p>\n<p>        <\/a><\/p>\n<p>        <a href=\"https:\/\/www.noticiasdealava.eus\/cultura\/2025\/02\/10\/paul-urkijo-promete-gaua-nueva-rodaje-9263678.html\" title=\"Paul Urkijo promete que \u2018Gaua\u2019, su nueva pel\u00edcula en euskera, ser\u00e1 igual de ambiciosa que \u2018Irati\u2019\" class=\"new__headline\" rel=\"nofollow noopener\" target=\"_blank\"><br \/>\n            Paul Urkijo promete que \u2018Gaua\u2019, su nueva pel\u00edcula en euskera, ser\u00e1 igual de ambiciosa que \u2018Irati\u2019<br \/>\n        <\/a><\/p>\n<p class=\"article-body__text \">\n        El adelanto de la Semana se completa con Redux Redux, de Kevin McManus, una historia de venganza a trav\u00e9s de universos paralelos.\n<\/p>\n<p class=\"article-body__text \">\n        Los abonos <strong>se pondr\u00e1n a la venta el 23 de septiembre a las 9.00 horas en el teatro Principal<\/strong>, mientras que las entradas sueltas estar\u00e1n disponibles cuatro d\u00edas despu\u00e9s en las taquillas del Principal y del Victoria Eugenia y en la web de Donostia Kultura.\u200a<\/p>\n","protected":false},"excerpt":{"rendered":"Paul Urkijo quiere volver a hacerse con la complicidad del p\u00fablico en la Semana de Cine Fant\u00e1stico y&hellip;\n","protected":false},"author":2,"featured_media":130937,"comment_status":"","ping_status":"","sticky":false,"template":"","format":"standard","meta":{"footnotes":""},"categories":[169],"tags":[331,177,146,147,25,24,176,41952,17825,175,9359,23,41951],"class_list":{"0":"post-130936","1":"post","2":"type-post","3":"status-publish","4":"format-standard","5":"has-post-thumbnail","7":"category-cine","8":"tag-busca","9":"tag-cine","10":"tag-entertainment","11":"tag-entretenimiento","12":"tag-es","13":"tag-espana","14":"tag-film","15":"tag-kursaal","16":"tag-llenar","17":"tag-movies","18":"tag-paul","19":"tag-spain","20":"tag-urkijo"},"share_on_mastodon":{"url":"","error":""},"_links":{"self":[{"href":"https:\/\/www.europesays.com\/es\/wp-json\/wp\/v2\/posts\/130936","targetHints":{"allow":["GET"]}}],"collection":[{"href":"https:\/\/www.europesays.com\/es\/wp-json\/wp\/v2\/posts"}],"about":[{"href":"https:\/\/www.europesays.com\/es\/wp-json\/wp\/v2\/types\/post"}],"author":[{"embeddable":true,"href":"https:\/\/www.europesays.com\/es\/wp-json\/wp\/v2\/users\/2"}],"replies":[{"embeddable":true,"href":"https:\/\/www.europesays.com\/es\/wp-json\/wp\/v2\/comments?post=130936"}],"version-history":[{"count":0,"href":"https:\/\/www.europesays.com\/es\/wp-json\/wp\/v2\/posts\/130936\/revisions"}],"wp:featuredmedia":[{"embeddable":true,"href":"https:\/\/www.europesays.com\/es\/wp-json\/wp\/v2\/media\/130937"}],"wp:attachment":[{"href":"https:\/\/www.europesays.com\/es\/wp-json\/wp\/v2\/media?parent=130936"}],"wp:term":[{"taxonomy":"category","embeddable":true,"href":"https:\/\/www.europesays.com\/es\/wp-json\/wp\/v2\/categories?post=130936"},{"taxonomy":"post_tag","embeddable":true,"href":"https:\/\/www.europesays.com\/es\/wp-json\/wp\/v2\/tags?post=130936"}],"curies":[{"name":"wp","href":"https:\/\/api.w.org\/{rel}","templated":true}]}}