{"id":130938,"date":"2025-09-22T03:42:08","date_gmt":"2025-09-22T03:42:08","guid":{"rendered":"https:\/\/www.europesays.com\/es\/130938\/"},"modified":"2025-09-22T03:42:08","modified_gmt":"2025-09-22T03:42:08","slug":"la-diferencia-en-los-estilos-son-mil-millones-de-diferencia","status":"publish","type":"post","link":"https:\/\/www.europesays.com\/es\/130938\/","title":{"rendered":"La diferencia en los estilos son mil millones de diferencia"},"content":{"rendered":"<p data-mrf-recirculation=\"Links P\u00e1rrafos\" class=\"ue-c-article__paragraph paragraph ue-c-article--first-letter-highlighted\">Jos\u00e9 Bordal\u00e1s analiz\u00f3 al t\u00e9rmino del partido la derrota frente al FC Barcelona que deja a los azulones con nueve puntos de los quince posibles, datos que reflejan pese a ello el buen inicio azul\u00f3n, que ya mira a la doble cita en el Coliseum de esta semana.<\/p>\n<p>Derrota<\/p>\n<p data-mrf-recirculation=\"Links P\u00e1rrafos\" class=\"ue-c-article__paragraph paragraph\">\u201cEstoy bien, sab\u00edamos que era de los m\u00e1s dif\u00edciles. En los momentos m\u00e1s importantes ellos eran superiores y hemos perdido un partido que entra dentro de lo normal\u201d.<\/p>\n<p>Dificultad del Bar\u00e7a<\/p>\n<p data-mrf-recirculation=\"Links P\u00e1rrafos\" class=\"ue-c-article__paragraph paragraph\">\u201cEs dif\u00edcil, como sab\u00e9is he o\u00eddo hablar en la previa de duelo de estilos. El estilo son millones de diferencias. Ellos tienen dos jugadores por puesto de nivel, pueden combinar, jugar a espacios, como quieren y con el dibujo que quieran. Nosotros estamos muy limitados, hacemos lo que podemos\u201d.<\/p>\n<p>Arbitraje<\/p>\n<p data-mrf-recirculation=\"Links P\u00e1rrafos\" class=\"ue-c-article__paragraph paragraph\">\u201cA nosotros nos hab\u00edan sacado una tarjeta, le da un empuj\u00f3n, esas acciones se sancionan con amarilla\u201d.<\/p>\n<p>Tres partidos en seis d\u00edas<\/p>\n<p data-mrf-recirculation=\"Links P\u00e1rrafos\" class=\"ue-c-article__paragraph paragraph\">\u201cNosotros estamos pensando ya en el mi\u00e9rcoles, que es el partido m\u00e1s importante, estamos con la mente en ese partido. Es dif\u00edcil porque tenemos una plantilla corta, seis fichas libres, mucho chico joven y falta de experiencia en el f\u00fatbol profesional. Tampoco quer\u00edamos un resultado muy abultado como le pas\u00f3 al Valencia\u201d.<\/p>\n<p>Defensa de cinco<\/p>\n<p data-mrf-recirculation=\"Links P\u00e1rrafos\" class=\"ue-c-article__paragraph paragraph\">\u201cTiene que ver con las circunstancias de la plantilla, nos tenemos que adaptar, este a\u00f1o desafortunadamente el club est\u00e1 en la situaci\u00f3n que est\u00e1\u201d.<\/p>\n<p>Liso y la amenaza de la RFEF<\/p>\n<p data-mrf-recirculation=\"Links P\u00e1rrafos\" class=\"ue-c-article__paragraph paragraph\">\u201cNo lo s\u00e9, es un tema de club, estoy centrado en entrenar, todav\u00eda no s\u00e9 si se marcha o no, me lo dir\u00e1n en el d\u00eda de hoy o ma\u00f1ana\u201d.<\/p>\n<p>Nyom<\/p>\n<p data-mrf-recirculation=\"Links P\u00e1rrafos\" class=\"ue-c-article__paragraph paragraph\">\u201cLo que coment\u00e1bamos, tenemos una gran falta de efectivos. Estuvo entrenando \u00fanica y exclusivamente. Nos lo pidi\u00f3, es un chico que suma, tiene experiencia. En el d\u00eda a d\u00eda es un jugador muy positivo\u201d.<\/p>\n","protected":false},"excerpt":{"rendered":"Jos\u00e9 Bordal\u00e1s analiz\u00f3 al t\u00e9rmino del partido la derrota frente al FC Barcelona que deja a los azulones&hellip;\n","protected":false},"author":2,"featured_media":130939,"comment_status":"","ping_status":"","sticky":false,"template":"","format":"standard","meta":{"footnotes":""},"categories":[93],"tags":[168,25,24,23,167],"class_list":{"0":"post-130938","1":"post","2":"type-post","3":"status-publish","4":"format-standard","5":"has-post-thumbnail","7":"category-deportes","8":"tag-deportes","9":"tag-es","10":"tag-espana","11":"tag-spain","12":"tag-sports"},"share_on_mastodon":{"url":"","error":""},"_links":{"self":[{"href":"https:\/\/www.europesays.com\/es\/wp-json\/wp\/v2\/posts\/130938","targetHints":{"allow":["GET"]}}],"collection":[{"href":"https:\/\/www.europesays.com\/es\/wp-json\/wp\/v2\/posts"}],"about":[{"href":"https:\/\/www.europesays.com\/es\/wp-json\/wp\/v2\/types\/post"}],"author":[{"embeddable":true,"href":"https:\/\/www.europesays.com\/es\/wp-json\/wp\/v2\/users\/2"}],"replies":[{"embeddable":true,"href":"https:\/\/www.europesays.com\/es\/wp-json\/wp\/v2\/comments?post=130938"}],"version-history":[{"count":0,"href":"https:\/\/www.europesays.com\/es\/wp-json\/wp\/v2\/posts\/130938\/revisions"}],"wp:featuredmedia":[{"embeddable":true,"href":"https:\/\/www.europesays.com\/es\/wp-json\/wp\/v2\/media\/130939"}],"wp:attachment":[{"href":"https:\/\/www.europesays.com\/es\/wp-json\/wp\/v2\/media?parent=130938"}],"wp:term":[{"taxonomy":"category","embeddable":true,"href":"https:\/\/www.europesays.com\/es\/wp-json\/wp\/v2\/categories?post=130938"},{"taxonomy":"post_tag","embeddable":true,"href":"https:\/\/www.europesays.com\/es\/wp-json\/wp\/v2\/tags?post=130938"}],"curies":[{"name":"wp","href":"https:\/\/api.w.org\/{rel}","templated":true}]}}