{"id":130940,"date":"2025-09-22T03:43:08","date_gmt":"2025-09-22T03:43:08","guid":{"rendered":"https:\/\/www.europesays.com\/es\/130940\/"},"modified":"2025-09-22T03:43:08","modified_gmt":"2025-09-22T03:43:08","slug":"dos-realidades-que-se-retroalimentan","status":"publish","type":"post","link":"https:\/\/www.europesays.com\/es\/130940\/","title":{"rendered":"dos realidades que se retroalimentan"},"content":{"rendered":"<p>En las sociedades occidentales, el deterioro cognitivo se ha convertido en apenas unas d\u00e9cadas en una presencia silenciosa, pero creciente y preocupante. No hace falta ir muy lejos para toparse con alguien que convive con un familiar afectado por alzh\u00e9imer, demencia o p\u00e1rkinson. Lo que antes eran casos aislados, <strong>hoy conforman una realidad cotidiana<\/strong>. Y, sin embargo, a\u00fan cuesta mirar de frente todo lo que implica perder la memoria, el juicio o la capacidad de reconocerse en lo m\u00e1s esencial.<\/p>\n<p>El cerebro humano, como una maquinaria compleja y delicada, envejece de forma desigual. A veces, el declive es tan lento que apenas se nota; otras, avanza sin frenos. <strong>Los especialistas coinciden en que no hay una sola causa que lo explique<\/strong>. <a href=\"https:\/\/pmc.ncbi.nlm.nih.gov\/articles\/PMC6873779\/\" rel=\"nofollow noopener\" target=\"_blank\">Gen\u00e9tica<\/a>, salud vascular, <a href=\"https:\/\/jamanetwork.com\/journals\/jamanetworkopen\/fullarticle\/2830592\" rel=\"nofollow noopener\" target=\"_blank\">nivel educativo y econ\u00f3mico<\/a>, h\u00e1bitos de vida, todo suma. Pero hay un factor que cada vez recibe m\u00e1s atenci\u00f3n por su papel determinante: el sue\u00f1o. Dormir bien, o no hacerlo, puede ser mucho m\u00e1s que una cuesti\u00f3n de descanso.<\/p>\n<p>Durante a\u00f1os, el sue\u00f1o fue visto como un estado pasivo, casi irrelevante. Hoy sabemos que, mientras dormimos, el cerebro trabaja activamente, procesa recuerdos, repara conexiones neuronales y se limpia de desechos t\u00f3xicos. Lo que sucede en esas horas nocturnas es crucial para nuestra salud mental a largo plazo. Dormir mal, por el contrario, tiene consecuencias que van m\u00e1s all\u00e1 del cansancio. De hecho, podr\u00eda estar <strong>abriendo la puerta a enfermedades neurodegenerativas<\/strong> que a\u00fan no sabemos frenar ni comprender.<\/p>\n<p>Qu\u00e9 llega antes: \u00bfel mal descanso o el deterioro cognitivo?<\/p>\n<p>La relaci\u00f3n entre insomnio y deterioro cognitivo no es unidireccional. M\u00faltiples estudios longitudinales y revisiones sistem\u00e1ticas han demostrado que las personas que presentan problemas de sue\u00f1o en la edad adulta tienen un riesgo aumentado de desarrollar alzh\u00e9imer y otras formas de demencia en la vejez. <strong>Dormir mal no es solo una consecuencia del envejecimiento, sino tambi\u00e9n un posible precursor del deterioro neurol\u00f3gico<\/strong>. Las fases m\u00e1s profundas del sue\u00f1o, como el sue\u00f1o de ondas lentas, son esenciales para que el cerebro realice tareas de mantenimiento como la eliminaci\u00f3n de toxinas. No obstante, <a href=\"https:\/\/www.aging-us.com\/article\/202591\/text\" rel=\"nofollow noopener\" target=\"_blank\">no es solo una cuesti\u00f3n de dormir poco<\/a> \u2013que influye\u2013, sino tambi\u00e9n de dormir mal.<\/p>\n<p>A medida que envejecemos, <strong>cambia nuestra arquitectura del sue\u00f1o<\/strong>. Es habitual que las personas mayores tarden m\u00e1s en conciliar el sue\u00f1o, se despierten con frecuencia durante la noche y duerman menos horas en total. Este patr\u00f3n se compensa muchas veces con peque\u00f1as siestas durante el d\u00eda, lo cual puede alterar a\u00fan m\u00e1s el ritmo circadiano y complicar el descanso nocturno. El problema es que, si el sue\u00f1o nocturno se fragmenta, las fases de sue\u00f1o profundo se reducen, y con ellas, la capacidad del cerebro para regenerarse.<\/p>\n<p>Adem\u00e1s, <strong>el deterioro cognitivo en s\u00ed mismo altera la calidad del sue\u00f1o<\/strong>. En personas con demencia, los ritmos circadianos se desajustan y se produce una inversi\u00f3n del ciclo sue\u00f1o-vigilia. Esto significa que est\u00e1n m\u00e1s activas por la noche y somnolientas durante el d\u00eda. Es decir, el deterioro no solo podr\u00eda ser consecuencia de un sue\u00f1o deficiente, sino tambi\u00e9n una causa de este. Las dos realidades, insomnio y deterioro, se agravan mutuamente, dificultando tanto el diagn\u00f3stico como el tratamiento.<\/p>\n<p>Los problemas asociados a la privaci\u00f3n del sue\u00f1o<\/p>\n<p><img fetchpriority=\"high\" decoding=\"async\" width=\"1024\" height=\"576\" src=\"https:\/\/www.europesays.com\/es\/wp-content\/uploads\/2025\/09\/sueno-deterioro-cognitivo-demencia-dormir-siesta-hombre-1024x576.jpg\" alt=\"sueno-deterioro-cognitivo-demencia-dormir-siesta-hombre\" class=\"wp-image-3726437\"  \/>Es habitual que las personas mayores tengan microsiestas a lo largo del d\u00eda en las que compensan la falta de sue\u00f1o nocturno. \u00a9Freepik.<\/p>\n<p><strong>Dormir no es un lujo, es una necesidad fisiol\u00f3gica b\u00e1sica<\/strong>. Igual que una dieta equilibrada o el ejercicio f\u00edsico regular, el sue\u00f1o forma parte de un c\u00edrculo virtuoso que mantiene en equilibrio nuestro organismo. Sin embargo, en el estilo de vida contempor\u00e1neo, con horarios laborales prolongados, exposici\u00f3n constante a pantallas y niveles altos de estr\u00e9s, el descanso suele quedar relegado a un segundo plano. Y las consecuencias se acumulan, incluso cuando no son evidentes de inmediato. Algo de lo que hemos alertado en varias ocasiones en <a href=\"https:\/\/theobjective.com\/\" rel=\"nofollow noopener\" target=\"_blank\">THE OBJECTIVE<\/a>.<\/p>\n<p>La privaci\u00f3n cr\u00f3nica de sue\u00f1o puede provocar alteraciones en el estado de \u00e1nimo, reducci\u00f3n de la capacidad de concentraci\u00f3n, disminuci\u00f3n del rendimiento cognitivo y debilitamiento del sistema inmunol\u00f3gico. <strong>Tambi\u00e9n se ha relacionado con un mayor riesgo de enfermedades cardiovasculares<\/strong>, hipertensi\u00f3n, diabetes tipo 2 y obesidad. <a href=\"https:\/\/medicine.washu.edu\/news\/decreased-deep-sleep-linked-to-early-signs-of-alzheimers-disease\/\" rel=\"nofollow noopener\" target=\"_blank\">En el plano neurol\u00f3gico<\/a>, lo m\u00e1s preocupante es que un descanso insuficiente reduce la eficiencia del sistema glinf\u00e1tico, responsable de eliminar los residuos metab\u00f3licos del cerebro, como las placas de beta-amiloide asociadas al alzh\u00e9imer.<\/p>\n<p>Estos efectos son especialmente graves en personas de edad avanzada, cuyo sistema nervioso ya se encuentra en una fase m\u00e1s vulnerable. Pero no afectan solo a mayores. La evidencia cient\u00edfica sugiere que los <strong>h\u00e1bitos de sue\u00f1o inadecuados durante la mediana edad tambi\u00e9n tienen impacto a largo plazo<\/strong>. La calidad del descanso a los 50 o 60 a\u00f1os puede condicionar la salud cerebral a los 70 o 80. Por eso, cuidar el sue\u00f1o no es una cuesti\u00f3n menor: es una inversi\u00f3n en salud futura.<\/p>\n<p>C\u00f3mo combatir las dos realidades al mismo tiempo<\/p>\n<p>No existe una f\u00f3rmula garantizada para prevenir el deterioro cognitivo, s\u00ed <a href=\"https:\/\/www.alzheimers.org.uk\/about-dementia\/managing-the-risk-of-dementia\/possible-risks-of-dementia\/sleep\" rel=\"nofollow noopener\" target=\"_blank\">sabemos que ciertos h\u00e1bitos pueden reducir el riesgo<\/a>. Tampoco atajos, pero s\u00ed elementos que ayuden. Entre ellos, las rutinas diarias juegan un papel esencial. Mantener horarios regulares, realizar actividades f\u00edsicas moderadas, seguir una dieta equilibrada y mantener relaciones sociales activas no solo benefician al estado general del organismo, sino tambi\u00e9n al cerebro. Estas rutinas contribuyen, adem\u00e1s, a <strong>regular el ciclo sue\u00f1o-vigilia y mejorar la calidad del <a href=\"https:\/\/theobjective.com\/etiqueta\/descanso\/\" rel=\"nofollow noopener\" target=\"_blank\">descanso<\/a><\/strong>.<\/p>\n<p><img loading=\"lazy\" decoding=\"async\" width=\"1024\" height=\"576\" src=\"https:\/\/www.europesays.com\/es\/wp-content\/uploads\/2025\/09\/sueno-deterioro-cognitivo-demencia-dormir-siesta-mujer-cama-1024x576.jpg\" alt=\"sueno-deterioro-cognitivo-demencia-dormir-siesta-mujer-cama\" class=\"wp-image-3726440\"  \/>El buen descanso tambi\u00e9n, en cierto modo, se puede entrenar. \u00a9Freepik.<\/p>\n<p><strong>La higiene del sue\u00f1o es una herramienta sencilla pero poderosa.<\/strong> Consiste en establecer un entorno propicio para dormir: dormitorio oscuro, silencioso y con temperatura adecuada, evitar pantallas antes de acostarse, no consumir <a href=\"https:\/\/theobjective.com\/etiqueta\/cafeina\/\" rel=\"nofollow noopener\" target=\"_blank\">cafe\u00edna<\/a> por la tarde y realizar actividades relajantes antes de dormir. Tambi\u00e9n es recomendable exponerse a la luz natural durante el d\u00eda, ya que esto ayuda a reforzar los ritmos circadianos. Son medidas que pueden parecer simples, pero su efecto acumulativo puede ser notable.<\/p>\n<p>En personas con deterioro cognitivo incipiente o diagnosticado, es <strong>importante no subestimar la influencia del sue\u00f1o en su evoluci\u00f3n<\/strong>. Acompa\u00f1ar el tratamiento m\u00e9dico con estrategias que mejoren el descanso puede aliviar algunos s\u00edntomas y ralentizar el avance del deterioro. Al mismo tiempo, fomentar una buena calidad del sue\u00f1o en personas sanas, especialmente a partir de la mediana edad, deber\u00eda considerarse una prioridad de salud p\u00fablica. No se trata solo de dormir m\u00e1s, sino de dormir mejor. Porque, en \u00faltima instancia, cuidar el sue\u00f1o es cuidar el cerebro.<\/p>\n","protected":false},"excerpt":{"rendered":"En las sociedades occidentales, el deterioro cognitivo se ha convertido en apenas unas d\u00e9cadas en una presencia silenciosa,&hellip;\n","protected":false},"author":2,"featured_media":130941,"comment_status":"","ping_status":"","sticky":false,"template":"","format":"standard","meta":{"footnotes":""},"categories":[92],"tags":[4251,1289,3484,5111,3937,25,24,165,41953,166,23,41954],"class_list":{"0":"post-130940","1":"post","2":"type-post","3":"status-publish","4":"format-standard","5":"has-post-thumbnail","7":"category-salud","8":"tag-bienestar","9":"tag-demencia","10":"tag-descanso","11":"tag-deterioro-cognitivo","12":"tag-dormir","13":"tag-es","14":"tag-espana","15":"tag-health","16":"tag-neurologu00eda","17":"tag-salud","18":"tag-spain","19":"tag-sueu00f1o"},"share_on_mastodon":{"url":"","error":""},"_links":{"self":[{"href":"https:\/\/www.europesays.com\/es\/wp-json\/wp\/v2\/posts\/130940","targetHints":{"allow":["GET"]}}],"collection":[{"href":"https:\/\/www.europesays.com\/es\/wp-json\/wp\/v2\/posts"}],"about":[{"href":"https:\/\/www.europesays.com\/es\/wp-json\/wp\/v2\/types\/post"}],"author":[{"embeddable":true,"href":"https:\/\/www.europesays.com\/es\/wp-json\/wp\/v2\/users\/2"}],"replies":[{"embeddable":true,"href":"https:\/\/www.europesays.com\/es\/wp-json\/wp\/v2\/comments?post=130940"}],"version-history":[{"count":0,"href":"https:\/\/www.europesays.com\/es\/wp-json\/wp\/v2\/posts\/130940\/revisions"}],"wp:featuredmedia":[{"embeddable":true,"href":"https:\/\/www.europesays.com\/es\/wp-json\/wp\/v2\/media\/130941"}],"wp:attachment":[{"href":"https:\/\/www.europesays.com\/es\/wp-json\/wp\/v2\/media?parent=130940"}],"wp:term":[{"taxonomy":"category","embeddable":true,"href":"https:\/\/www.europesays.com\/es\/wp-json\/wp\/v2\/categories?post=130940"},{"taxonomy":"post_tag","embeddable":true,"href":"https:\/\/www.europesays.com\/es\/wp-json\/wp\/v2\/tags?post=130940"}],"curies":[{"name":"wp","href":"https:\/\/api.w.org\/{rel}","templated":true}]}}