{"id":130942,"date":"2025-09-22T03:44:11","date_gmt":"2025-09-22T03:44:11","guid":{"rendered":"https:\/\/www.europesays.com\/es\/130942\/"},"modified":"2025-09-22T03:44:11","modified_gmt":"2025-09-22T03:44:11","slug":"elisa-mouliaa-se-graba-un-video-tras-los-ataques-a-su-fisico-esta-es-mi-cara-habia-engordado-12-kilos-por-los-antidepresivos-20minutos","status":"publish","type":"post","link":"https:\/\/www.europesays.com\/es\/130942\/","title":{"rendered":"Elisa Moulia\u00e1 se graba un v\u00eddeo tras los ataques a su f\u00edsico: &quot;Esta es mi cara. Hab\u00eda engordado 12 kilos por los antidepresivos&quot; &#8211; 20Minutos"},"content":{"rendered":"<ol>\n<li><a href=\"https:\/\/news.google.com\/rss\/articles\/CBMi_AFBVV95cUxPVERUUzlGME5HT0pNZUpfNS1XTjFzeEFubmdIUFNlcFFjbVliR3F4Tml5dzFpY25vblJqVWlRWWplU185VC1Uc1c5VzJCVlQ4RmRhcG4wUDNxU2IwNUQxOXZ4R2NWZU5jSXFxRllESWh2SU5XOGdKRV9ZY2RGUWN5aGNvd3V3aHVJcHR6bk9tQldyN2NFRkhJQ09iOU9xcUZRaXByY1p3YU5aWVRLbDJLTjk1NXB2SDF2SzdVZFVya0hMNzgyOFdGYzBmY29UNDdCWHZ2WXNoMkZuVGlHc2R4YWtZaGt0RHFYN0ZOMXdwOUg4aHRETmVBLWNUV2s?oc=5\" target=\"_blank\" rel=\"nofollow noopener\">Elisa Moulia\u00e1 se graba un v\u00eddeo tras los ataques a su f\u00edsico: \u00abEsta es mi cara. Hab\u00eda engordado 12 kilos por los antidepresivos\u00bb<\/a>&nbsp;&nbsp;20Minutos<\/li>\n<li><a href=\"https:\/\/news.google.com\/rss\/articles\/CBMi6gFBVV95cUxOU05lZHNLT0Uzc1I1SEE5Z1ZoTURaUFh4UXBaeERRTk10bTNrQlgzejlnR3NMUGU2eGRpbHkyaUZ4UEEtWG1FeVNNSFpBdTN4UXEwaV94YmpHc09WODQ1NmNQVElUX0NkbDZVaFZmaE50ZVpDRldNYUo3dVpJUUM5YUxlNERReWkwbTZvUzlKREw0cGlRSkRpQzl1c20zWWxxaTMtR2Q5ZTY4NDVhR1o3Q2ptRlFLTnBaOTI3bmlGeE4yMlk2d3pXZUxFNDlORlUyejBabjRsemkxYXE4bkp2cnB5Mm82RHZ4bWfSAf4BQVVfeXFMTW5mUlY5LU54Sk4zTy1CZm9VLTExbW0wRkotaC1CbXhNc2duSHBva05vZXlULWVYQU5kb2dXLXJ3ZWVOT3UyLWk3Y2s1RmNVb0RBUUYwY2J3ekNIUmNkQldpUzFNb0I4YnhDcjd0ZjJYcTFBOGszdmZUeWV2TGxqajgzVV85bUtMWkVEY2N1STh0VE1UcmZoY0RpcDZacVZvYkJ2NGVxV01YWXl4eElmYkZ5WHA0QWFmN19NSjJRUWpleE9fYVQ4X3FZenJCVHdISDd0akxGeE1VeVk1dldDMFZfMXllbklDYThJZzFiSmY3NTFRQXFSUGU4Vm44S2c?oc=5\" target=\"_blank\" rel=\"nofollow noopener\">Elisa Moulia\u00e1 reaparece y se sincera sobre su cambio f\u00edsico: \u201cHab\u00eda engordado 12 kilos por los antidepresivos<\/a>&nbsp;&nbsp;Diario AS<\/li>\n<li><a href=\"https:\/\/news.google.com\/rss\/articles\/CBMigAJBVV95cUxQMllIUDFnU3NjdW9reVNYVjdpT0xiODNHbFJaeG93a21HV2hzeUJzazFxMk9sRzNhbEEyMnUwdEoxNUN5ajNFb2tlRTU2Y1pXbF9tR2RsNkdicy1pc2hPRnA5SUdscFBoazN0QmUwZnJsbVlwN3pyeHMyM1h3RzBzeXRzWDkxX09VeV9PbkJLV3Jld2NhZ0NyeU9mX25OOTh2YTNvUVBFWExSaUFOeFhXbXlqbWdmYzhmREhfa1Q4LXIyMXNOQXV2M181dDRGRlZ6aHk4YWRQa2cwU2FNUXJVVjVDQ1RCUkhBVmZuOXkxdm1yRGgwQWJ1TE5KOS1ndXlo?oc=5\" target=\"_blank\" rel=\"nofollow noopener\">Elisa Mouli\u00e1a se sincera sobre su cambio f\u00edsico tras el caso Errej\u00f3n: \u201cHab\u00eda engordado 12 kilos por los antidepresivos que estaba tomando\u201d<\/a>&nbsp;&nbsp;Lecturas<\/li>\n<li><a href=\"https:\/\/news.google.com\/rss\/articles\/CBMi-wFBVV95cUxOVTVuRmVCNF9EQUVFUG8zUXVmZUZ4aHplQVk3X3U2MFRNQVFPdmpGR0tEQklPRW1pbXc0VFZodWQtQ3RfNFVyUnN0OVlMaUpLb2NSbnNveVZKd1JvQmNONm5CVXJIUmxFNThPR0RoQy0tWUY1WTYwbjdkc3I4WVRHRWMyWE5kSFY0R1hodXpaNmdXMGVFNmowY2wwSGFZYjN0d3QzZGp2dDcwRXBzdXZwN3VLcXdtWlJieFZuUkk2aWlEejJvS1pPVlZUTl9LRm4xcmF0aFM5aGVxRm10ZC1rVG40UUUtVi12ZnJEZUpEakhPdEhmd1ZuN1A3VdIB5gFBVV95cUxPckFseGM0VEtnVzllU2ZQR1lXNzRyUElURmk0UnZacVJwUUw1b3dhU3U1TFphZUpvNFNDVnh5QUV4cWV2bjN5RUdGeHNGdWdWbUhtM2JTZEg2SVFENHBQSE1VSldlX2V5TGZpN2dOd0RSZlg4S2J1eGRQM0pfQUFxOFM5bnotNDV0Z3FyMkJYeDFhMGV2U3huLU1XTXFoRE9HOWhWMnJCZ20taVZBVjlIX0x6VW9JZW9oSm0zU3FWdVZWdk1sNlo4ZUl3Nl9meE5KUG5ZSXRiaVZrMkxEWmdlSjAxajI5Zw?oc=5\" target=\"_blank\" rel=\"nofollow noopener\">Elisa Moulia\u00e1 responde a las cr\u00edticas que ha recibido por su cambio f\u00edsico: \u00abEngord\u00e9 12 kilos\u00bb<\/a>&nbsp;&nbsp;El Economista<\/li>\n<li><a href=\"https:\/\/news.google.com\/rss\/articles\/CBMi8gFBVV95cUxPNllaZThKNmJ6cGFVREVkLWNMdkZvMWJ3NWwxVjZTajZ4bGVhdzVEcUxvaktrNGhuemw3cG8xX3c3LVE4MEpObnV3dU9sZUlXTEJEelJ4WktwQy1oS2lvYTVkeENxczBjUnVMVEVHV3kwMlpiV0NUOHdRM0NjM3FxQUVOd0JOMFpjSXhfSVE1MTdMU0d6VDBWT1hZSWN2MDlXYW5QWU9oc1FwNHEtREpmUEJuTENEWFlYVHhlN1ZEdFZGbmZHY2hyRGhRUDR3ODlNWGdieW5hQ3VKOGZiRXdCRFVVQUdxcjJ0NWp6Y0hSU2k5d9IBhgJBVV95cUxQeHdUY01pQVdLaGt3eFJEZW1ZYVdBa2hXcThEVk5iSkV0QjRkQ0NxZW92NHI2cGxrR0NtenJ4dV8wM2tvbWI5M1FBMWUyUk1qOU9JeUs0Y3l3X0w4Y3ZOTEpIM1dFYzAwd0VabUlEc2dzTGt4RW42V1hRWFkwaERBWDNIeFlMcWlVN1dWZjRtWTJIcncwd2V3ZkhibFFJV2JiZ1diY2ZtSmZqOXQzT3lXWnZCckN3S0xZVkFPVXJTaVNBdURhSGpvLUdiaW4tNXozN3dGY2sxa3FUMVNCLTh2MWw0UXEyTUJxdXl6OGliNk9pT2x2MTV6eHhQMHVNVmZJR3liT2J3?oc=5\" target=\"_blank\" rel=\"nofollow noopener\">Elisa Moulia\u00e1 sorprende con su nueva imagen: \u00abEngord\u00e9 12 kilos por los antidepresivos tras demandar a Err<\/a>&nbsp;&nbsp;La Raz\u00f3n<\/li>\n<\/ol>\n","protected":false},"excerpt":{"rendered":"Elisa Moulia\u00e1 se graba un v\u00eddeo tras los ataques a su f\u00edsico: \u00abEsta es mi cara. Hab\u00eda engordado&hellip;\n","protected":false},"author":2,"featured_media":128102,"comment_status":"","ping_status":"","sticky":false,"template":"","format":"standard","meta":{"footnotes":""},"categories":[91],"tags":[146,147,25,24,23],"class_list":{"0":"post-130942","1":"post","2":"type-post","3":"status-publish","4":"format-standard","5":"has-post-thumbnail","7":"category-entretenimiento","8":"tag-entertainment","9":"tag-entretenimiento","10":"tag-es","11":"tag-espana","12":"tag-spain"},"share_on_mastodon":{"url":"","error":""},"_links":{"self":[{"href":"https:\/\/www.europesays.com\/es\/wp-json\/wp\/v2\/posts\/130942","targetHints":{"allow":["GET"]}}],"collection":[{"href":"https:\/\/www.europesays.com\/es\/wp-json\/wp\/v2\/posts"}],"about":[{"href":"https:\/\/www.europesays.com\/es\/wp-json\/wp\/v2\/types\/post"}],"author":[{"embeddable":true,"href":"https:\/\/www.europesays.com\/es\/wp-json\/wp\/v2\/users\/2"}],"replies":[{"embeddable":true,"href":"https:\/\/www.europesays.com\/es\/wp-json\/wp\/v2\/comments?post=130942"}],"version-history":[{"count":0,"href":"https:\/\/www.europesays.com\/es\/wp-json\/wp\/v2\/posts\/130942\/revisions"}],"wp:featuredmedia":[{"embeddable":true,"href":"https:\/\/www.europesays.com\/es\/wp-json\/wp\/v2\/media\/128102"}],"wp:attachment":[{"href":"https:\/\/www.europesays.com\/es\/wp-json\/wp\/v2\/media?parent=130942"}],"wp:term":[{"taxonomy":"category","embeddable":true,"href":"https:\/\/www.europesays.com\/es\/wp-json\/wp\/v2\/categories?post=130942"},{"taxonomy":"post_tag","embeddable":true,"href":"https:\/\/www.europesays.com\/es\/wp-json\/wp\/v2\/tags?post=130942"}],"curies":[{"name":"wp","href":"https:\/\/api.w.org\/{rel}","templated":true}]}}