{"id":130945,"date":"2025-09-22T03:46:07","date_gmt":"2025-09-22T03:46:07","guid":{"rendered":"https:\/\/www.europesays.com\/es\/130945\/"},"modified":"2025-09-22T03:46:07","modified_gmt":"2025-09-22T03:46:07","slug":"movistar-masorange-y-vodafone-lanzan-ofertas-temerarias-para-atraer-clientes-de-digi-empresas","status":"publish","type":"post","link":"https:\/\/www.europesays.com\/es\/130945\/","title":{"rendered":"Movistar, MasOrange y Vodafone lanzan ofertas temerarias para atraer clientes de Digi | Empresas"},"content":{"rendered":"<p class=\"\">\u201cTodos contra Digi\u201d. Ese parece ser el lema que han adoptado los tres grandes operadores para combatir <a href=\"https:\/\/cincodias.elpais.com\/companias\/2025-07-19\/las-tres-grandes-telecos-perdieron-cuota-e-ingresos-en-2024-frente-a-la-pujanza-de-digi.html\" rel=\"nofollow noopener\" target=\"_blank\">la expansi\u00f3n imparable del operador rumano que est\u00e1 arrasando en el mercado espa\u00f1ol de las telecomunicaciones<\/a> con sus planes de tarifas simples y baratas. Movistar, MasOrange y Vodafone est\u00e1n lanzando promociones con fuertes descuentos, a veces temerarios de hasta el 65%, dirigidas espec\u00edficamente a clientes de Digi. <\/p>\n<p class=\"\">Para ello, les basta con detectar que el cliente est\u00e1 conectado desde una direcci\u00f3n IP de Digi, por lo que autom\u00e1ticamente le salta la oferta que no est\u00e1 disponible para los abonados del resto de compa\u00f1\u00edas. Las promociones dirigidas espec\u00edficamente a un tipo de clientes son comunes y legales entre todas las empresas del sector, y se aplica tambi\u00e9n en otras \u00e1reas como los hoteles y los viajes. Se trata de las llamadas \u201cofertas privadas\u201d o \u201csecretas\u201d dirigidas a un colectivo muy determinado por lo que, generalmente, tienen una validez muy corta, de unos d\u00edas o apenas dos semanas, y se concentran en fechas claves como la campa\u00f1a de Navidad o la vuelta del verano.<\/p>\n<p class=\"\">En el caso de las telecomunicaciones, se llevan aplicando desde hace a\u00f1os pero nunca con la intensidad y la generalidad de ahora. De hecho, en este mes de septiembre, los tres grandes operadores tienen activas promociones antiDigi y, en alg\u00fan caso, a trav\u00e9s de varias de sus marcas. Otra de las novedades que <a href=\"https:\/\/cincodias.elpais.com\/companias\/2025-05-15\/digi-tritura-a-sus-rivales-factura-un-22-y-gana-630000-clientes-en-tres-meses.html\" rel=\"nofollow noopener\" target=\"_blank\">prueba la encarnizada lucha del mercado de telecomunicaciones espa\u00f1ol<\/a> es que, por primera vez, Digi est\u00e1 respondiendo a esta ofensiva de sus rivales, realizando contraofertas a los clientes de mayor valor que amenazan con cambiarse de compa\u00f1\u00eda. <\/p>\n<p class=\"\">La raz\u00f3n de esta ofensiva general contra Digi es que el operador rumano sigue arrebatando miles de clientes a sus rivales por el procedimiento de la portabilidad, que permite cambiar de compa\u00f1\u00eda conservando el n\u00famero de tel\u00e9fono. En el primer semestre del a\u00f1o, acumula m\u00e1s de 533.000 portabilidades netas (l\u00edneas ganadas menos l\u00edneas perdidas), r\u00e9cord hist\u00f3rico en ese periodo y un 6% m\u00e1s que en 2024. En conjunto, sumando portabilidades y nuevas altas, Digi acumula 1.222.000 clientes durante los seis primeros meses del a\u00f1o, y cuenta ya con una base total de 9.660.000 l\u00edneas a cierre del pasado mes de junio, un 29% m\u00e1s en relaci\u00f3n con el a\u00f1o anterior.<\/p>\n<p class=\"\">Hasta ahora, Digi ignoraba estas maniobras de sus rivales. Pero ante el furor de la ofensiva ha empezado a reaccionar contraofertando a los clientes que amenazan con irse a otras compa\u00f1\u00edas. El problema que tiene el operador rumano es que, al ser sus tarifas en origen tan bajas, apenas tiene margen comercial, por lo que cualquier descuento adicional puede suponerle p\u00e9rdidas al no cubrir los costes. Oficialmente la compa\u00f1\u00eda se limita a responder que sigue aplicando \u201cuna pol\u00edtica de precios transparentes con los clientes, siendo estos precios que contratan los que despu\u00e9s se reflejan en su factura, sin sorpresas\u201d. \u201cNuestros clientes son usuarios exigentes que est\u00e1n acostumbrados a valorar varias opciones y tenemos toda la confianza en que la propuesta valor de Digi se ajusta a sus necesidades\u201d, se\u00f1ala una portavoz oficial. <\/p>\n<p>Ofertas con fuertes descuentos <\/p>\n<p class=\"\">Como ejemplo de esa t\u00e1ctica comercial, Movistar ha lanzado una oferta este mes de septiembre que permite a los clientes de Digi contratar una tarifa por 45 euros durante los primeros 12 meses que incluye fibra con 600 Mbps, router Smart WiFi 6, dos l\u00edneas m\u00f3viles 5G+ (60 GB con llamadas ilimitadas y 5 GB con llamadas a 0 c\u00e9ntimos el minuto), pack Todo el f\u00fatbol, pack Cine y series Ficci\u00f3n Total y m\u00e1s de 80 canales de televisi\u00f3n en Movistar Plus+. El precio original es 134 euros al mes, por lo que se aplica una rebaja del 65% durante el primer a\u00f1o. <\/p>\n<p class=\"\">M\u00e1sM\u00f3vil, marca de MasOrange, ofrece a los clientes de la operadora de origen rumano un paquete de fibra con 500 Mbps, dos l\u00edneas m\u00f3viles 5G con 50 GB a compartir por 19,90 euros al mes durante el primer a\u00f1o. El precio original es de 34,90 euros, por lo que se aplica un descuento del 43% (15 euros al mes) para los nuevos clientes de Digi, aunque en este caso se exige permanencia de 12 meses.<\/p>\n<p class=\"\">Tambi\u00e9n del portafolio de marcas de MasOrange, Yoigo oferta fibra de 600 Mbps, dos l\u00edneas m\u00f3viles ilimitadas, Yoigo TV con m\u00e1s de 90 canales y Netflix con el plan est\u00e1ndar con anuncios por 35 euros durante 12 meses, frente al precio de 70 euros; es decir, una rebaja del 50%. <\/p>\n<p class=\"\">Dentro del cat\u00e1logo de Vodafone hay dos planes disponibles. La primera oferta es de fibra y m\u00f3vil con 1 Gbps y l\u00ednea m\u00f3vil ilimitada a velocidad 5G por 20 euros al mes (en lugar de pagar 60 euros mensuales y permanencia de 12 meses). La segunda es de solo m\u00f3vil con datos ilimitados a velocidad 5G por cinco euros al mes (en lugar de 30 euros mensuales).<\/p>\n<p class=\"\">La ofensiva de <a href=\"https:\/\/cincodias.elpais.com\/companias\/2025-05-06\/vodafone-refuerza-su-linea-low-cost-con-la-apertura-de-tiendas-propias-de-lowi.html\" rel=\"nofollow noopener\" target=\"_blank\">Vodafone tambi\u00e9n incluye a Lowi, su marca low cost<\/a> con dos ofertas dirigidas a clientes de Digi: m\u00f3vil con 300 Mbps por cinco euros al mes (el precio original son 20 euros) y fibra con un Gbps y m\u00f3vil de 300 GB por 20 euros (42 euros al mes como coste original). <\/p>\n","protected":false},"excerpt":{"rendered":"\u201cTodos contra Digi\u201d. Ese parece ser el lema que han adoptado los tres grandes operadores para combatir la&hellip;\n","protected":false},"author":2,"featured_media":130946,"comment_status":"","ping_status":"","sticky":false,"template":"","format":"standard","meta":{"footnotes":""},"categories":[80],"tags":[82,41955,95,94,2308,25,24,13913,303,23,41957,41956,6538,11863],"class_list":{"0":"post-130945","1":"post","2":"type-post","3":"status-publish","4":"format-standard","5":"has-post-thumbnail","7":"category-economia","8":"tag-business","9":"tag-digi-mobil","10":"tag-economia","11":"tag-economy","12":"tag-empresas","13":"tag-es","14":"tag-espana","15":"tag-masorange","16":"tag-movistar","17":"tag-spain","18":"tag-tarifas-internet","19":"tag-tarifas-telefono","20":"tag-telecomunicaciones","21":"tag-vodafone"},"share_on_mastodon":{"url":"","error":""},"_links":{"self":[{"href":"https:\/\/www.europesays.com\/es\/wp-json\/wp\/v2\/posts\/130945","targetHints":{"allow":["GET"]}}],"collection":[{"href":"https:\/\/www.europesays.com\/es\/wp-json\/wp\/v2\/posts"}],"about":[{"href":"https:\/\/www.europesays.com\/es\/wp-json\/wp\/v2\/types\/post"}],"author":[{"embeddable":true,"href":"https:\/\/www.europesays.com\/es\/wp-json\/wp\/v2\/users\/2"}],"replies":[{"embeddable":true,"href":"https:\/\/www.europesays.com\/es\/wp-json\/wp\/v2\/comments?post=130945"}],"version-history":[{"count":0,"href":"https:\/\/www.europesays.com\/es\/wp-json\/wp\/v2\/posts\/130945\/revisions"}],"wp:featuredmedia":[{"embeddable":true,"href":"https:\/\/www.europesays.com\/es\/wp-json\/wp\/v2\/media\/130946"}],"wp:attachment":[{"href":"https:\/\/www.europesays.com\/es\/wp-json\/wp\/v2\/media?parent=130945"}],"wp:term":[{"taxonomy":"category","embeddable":true,"href":"https:\/\/www.europesays.com\/es\/wp-json\/wp\/v2\/categories?post=130945"},{"taxonomy":"post_tag","embeddable":true,"href":"https:\/\/www.europesays.com\/es\/wp-json\/wp\/v2\/tags?post=130945"}],"curies":[{"name":"wp","href":"https:\/\/api.w.org\/{rel}","templated":true}]}}